{"id":61299,"date":"2025-04-03T00:07:47","date_gmt":"2025-04-03T00:07:47","guid":{"rendered":"https:\/\/www.bitacoracdmx.com\/?p=61299"},"modified":"2025-04-03T00:07:49","modified_gmt":"2025-04-03T00:07:49","slug":"juanes-celebra-otro-sold-out-para-el-proximo-concierto-en-el-auditorio-nacional-de-cdmx","status":"publish","type":"post","link":"https:\/\/www.bitacoracdmx.com\/?p=61299","title":{"rendered":"Juanes celebra otro Sold Out para el pr\u00f3ximo concierto en el Auditorio Nacional de CDMX\u00a0"},"content":{"rendered":"\n<p><\/p>\n\n\n\n<p>Por: Denisse Ure\u00f1a \/ <a href=\"https:\/\/www.instagram.com\/denisseure_\/\">@denisseure_<\/a><\/p>\n\n\n\n<p>Tras el anuncio de una nueva presentaci\u00f3n musical para este 5 de abril en el Auditorio Nacional de la Ciudad de M\u00e9xico, el cantautor colombiano Juanes anuncia una vez m\u00e1s un completo SOLD OUT en la fecha del 2025 m\u00e1s esperada por los fan\u00e1ticos del rock en espa\u00f1ol.<\/p>\n\n\n\n<p>Luego de una triunfal presentaci\u00f3n el pasado 19 de octubre por la gira \u201cVida cotidiana\u201d por el aclamado exponente del pop y rock en espa\u00f1ol, Juanes marc\u00f3 su poderosa influencia con otra fecha en la capital del pa\u00eds mexicano donde agot\u00f3 boletos para otro Auditorio Nacional.<\/p>\n\n\n\n<p>Con un SOLD OUT consecutivo, el int\u00e9rprete de \u201cA Dios le pido\u201d promete una noche inolvidable con el show que abrir\u00e1 paso al recuerdo de canciones ic\u00f3nicas como \u201cVolverte a ver\u201d as\u00ed como \u201cMala gente\u201d sin olvidar los recientes sencillos de su d\u00e9cimo \u00e1lbum \u201cVida Cotidiana\u201d.<\/p>\n\n\n\n<p>El pr\u00f3ximo 5 de abril 2025 abrir\u00e1 un show especial para corear con gran sentimiento los \u00e9xitos de Juanes que alcanzaron las primeras posiciones en las listas globales de \u00e9xitos musicales para llevar ritmos en\u00e9rgicos que han resonado m\u00e1s all\u00e1 de las fronteras de Colombia y Latinoam\u00e9rica.<\/p>\n\n\n\n<p><a href=\"https:\/\/www.facebook.com\/hashtag\/juanes?__eep__=6&amp;__cft__[0]=AZWeE4C7KveTfAA2qbeVWisT159EBXaN8lq5v0wRNsaLOifKlNTAfMvBpDgN5u9n4bs3kuNR8IdbASXgX0kqSGzzO6CwFpFOEjHKkygJMjhHSujrKQHc0wyIvi7nP9crRkAalb_JhOO98LuVryQDYDa9ZC39K6f62FsQ5g79O6LkMw&amp;__tn__=*NK-R\">#Juanes<\/a><\/p>\n\n\n\n<p><a href=\"https:\/\/www.facebook.com\/hashtag\/auditorionacional?__eep__=6&amp;__cft__[0]=AZWeE4C7KveTfAA2qbeVWisT159EBXaN8lq5v0wRNsaLOifKlNTAfMvBpDgN5u9n4bs3kuNR8IdbASXgX0kqSGzzO6CwFpFOEjHKkygJMjhHSujrKQHc0wyIvi7nP9crRkAalb_JhOO98LuVryQDYDa9ZC39K6f62FsQ5g79O6LkMw&amp;__tn__=*NK-R\">#AuditorioNacional<\/a><\/p>\n\n\n\n<p><a href=\"https:\/\/www.facebook.com\/hashtag\/ocesa?__eep__=6&amp;__cft__[0]=AZWeE4C7KveTfAA2qbeVWisT159EBXaN8lq5v0wRNsaLOifKlNTAfMvBpDgN5u9n4bs3kuNR8IdbASXgX0kqSGzzO6CwFpFOEjHKkygJMjhHSujrKQHc0wyIvi7nP9crRkAalb_JhOO98LuVryQDYDa9ZC39K6f62FsQ5g79O6LkMw&amp;__tn__=*NK-R\">#OCESA<\/a><\/p>\n\n\n\n<p><a href=\"https:\/\/www.facebook.com\/hashtag\/ticketmaster?__eep__=6&amp;__cft__[0]=AZWeE4C7KveTfAA2qbeVWisT159EBXaN8lq5v0wRNsaLOifKlNTAfMvBpDgN5u9n4bs3kuNR8IdbASXgX0kqSGzzO6CwFpFOEjHKkygJMjhHSujrKQHc0wyIvi7nP9crRkAalb_JhOO98LuVryQDYDa9ZC39K6f62FsQ5g79O6LkMw&amp;__tn__=*NK-R\">#Ticketmaster<\/a><\/p>\n\n\n\n<p><a href=\"https:\/\/www.facebook.com\/hashtag\/bitacoracdmx?__eep__=6&amp;__cft__[0]=AZWeE4C7KveTfAA2qbeVWisT159EBXaN8lq5v0wRNsaLOifKlNTAfMvBpDgN5u9n4bs3kuNR8IdbASXgX0kqSGzzO6CwFpFOEjHKkygJMjhHSujrKQHc0wyIvi7nP9crRkAalb_JhOO98LuVryQDYDa9ZC39K6f62FsQ5g79O6LkMw&amp;__tn__=*NK-R\">#bitacoracdmx<\/a><\/p>\n\n\n\n<p><a href=\"https:\/\/www.facebook.com\/hashtag\/cdmx?__eep__=6&amp;__cft__[0]=AZWeE4C7KveTfAA2qbeVWisT159EBXaN8lq5v0wRNsaLOifKlNTAfMvBpDgN5u9n4bs3kuNR8IdbASXgX0kqSGzzO6CwFpFOEjHKkygJMjhHSujrKQHc0wyIvi7nP9crRkAalb_JhOO98LuVryQDYDa9ZC39K6f62FsQ5g79O6LkMw&amp;__tn__=*NK-R\">#CDMX<\/a><\/p>\n","protected":false},"excerpt":{"rendered":"<p>Por: Denisse Ure\u00f1a \/ @denisseure_ Tras el anuncio de una nueva presentaci\u00f3n musical para este 5 de abril en el Auditorio Nacional de la Ciudad de M\u00e9xico, el cantautor colombiano Juanes anuncia una vez m\u00e1s un completo SOLD OUT en la fecha del 2025 m\u00e1s esperada por los fan\u00e1ticos del rock en espa\u00f1ol. Luego de una triunfal presentaci\u00f3n el pasado 19 de octubre por la gira \u201cVida cotidiana\u201d por el aclamado exponente del pop y rock en espa\u00f1ol, Juanes marc\u00f3 su poderosa influencia con otra fecha en la capital del pa\u00eds mexicano donde agot\u00f3 boletos para otro Auditorio Nacional. Con [&hellip;]<\/p>\n","protected":false},"author":1,"featured_media":61300,"comment_status":"closed","ping_status":"closed","sticky":false,"template":"","format":"standard","meta":{"footnotes":""},"categories":[9,11],"tags":[],"_links":{"self":[{"href":"https:\/\/www.bitacoracdmx.com\/index.php?rest_route=\/wp\/v2\/posts\/61299"}],"collection":[{"href":"https:\/\/www.bitacoracdmx.com\/index.php?rest_route=\/wp\/v2\/posts"}],"about":[{"href":"https:\/\/www.bitacoracdmx.com\/index.php?rest_route=\/wp\/v2\/types\/post"}],"author":[{"embeddable":true,"href":"https:\/\/www.bitacoracdmx.com\/index.php?rest_route=\/wp\/v2\/users\/1"}],"replies":[{"embeddable":true,"href":"https:\/\/www.bitacoracdmx.com\/index.php?rest_route=%2Fwp%2Fv2%2Fcomments&post=61299"}],"version-history":[{"count":1,"href":"https:\/\/www.bitacoracdmx.com\/index.php?rest_route=\/wp\/v2\/posts\/61299\/revisions"}],"predecessor-version":[{"id":61301,"href":"https:\/\/www.bitacoracdmx.com\/index.php?rest_route=\/wp\/v2\/posts\/61299\/revisions\/61301"}],"wp:featuredmedia":[{"embeddable":true,"href":"https:\/\/www.bitacoracdmx.com\/index.php?rest_route=\/wp\/v2\/media\/61300"}],"wp:attachment":[{"href":"https:\/\/www.bitacoracdmx.com\/index.php?rest_route=%2Fwp%2Fv2%2Fmedia&parent=61299"}],"wp:term":[{"taxonomy":"category","embeddable":true,"href":"https:\/\/www.bitacoracdmx.com\/index.php?rest_route=%2Fwp%2Fv2%2Fcategories&post=61299"},{"taxonomy":"post_tag","embeddable":true,"href":"https:\/\/www.bitacoracdmx.com\/index.php?rest_route=%2Fwp%2Fv2%2Ftags&post=61299"}],"curies":[{"name":"wp","href":"https:\/\/api.w.org\/{rel}","templated":true}]}}