{"id":61305,"date":"2025-04-03T00:31:14","date_gmt":"2025-04-03T00:31:14","guid":{"rendered":"https:\/\/www.bitacoracdmx.com\/?p=61305"},"modified":"2025-04-03T00:31:17","modified_gmt":"2025-04-03T00:31:17","slug":"banda-cuisillos-por-primera-vez-en-la-arena-cdmx","status":"publish","type":"post","link":"https:\/\/www.bitacoracdmx.com\/?p=61305","title":{"rendered":"BANDA CUISILLOS por primera vez en la Arena CDMX\u00a0"},"content":{"rendered":"\n<p><\/p>\n\n\n\n<p>REDACCI\u00d3N<\/p>\n\n\n\n<p>ARENA CDMX 02 AGOSTO 2025 21:00 HRS.<\/p>\n\n\n\n<p>\u00a1Una de las agrupaciones m\u00e1s emblem\u00e1ticas del regional mexicano est\u00e1 lista para hacer historia!<\/p>\n\n\n\n<p>As\u00ed es, la BANDA CUISILLOS, con m\u00e1s de 38 a\u00f1os de trayectoria, llega por primera vez a la ic\u00f3nica Arena CDMX para presentar su tan esperado espect\u00e1culo El gran ritual, un show completamente renovado que promete emocionar a sus fieles seguidores.<\/p>\n\n\n\n<p>La cita es el pr\u00f3ximo s\u00e1bado 02 de agosto de 2025, donde la BANDA CUISILLOS subir\u00e1 al escenario de este imponente recinto con la intenci\u00f3n de hacer de este evento un hito de su carrera, la cual reunir\u00e1 a miles de fan\u00e1ticos capitalinos para disfrutar de este magno concierto que marcar\u00e1 un antes y un despu\u00e9s en la historia de la agrupaci\u00f3n.<\/p>\n\n\n\n<p>La emoci\u00f3n crece mientras se acercan los detalles de esta gran presentaci\u00f3n, que ser\u00e1 un reflejo del esfuerzo y dedicaci\u00f3n de una banda que ha sido parte fundamental del panorama musical mexicano.<\/p>\n\n\n\n<p>Prep\u00e1rate para vivir una experiencia \u00fanica con la BANDA CUISILLOS, Los Grandes Jefes de la M\u00fasica, en su esperada primera presentaci\u00f3n en la Arena CDMX este pr\u00f3ximo 02 de agosto.<\/p>\n\n\n\n<p>Informaci\u00f3n General<\/p>\n\n\n\n<p>Arena CDMX:<\/p>\n\n\n\n<p>&#8211; Venta al p\u00fablico en general: a partir del viernes 04 de abril a las 10 am. a trav\u00e9s del sistema www.superboletos.com, en taquillas de la Arena CDMX, El Palacio de Hierro y Soriana.<\/p>\n\n\n\n<p><a href=\"https:\/\/www.facebook.com\/hashtag\/bandacuisillos?__eep__=6&amp;__cft__[0]=AZXwn_e9vqSYhNV_MHMsZoZKmUbn5YjYr14c3SdP1Ni8C14eUSTOFa7x6zKT5sHw_AFMwy3ui0YNig5BZ946S2pW01yLX8briIlNn1XWVR-2VBHiPSkipel9XwYH6M7UxQ_bFBTwQdChAaC1-Ug9tDMLH9wocK2Mj1q8pgzaW2kfqw&amp;__tn__=*NK-R\">#BandaCuisillos<\/a><\/p>\n\n\n\n<p><a href=\"https:\/\/www.facebook.com\/hashtag\/arenacdmx?__eep__=6&amp;__cft__[0]=AZXwn_e9vqSYhNV_MHMsZoZKmUbn5YjYr14c3SdP1Ni8C14eUSTOFa7x6zKT5sHw_AFMwy3ui0YNig5BZ946S2pW01yLX8briIlNn1XWVR-2VBHiPSkipel9XwYH6M7UxQ_bFBTwQdChAaC1-Ug9tDMLH9wocK2Mj1q8pgzaW2kfqw&amp;__tn__=*NK-R\">#ArenaCDMX<\/a><\/p>\n\n\n\n<p><a href=\"https:\/\/www.facebook.com\/hashtag\/zignialive?__eep__=6&amp;__cft__[0]=AZXwn_e9vqSYhNV_MHMsZoZKmUbn5YjYr14c3SdP1Ni8C14eUSTOFa7x6zKT5sHw_AFMwy3ui0YNig5BZ946S2pW01yLX8briIlNn1XWVR-2VBHiPSkipel9XwYH6M7UxQ_bFBTwQdChAaC1-Ug9tDMLH9wocK2Mj1q8pgzaW2kfqw&amp;__tn__=*NK-R\">#zignialive<\/a><\/p>\n\n\n\n<p><a href=\"https:\/\/www.facebook.com\/hashtag\/superboletos?__eep__=6&amp;__cft__[0]=AZXwn_e9vqSYhNV_MHMsZoZKmUbn5YjYr14c3SdP1Ni8C14eUSTOFa7x6zKT5sHw_AFMwy3ui0YNig5BZ946S2pW01yLX8briIlNn1XWVR-2VBHiPSkipel9XwYH6M7UxQ_bFBTwQdChAaC1-Ug9tDMLH9wocK2Mj1q8pgzaW2kfqw&amp;__tn__=*NK-R\">#Superboletos<\/a><\/p>\n\n\n\n<p><a href=\"https:\/\/www.facebook.com\/hashtag\/bitacoracdmx?__eep__=6&amp;__cft__[0]=AZXwn_e9vqSYhNV_MHMsZoZKmUbn5YjYr14c3SdP1Ni8C14eUSTOFa7x6zKT5sHw_AFMwy3ui0YNig5BZ946S2pW01yLX8briIlNn1XWVR-2VBHiPSkipel9XwYH6M7UxQ_bFBTwQdChAaC1-Ug9tDMLH9wocK2Mj1q8pgzaW2kfqw&amp;__tn__=*NK-R\">#bitacoracdmx<\/a><\/p>\n\n\n\n<p><a href=\"https:\/\/www.facebook.com\/hashtag\/cdmx?__eep__=6&amp;__cft__[0]=AZXwn_e9vqSYhNV_MHMsZoZKmUbn5YjYr14c3SdP1Ni8C14eUSTOFa7x6zKT5sHw_AFMwy3ui0YNig5BZ946S2pW01yLX8briIlNn1XWVR-2VBHiPSkipel9XwYH6M7UxQ_bFBTwQdChAaC1-Ug9tDMLH9wocK2Mj1q8pgzaW2kfqw&amp;__tn__=*NK-R\">#CDMX<\/a><\/p>\n","protected":false},"excerpt":{"rendered":"<p>REDACCI\u00d3N ARENA CDMX 02 AGOSTO 2025 21:00 HRS. \u00a1Una de las agrupaciones m\u00e1s emblem\u00e1ticas del regional mexicano est\u00e1 lista para hacer historia! As\u00ed es, la BANDA CUISILLOS, con m\u00e1s de 38 a\u00f1os de trayectoria, llega por primera vez a la ic\u00f3nica Arena CDMX para presentar su tan esperado espect\u00e1culo El gran ritual, un show completamente renovado que promete emocionar a sus fieles seguidores. La cita es el pr\u00f3ximo s\u00e1bado 02 de agosto de 2025, donde la BANDA CUISILLOS subir\u00e1 al escenario de este imponente recinto con la intenci\u00f3n de hacer de este evento un hito de su carrera, la cual [&hellip;]<\/p>\n","protected":false},"author":1,"featured_media":61306,"comment_status":"closed","ping_status":"closed","sticky":false,"template":"","format":"standard","meta":{"footnotes":""},"categories":[9,11],"tags":[],"_links":{"self":[{"href":"https:\/\/www.bitacoracdmx.com\/index.php?rest_route=\/wp\/v2\/posts\/61305"}],"collection":[{"href":"https:\/\/www.bitacoracdmx.com\/index.php?rest_route=\/wp\/v2\/posts"}],"about":[{"href":"https:\/\/www.bitacoracdmx.com\/index.php?rest_route=\/wp\/v2\/types\/post"}],"author":[{"embeddable":true,"href":"https:\/\/www.bitacoracdmx.com\/index.php?rest_route=\/wp\/v2\/users\/1"}],"replies":[{"embeddable":true,"href":"https:\/\/www.bitacoracdmx.com\/index.php?rest_route=%2Fwp%2Fv2%2Fcomments&post=61305"}],"version-history":[{"count":1,"href":"https:\/\/www.bitacoracdmx.com\/index.php?rest_route=\/wp\/v2\/posts\/61305\/revisions"}],"predecessor-version":[{"id":61307,"href":"https:\/\/www.bitacoracdmx.com\/index.php?rest_route=\/wp\/v2\/posts\/61305\/revisions\/61307"}],"wp:featuredmedia":[{"embeddable":true,"href":"https:\/\/www.bitacoracdmx.com\/index.php?rest_route=\/wp\/v2\/media\/61306"}],"wp:attachment":[{"href":"https:\/\/www.bitacoracdmx.com\/index.php?rest_route=%2Fwp%2Fv2%2Fmedia&parent=61305"}],"wp:term":[{"taxonomy":"category","embeddable":true,"href":"https:\/\/www.bitacoracdmx.com\/index.php?rest_route=%2Fwp%2Fv2%2Fcategories&post=61305"},{"taxonomy":"post_tag","embeddable":true,"href":"https:\/\/www.bitacoracdmx.com\/index.php?rest_route=%2Fwp%2Fv2%2Ftags&post=61305"}],"curies":[{"name":"wp","href":"https:\/\/api.w.org\/{rel}","templated":true}]}}