{"id":61473,"date":"2025-09-03T04:25:18","date_gmt":"2025-09-03T04:25:18","guid":{"rendered":"https:\/\/www.bitacoracdmx.com\/?p=61473"},"modified":"2025-09-03T04:25:20","modified_gmt":"2025-09-03T04:25:20","slug":"remmy-valenzuela-anuncia-concierto-en-arena-cdmx","status":"publish","type":"post","link":"https:\/\/www.bitacoracdmx.com\/?p=61473","title":{"rendered":"REMMY VALENZUELA anuncia CONCIERTO en ARENA CDMX"},"content":{"rendered":"\n<p><\/p>\n\n\n\n<p>REDACCI\u00d3N<\/p>\n\n\n\n<p><em>*Se presenta en la Arena CDMX el 12 de septiembre en punto de las 21:00 hrs<\/em><\/p>\n\n\n\n<p><em>*Boletos a la venta en el Sistema Superboletos y en taquillas del inmueble<\/em><\/p>\n\n\n\n<p>El fen\u00f3meno musical sinaloense Remmy Valenzuela prepara un espectacular regreso a los escenarios de la Ciudad de M\u00e9xico luego del anuncio de su concierto a celebrarse en la Arena CDMX el 12 de septiembre. Considerado uno de los m\u00e1ximos exponentes del regional mexicano contempor\u00e1neo, el artista conocido como &#8220;El Pr\u00edncipe del Acorde\u00f3n&#8221; vuelve a demostrar por qu\u00e9 es uno de los int\u00e9rpretes m\u00e1s solicitados del momento, con un recital que recorrer\u00e1 todos sus \u00e9xitos que lo han consagrado como uno de los m\u00e1s grandes.<\/p>\n\n\n\n<p>Este concierto marca un momento crucial en la carrera de Valenzuela, quien despu\u00e9s de agotar localidades en el Auditorio Nacional el a\u00f1o pasado, ahora est\u00e1 llevando su espect\u00e1culo a m\u00faltiples plazas del pa\u00eds. El broche de oro de esta extensa gira nacional llegar\u00e1 el 12 de septiembre, cuando Remmy Valenzuela se presente en la Arena CDMX, en lo que promete ser una de las noches m\u00e1s memorables de su carrera. Esta fecha le permitir\u00e1 consolidar su \u00e9xito ante el exigente p\u00fablico de la Ciudad de M\u00e9xico.<\/p>\n\n\n\n<p>El cantante y multiinstrumentista originario de Guasave, Sinaloa, ha asumido personalmente el control creativo de esta gira, supervisando cada detalle desde la producci\u00f3n musical, hasta la log\u00edstica de los conciertos. Este enfoque integral refleja la madurez art\u00edstica de Valenzuela, quien a lo largo de casi dos d\u00e9cadas de carrera ha demostrado su versatilidad como compositor, int\u00e9rprete y m\u00fasico, dominando instrumentos como el acorde\u00f3n, la bater\u00eda y el tololoche. Su capacidad para fusionar g\u00e9neros como la m\u00fasica norte\u00f1a, banda y sinaloense le ha valido el reconocimiento un\u00e1nime de la cr\u00edtica y el p\u00fablico.<\/p>\n\n\n\n<p>Para la presentaci\u00f3n en la Ciudad de M\u00e9xico, Valenzuela prepara un espect\u00e1culo sin precedentes que promete superar todas las expectativas. El repertorio incluir\u00e1 temas emblem\u00e1ticos como &#8220;Mi princesa&#8221;, &#8220;Se va muriendo mi alma&#8221;, &#8220;Ment\u00ed&#8221; y &#8220;Loco enamorado&#8221;, as\u00ed como material nuevo que muestra la evoluci\u00f3n del artista. El reconocido como mejor acordeonista moderno de M\u00e9xico por el propio Ram\u00f3n Ayala, busca con esta gira reconectar con su p\u00fablico y reafirmar su posici\u00f3n como uno de los principales referentes de la m\u00fasica regional.<\/p>\n\n\n\n<p>La importancia de este concierto va m\u00e1s all\u00e1 del aspecto musical, representando un homenaje a la trayectoria de un artista que ha logrado mantenerse relevante en un g\u00e9nero altamente competitivo. Desde su nominaci\u00f3n como &#8220;Artista Nuevo del A\u00f1o&#8221; en los Latin American Music Awards de 2015 hasta la postulaci\u00f3n de su \u00e1lbum &#8220;Mi vida en vida&#8221; a los Grammy Latinos, Valenzuela ha demostrado una capacidad constante para reinventarse y crecer art\u00edsticamente.<\/p>\n\n\n\n<p>Los boletos para el concierto de la Ciudad de M\u00e9xico ya est\u00e1n a la venta en el Sistema Superboletos y en taquillas del inmueble. Para los fans del regional mexicano, esta fecha representa una oportunidad \u00fanica de presenciar el talento de uno de los m\u00e1ximos exponentes del g\u00e9nero en la actualidad, en lo que promete ser una de las giras m\u00e1s importantes del a\u00f1o en su categor\u00eda. Con su caracter\u00edstica energ\u00eda y carisma, Remmy Valenzuela est\u00e1 listo para demostrar una vez m\u00e1s por qu\u00e9 sigue siendo una fuerza dominante en la escena musical mexicana.<\/p>\n\n\n\n<p><a href=\"https:\/\/www.facebook.com\/hashtag\/remmyvalenzuela?__eep__=6&amp;__cft__[0]=AZU68wmAbfRVjLvqA1doZ03KqW3HoY4vgAZCC8FYaQmciFoqsTfZnhPaY8PX7WlfCVxFgyR1ZUshViaZsTz7ajgYBPhXQTUSgbn3cQbvRo-Cd1YeFJiwak5xxZo8GPwr4ZvXu0VqZZDwbPIqbcW0noTu&amp;__tn__=*NK-R\">#RemmyValenzuela<\/a><\/p>\n\n\n\n<p><a href=\"https:\/\/www.facebook.com\/hashtag\/arenacdmx?__eep__=6&amp;__cft__[0]=AZU68wmAbfRVjLvqA1doZ03KqW3HoY4vgAZCC8FYaQmciFoqsTfZnhPaY8PX7WlfCVxFgyR1ZUshViaZsTz7ajgYBPhXQTUSgbn3cQbvRo-Cd1YeFJiwak5xxZo8GPwr4ZvXu0VqZZDwbPIqbcW0noTu&amp;__tn__=*NK-R\">#ArenaCDMX<\/a><\/p>\n\n\n\n<p><a href=\"https:\/\/www.facebook.com\/hashtag\/zignialive?__eep__=6&amp;__cft__[0]=AZU68wmAbfRVjLvqA1doZ03KqW3HoY4vgAZCC8FYaQmciFoqsTfZnhPaY8PX7WlfCVxFgyR1ZUshViaZsTz7ajgYBPhXQTUSgbn3cQbvRo-Cd1YeFJiwak5xxZo8GPwr4ZvXu0VqZZDwbPIqbcW0noTu&amp;__tn__=*NK-R\">#zignialive<\/a><\/p>\n\n\n\n<p><a href=\"https:\/\/www.facebook.com\/hashtag\/superboletos?__eep__=6&amp;__cft__[0]=AZU68wmAbfRVjLvqA1doZ03KqW3HoY4vgAZCC8FYaQmciFoqsTfZnhPaY8PX7WlfCVxFgyR1ZUshViaZsTz7ajgYBPhXQTUSgbn3cQbvRo-Cd1YeFJiwak5xxZo8GPwr4ZvXu0VqZZDwbPIqbcW0noTu&amp;__tn__=*NK-R\">#Superboletos<\/a><\/p>\n\n\n\n<p><a href=\"https:\/\/www.facebook.com\/hashtag\/bitacoracdmx?__eep__=6&amp;__cft__[0]=AZU68wmAbfRVjLvqA1doZ03KqW3HoY4vgAZCC8FYaQmciFoqsTfZnhPaY8PX7WlfCVxFgyR1ZUshViaZsTz7ajgYBPhXQTUSgbn3cQbvRo-Cd1YeFJiwak5xxZo8GPwr4ZvXu0VqZZDwbPIqbcW0noTu&amp;__tn__=*NK-R\">#bitacoracdmx<\/a><\/p>\n\n\n\n<p><a href=\"https:\/\/www.facebook.com\/hashtag\/cdmx?__eep__=6&amp;__cft__[0]=AZU68wmAbfRVjLvqA1doZ03KqW3HoY4vgAZCC8FYaQmciFoqsTfZnhPaY8PX7WlfCVxFgyR1ZUshViaZsTz7ajgYBPhXQTUSgbn3cQbvRo-Cd1YeFJiwak5xxZo8GPwr4ZvXu0VqZZDwbPIqbcW0noTu&amp;__tn__=*NK-R\">#CDMX<\/a><\/p>\n\n\n\n<p><\/p>\n","protected":false},"excerpt":{"rendered":"<p>REDACCI\u00d3N *Se presenta en la Arena CDMX el 12 de septiembre en punto de las 21:00 hrs *Boletos a la venta en el Sistema Superboletos y en taquillas del inmueble El fen\u00f3meno musical sinaloense Remmy Valenzuela prepara un espectacular regreso a los escenarios de la Ciudad de M\u00e9xico luego del anuncio de su concierto a celebrarse en la Arena CDMX el 12 de septiembre. Considerado uno de los m\u00e1ximos exponentes del regional mexicano contempor\u00e1neo, el artista conocido como &#8220;El Pr\u00edncipe del Acorde\u00f3n&#8221; vuelve a demostrar por qu\u00e9 es uno de los int\u00e9rpretes m\u00e1s solicitados del momento, con un recital que [&hellip;]<\/p>\n","protected":false},"author":1,"featured_media":61474,"comment_status":"closed","ping_status":"closed","sticky":false,"template":"","format":"standard","meta":{"footnotes":""},"categories":[9,11],"tags":[],"_links":{"self":[{"href":"https:\/\/www.bitacoracdmx.com\/index.php?rest_route=\/wp\/v2\/posts\/61473"}],"collection":[{"href":"https:\/\/www.bitacoracdmx.com\/index.php?rest_route=\/wp\/v2\/posts"}],"about":[{"href":"https:\/\/www.bitacoracdmx.com\/index.php?rest_route=\/wp\/v2\/types\/post"}],"author":[{"embeddable":true,"href":"https:\/\/www.bitacoracdmx.com\/index.php?rest_route=\/wp\/v2\/users\/1"}],"replies":[{"embeddable":true,"href":"https:\/\/www.bitacoracdmx.com\/index.php?rest_route=%2Fwp%2Fv2%2Fcomments&post=61473"}],"version-history":[{"count":1,"href":"https:\/\/www.bitacoracdmx.com\/index.php?rest_route=\/wp\/v2\/posts\/61473\/revisions"}],"predecessor-version":[{"id":61475,"href":"https:\/\/www.bitacoracdmx.com\/index.php?rest_route=\/wp\/v2\/posts\/61473\/revisions\/61475"}],"wp:featuredmedia":[{"embeddable":true,"href":"https:\/\/www.bitacoracdmx.com\/index.php?rest_route=\/wp\/v2\/media\/61474"}],"wp:attachment":[{"href":"https:\/\/www.bitacoracdmx.com\/index.php?rest_route=%2Fwp%2Fv2%2Fmedia&parent=61473"}],"wp:term":[{"taxonomy":"category","embeddable":true,"href":"https:\/\/www.bitacoracdmx.com\/index.php?rest_route=%2Fwp%2Fv2%2Fcategories&post=61473"},{"taxonomy":"post_tag","embeddable":true,"href":"https:\/\/www.bitacoracdmx.com\/index.php?rest_route=%2Fwp%2Fv2%2Ftags&post=61473"}],"curies":[{"name":"wp","href":"https:\/\/api.w.org\/{rel}","templated":true}]}}