{"id":61517,"date":"2025-09-27T01:49:35","date_gmt":"2025-09-27T01:49:35","guid":{"rendered":"https:\/\/www.bitacoracdmx.com\/?p=61517"},"modified":"2025-09-27T01:49:37","modified_gmt":"2025-09-27T01:49:37","slug":"la-marakita-abre-sus-puertas-un-nuevo-santuario-nocturno-para-la-musica-en-vivo-en-cdmx","status":"publish","type":"post","link":"https:\/\/www.bitacoracdmx.com\/?p=61517","title":{"rendered":"La MARAKITA abre sus puertas: UN NUEVO SANTUARIO NOCTURNO para la M\u00daSICA en VIVO en CDMX"},"content":{"rendered":"\n<p><\/p>\n\n\n\n<p>REDACCI\u00d3N<\/p>\n\n\n\n<p>Es la Ciudad de M\u00e9xico y es jueves por la noche. La avenida se ti\u00f1e de luces, murmullos y expectativa. Entre flashes y sonrisas se corta el list\u00f3n de&nbsp;<strong>La Marakita Piano Bar Live Music<\/strong>, un espacio \u00edntimo, anexo a La Maraka, que abre sus puertas con la promesa de ser un refugio sonoro distinto para quienes buscan un after show elegante, emocional y vibrante. En este rinc\u00f3n, la m\u00fasica no es simple acompa\u00f1amiento: es protagonista de un encuentro entre artistas y p\u00fablico, un di\u00e1logo directo en el que cada acorde se convierte en experiencia.<\/p>\n\n\n\n<p>La ceremonia re\u00fane a figuras de distintos \u00e1mbitos que aportan brillo a la noche inaugural.&nbsp;<strong>Cala<\/strong>, vocalista de&nbsp;<strong>Rostros Ocultos<\/strong>, celebra con entusiasmo:&nbsp;<em>\u201cSiempre he cre\u00eddo que la m\u00fasica debe buscar espacios que la hagan sentir distinta, y La Marakita logra eso: es un lugar donde el artista se encuentra cara a cara con su p\u00fablico, donde cada canci\u00f3n se siente m\u00e1s cercana, m\u00e1s real. Este lugar tiene el potencial de convertirse en un santuario para quienes amamos la m\u00fasica en vivo\u201d<\/em>.<\/p>\n\n\n\n<figure class=\"wp-block-image size-large\"><img loading=\"lazy\" decoding=\"async\" width=\"1024\" height=\"768\" src=\"https:\/\/www.bitacoracdmx.com\/wp-content\/uploads\/2025\/09\/MARAKITA-SEPT-2025-FOTO3-1024x768.jpeg\" alt=\"\" class=\"wp-image-61519\"\/><\/figure>\n\n\n\n<p>A su lado, la exalcaldesa&nbsp;<strong>Sandra Cuevas<\/strong>&nbsp;ofrece una reflexi\u00f3n sobre el valor cultural de este nuevo proyecto:&nbsp;<em>\u201cEspacios como este no solo enriquecen la vida nocturna de la ciudad, tambi\u00e9n fortalecen el tejido social. La Marakita es una muestra de c\u00f3mo el arte y la m\u00fasica pueden ser un punto de encuentro, un lugar que abre las puertas a la diversidad y a la creatividad\u201d<\/em>.<\/p>\n\n\n\n<p>El corte de list\u00f3n es compartido por&nbsp;<strong>Fabi\u00e1n Lavalle<\/strong>, reconocido comunicador, y los dos art\u00edfices de este sue\u00f1o:&nbsp;<strong>Gabo Zambrano<\/strong>, director de La Marakita y de En Live, y&nbsp;<strong>Ernesto Garc\u00eda<\/strong>, director de La Maraka. Conscientes de la historia que se escribe esa noche, ambos expresan la filosof\u00eda detr\u00e1s del proyecto.&nbsp;<em>\u201cLa Maraka ha sido por d\u00e9cadas un referente de la m\u00fasica en vivo, pero sab\u00edamos que hab\u00eda un vac\u00edo: faltaba un espacio m\u00e1s \u00edntimo, m\u00e1s cercano, donde la m\u00fasica se viviera como confidencia. La Marakita es la respuesta a esa necesidad, un complemento natural que nos permitir\u00e1 ofrecer a la ciudad algo nuevo y, al mismo tiempo, profundamente aut\u00e9ntico\u201d,&nbsp;<\/em>se\u00f1ala Ernesto Garc\u00eda al respecto.<\/p>\n\n\n\n<p>Por su parte, Gabo Zambrano apunta con claridad la esencia del lugar:&nbsp;<em>\u201cHoy en d\u00eda no basta con ofrecer conciertos, hay que crear experiencias que se queden en el coraz\u00f3n del p\u00fablico. La Marakita est\u00e1 dise\u00f1ada para eso: para emocionar, para sorprender, para hacer que cada noche sea irrepetible. Queremos que la gente salga de aqu\u00ed con la certeza de haber vivido algo \u00fanico, un recuerdo que no podr\u00e1 repetirse en ning\u00fan otro lugar\u201d<\/em>.<\/p>\n\n\n\n<figure class=\"wp-block-image size-large\"><img loading=\"lazy\" decoding=\"async\" width=\"1024\" height=\"768\" src=\"https:\/\/www.bitacoracdmx.com\/wp-content\/uploads\/2025\/09\/MARAKITA-SEPT-2025-FOTO2-1024x768.jpeg\" alt=\"\" class=\"wp-image-61520\"\/><\/figure>\n\n\n\n<p>Los primeros acordes que brotan del piano sellan el inicio de esta historia. Entre copas, conversaciones y la expectativa de lo nuevo, los asistentes de prensa descubren que La Marakita no es simplemente un bar: es un espacio pensado para las almas que buscan algo diferente, una alternativa a los grandes centros nocturnos que a veces olvidan la intimidad y la emoci\u00f3n. Aqu\u00ed se celebrar\u00e1 el talento emergente y consagrado con la misma pasi\u00f3n, en un ambiente que privilegia la cercan\u00eda y la conexi\u00f3n.<\/p>\n\n\n\n<p>La Marakita se instala desde esta noche como una joya de la vida nocturna capitalina, un lugar destinado a sorprender, conmover y reinventar la manera en que se disfruta la m\u00fasica en vivo en M\u00e9xico. El list\u00f3n que cay\u00f3 al suelo no marc\u00f3 solo el inicio de un recinto: fue el primer cap\u00edtulo de una historia que promete consolidarse como referente en el mapa cultural y nocturno de la Ciudad de M\u00e9xico.<\/p>\n\n\n\n<p><a href=\"https:\/\/www.facebook.com\/hashtag\/lamarakita?__cft__[0]=AZWsjtXxqKBIsJNKyhgQZkUwbMhabCCfBIF4SEAdY808lN-vw_PdOhheerh6ZTY2_OyMQ5zNxdeR17bCbeqZnfns_yU99DBZGIJlIHNZwIEZYV49fJ7zukCo2SswRE1A5LCsTYD4s8EYTethdmD8ZOU3&amp;__tn__=*NK-R\">#lamarakita<\/a><\/p>\n\n\n\n<p><a href=\"https:\/\/www.facebook.com\/hashtag\/lamaraka?__cft__[0]=AZWsjtXxqKBIsJNKyhgQZkUwbMhabCCfBIF4SEAdY808lN-vw_PdOhheerh6ZTY2_OyMQ5zNxdeR17bCbeqZnfns_yU99DBZGIJlIHNZwIEZYV49fJ7zukCo2SswRE1A5LCsTYD4s8EYTethdmD8ZOU3&amp;__tn__=*NK-R\">#LaMaraka<\/a><\/p>\n\n\n\n<p><a href=\"https:\/\/www.facebook.com\/hashtag\/centrodeespectaculos?__cft__[0]=AZWsjtXxqKBIsJNKyhgQZkUwbMhabCCfBIF4SEAdY808lN-vw_PdOhheerh6ZTY2_OyMQ5zNxdeR17bCbeqZnfns_yU99DBZGIJlIHNZwIEZYV49fJ7zukCo2SswRE1A5LCsTYD4s8EYTethdmD8ZOU3&amp;__tn__=*NK-R\">#centrodeespectaculos<\/a><\/p>\n\n\n\n<p><a href=\"https:\/\/www.facebook.com\/hashtag\/bitacoracdmx?__cft__[0]=AZWsjtXxqKBIsJNKyhgQZkUwbMhabCCfBIF4SEAdY808lN-vw_PdOhheerh6ZTY2_OyMQ5zNxdeR17bCbeqZnfns_yU99DBZGIJlIHNZwIEZYV49fJ7zukCo2SswRE1A5LCsTYD4s8EYTethdmD8ZOU3&amp;__tn__=*NK-R\">#bitacoracdmx<\/a><\/p>\n\n\n\n<p><a href=\"https:\/\/www.facebook.com\/hashtag\/cdmx?__cft__[0]=AZWsjtXxqKBIsJNKyhgQZkUwbMhabCCfBIF4SEAdY808lN-vw_PdOhheerh6ZTY2_OyMQ5zNxdeR17bCbeqZnfns_yU99DBZGIJlIHNZwIEZYV49fJ7zukCo2SswRE1A5LCsTYD4s8EYTethdmD8ZOU3&amp;__tn__=*NK-R\">#CDMX<\/a><\/p>\n","protected":false},"excerpt":{"rendered":"<p>REDACCI\u00d3N Es la Ciudad de M\u00e9xico y es jueves por la noche. La avenida se ti\u00f1e de luces, murmullos y expectativa. Entre flashes y sonrisas se corta el list\u00f3n de&nbsp;La Marakita Piano Bar Live Music, un espacio \u00edntimo, anexo a La Maraka, que abre sus puertas con la promesa de ser un refugio sonoro distinto para quienes buscan un after show elegante, emocional y vibrante. En este rinc\u00f3n, la m\u00fasica no es simple acompa\u00f1amiento: es protagonista de un encuentro entre artistas y p\u00fablico, un di\u00e1logo directo en el que cada acorde se convierte en experiencia. La ceremonia re\u00fane a figuras [&hellip;]<\/p>\n","protected":false},"author":1,"featured_media":61518,"comment_status":"closed","ping_status":"closed","sticky":false,"template":"","format":"standard","meta":{"footnotes":""},"categories":[7,9,11],"tags":[],"_links":{"self":[{"href":"https:\/\/www.bitacoracdmx.com\/index.php?rest_route=\/wp\/v2\/posts\/61517"}],"collection":[{"href":"https:\/\/www.bitacoracdmx.com\/index.php?rest_route=\/wp\/v2\/posts"}],"about":[{"href":"https:\/\/www.bitacoracdmx.com\/index.php?rest_route=\/wp\/v2\/types\/post"}],"author":[{"embeddable":true,"href":"https:\/\/www.bitacoracdmx.com\/index.php?rest_route=\/wp\/v2\/users\/1"}],"replies":[{"embeddable":true,"href":"https:\/\/www.bitacoracdmx.com\/index.php?rest_route=%2Fwp%2Fv2%2Fcomments&post=61517"}],"version-history":[{"count":1,"href":"https:\/\/www.bitacoracdmx.com\/index.php?rest_route=\/wp\/v2\/posts\/61517\/revisions"}],"predecessor-version":[{"id":61521,"href":"https:\/\/www.bitacoracdmx.com\/index.php?rest_route=\/wp\/v2\/posts\/61517\/revisions\/61521"}],"wp:featuredmedia":[{"embeddable":true,"href":"https:\/\/www.bitacoracdmx.com\/index.php?rest_route=\/wp\/v2\/media\/61518"}],"wp:attachment":[{"href":"https:\/\/www.bitacoracdmx.com\/index.php?rest_route=%2Fwp%2Fv2%2Fmedia&parent=61517"}],"wp:term":[{"taxonomy":"category","embeddable":true,"href":"https:\/\/www.bitacoracdmx.com\/index.php?rest_route=%2Fwp%2Fv2%2Fcategories&post=61517"},{"taxonomy":"post_tag","embeddable":true,"href":"https:\/\/www.bitacoracdmx.com\/index.php?rest_route=%2Fwp%2Fv2%2Ftags&post=61517"}],"curies":[{"name":"wp","href":"https:\/\/api.w.org\/{rel}","templated":true}]}}