{"id":61545,"date":"2025-10-07T01:33:57","date_gmt":"2025-10-07T01:33:57","guid":{"rendered":"https:\/\/www.bitacoracdmx.com\/?p=61545"},"modified":"2025-10-07T01:35:05","modified_gmt":"2025-10-07T01:35:05","slug":"cuando-la-sombra-canta-el-xv-festival-internacional-octubre-negro-celebra-la-resistencia-del-arte-oscuro","status":"publish","type":"post","link":"https:\/\/www.bitacoracdmx.com\/?p=61545","title":{"rendered":"CUANDO LA SOMBRA CANTA: El XV Festival Internacional OCTUBRE NEGRO celebra la resistencia del ARTE OSCURO"},"content":{"rendered":"\n<p><\/p>\n\n\n\n<p>REDACCI\u00d3N<\/p>\n\n\n\n<p>Durante 15 a\u00f1os, la escena oscura mexicana ha latido con fuerza propia, construyendo un territorio donde la melancol\u00eda, la reflexi\u00f3n y la belleza del abismo encuentran una voz colectiva en Octubre Negro. En ese contexto de sombras y luminiscencias, el&nbsp;<strong>Festival Internacional Octubre Negro<\/strong>, organizado por&nbsp;<strong>Vecordia Producciones<\/strong>&nbsp;y&nbsp;<strong>Superficie Arte<\/strong>, se ha erigido como un faro de resistencia cultural. Este 2025 celebra su&nbsp;<strong>XV edici\u00f3n<\/strong>, consolid\u00e1ndose como uno de los encuentros m\u00e1s longevos y significativos del arte alternativo y g\u00f3tico en Am\u00e9rica Latina.<\/p>\n\n\n\n<p>Desde su nacimiento, Octubre Negro ha sido mucho m\u00e1s que un simple festival: ha sido una trinchera simb\u00f3lica. Un espacio donde los artistas, los creadores y los p\u00fablicos convergen para defender el derecho a la individualidad, la libertad creativa y la expresi\u00f3n no convencional. Lo que comenz\u00f3 como una reuni\u00f3n de esp\u00edritus afines en los a\u00f1os noventa, se transform\u00f3 en una cita imprescindible para quienes reconocen que la oscuridad tambi\u00e9n es una fuente de luz. No en vano, su lema \u2014<strong>\u201cLa luz emana de la obscuridad\u201d<\/strong>\u2014 resume una filosof\u00eda que trasciende lo est\u00e9tico para abrazar lo existencial.<\/p>\n\n\n\n<p>A lo largo de su historia, el festival ha tejido puentes entre M\u00e9xico y otras latitudes, llevando su eco a pa\u00edses como&nbsp;<strong>Espa\u00f1a, Italia, Alemania, Rumania y Suiza<\/strong>, donde las resonancias del arte g\u00f3tico latinoamericano han encontrado tambi\u00e9n espacios de acogida y di\u00e1logo. En este a\u00f1o conmemorativo, Octubre Negro se despliega como un&nbsp;<strong>festival multidisciplinario<\/strong>, abarcando pintura, fotograf\u00eda, danza, literatura y, por supuesto, m\u00fasica: esa m\u00fasica que palpita entre lo et\u00e9reo y lo terrenal, entre el susurro de la nostalgia y el grito de la resistencia.<\/p>\n\n\n\n<p>La celebraci\u00f3n inici\u00f3 el&nbsp;<strong>5 de septiembre<\/strong>&nbsp;con una&nbsp;<strong>preinauguraci\u00f3n<\/strong>&nbsp;de atm\u00f3sfera \u00edntima en el&nbsp;<strong>Club Dada X<\/strong>, donde&nbsp;<strong>Elsiane (Canad\u00e1)<\/strong>&nbsp;ofreci\u00f3 un concierto ac\u00fastico que abri\u00f3 el portal a las emociones profundas que caracterizan al evento. Octubre avanz\u00f3 con la&nbsp;<strong>Noche de Rock Oscuro<\/strong>, celebrada el&nbsp;<strong>4 de octubre<\/strong>&nbsp;en el&nbsp;<strong>Foro Casa Negra: Tlillancalli<\/strong>, con las presentaciones de&nbsp;<strong>Pain Rills<\/strong>&nbsp;y&nbsp;<strong>Cempazuli<\/strong>, dos propuestas que reafirman el poder del sonido como manifiesto est\u00e9tico. Durante los d\u00edas&nbsp;<strong>8, 15 y 22 de octubre<\/strong>, el mismo recinto alberga&nbsp;<strong>Binaria<\/strong>, una exposici\u00f3n y performance que fusiona artes visuales, m\u00fasica y acci\u00f3n esc\u00e9nica en una experiencia sensorial abierta al p\u00fablico.<\/p>\n\n\n\n<p>El&nbsp;<strong>10 de octubre<\/strong>, las sombras adquieren una textura abrasiva con la noche dedicada al&nbsp;<strong>Grindgore &amp; Grindcore<\/strong>, mientras que el&nbsp;<strong>17 de octubre<\/strong>&nbsp;el Club Dad\u00e1 X se ti\u00f1e de romanticismo sombr\u00edo con&nbsp;<strong>\u201cPasi\u00f3n G\u00f3tica\u201d<\/strong>, una velada que combina m\u00fasica, performance medieval, danza y literatura, con las participaciones de&nbsp;<strong>Los Lunes, Vlood, Meguantem Arie di Mortee<\/strong>&nbsp;y&nbsp;<strong>Vita Aeterna<\/strong>, en colaboraci\u00f3n con&nbsp;<strong>Luna Eterna<\/strong>.<\/p>\n\n\n\n<p>Del&nbsp;<strong>18 de octubre al 16 de noviembre<\/strong>, el festival se adentra en los territorios de lo er\u00f3tico con la exposici\u00f3n&nbsp;<strong>\u201cRed Room\u201d<\/strong>, una experiencia visual, perform\u00e1tica y reflexiva en torno a la sexualidad, acompa\u00f1ada de talleres, conciertos y conferencias en el&nbsp;<strong>BDGA: Centro Cultural de Producci\u00f3n Creativa<\/strong>. Y como puente entre generaciones y universos sonoros, el&nbsp;<strong>24 de octubre<\/strong>&nbsp;se llevar\u00e1 a cabo&nbsp;<strong>\u201cAlternos\u201d<\/strong>, un concierto donde m\u00fasicos de bandas emblem\u00e1ticas presentan sus proyectos paralelos:&nbsp;<strong>Golden Robots<\/strong>&nbsp;(de V\u00edctimas del Dr. Cerebro),&nbsp;<strong>Punch<\/strong>&nbsp;(de Santa Sabina) y&nbsp;<strong>Under F\u00f3nic<\/strong>&nbsp;(de Resonante y otros), en el Club Dad\u00e1 X.<\/p>\n\n\n\n<p>El&nbsp;<strong>3 de noviembre<\/strong>, el terror y la est\u00e9tica cinematogr\u00e1fica se conjugan con la entrega de los&nbsp;<strong>Premios Paranormal<\/strong>, reconociendo a los generadores de contenido m\u00e1s influyentes de la escena. La jornada incluir\u00e1 la musicalizaci\u00f3n en vivo del cl\u00e1sico&nbsp;<strong>Nosferatu (1922)<\/strong>&nbsp;por parte de&nbsp;<strong>Seven Deadly Sins (Exsecror Vecordia)<\/strong>, en el&nbsp;<strong>Centro Cultural Carranza<\/strong>. D\u00edas despu\u00e9s, el&nbsp;<strong>15 de noviembre<\/strong>, el Auditorio&nbsp;<strong>Carlos Pellicer<\/strong>&nbsp;vibrar\u00e1 con&nbsp;<strong>\u201cEl \u00daltimo Suspiro\u2026 La Vieja Guardia; Resucitando Muertos\u201d<\/strong>, concierto que re\u00fane a agrupaciones emblem\u00e1ticas del dark mexicano:&nbsp;<strong>Erszebeth, Valeria, Lautremont (antes Maldoror), Triste Makrina<\/strong>&nbsp;y&nbsp;<strong>Model Odd (antes Eterna)<\/strong>, en un homenaje a los or\u00edgenes de la escena, con acceso general de $200 pesos.<\/p>\n\n\n\n<p>El arte visual cobrar\u00e1 vida el&nbsp;<strong>19 de noviembre<\/strong>&nbsp;con la inauguraci\u00f3n de la exposici\u00f3n&nbsp;<strong>Nekros Opsis<\/strong>&nbsp;en el&nbsp;<strong>Museo de Geolog\u00eda<\/strong>, de entrada libre, mientras que el&nbsp;<strong>29 de noviembre<\/strong>, el&nbsp;<strong>Foro Gato Calavera<\/strong>&nbsp;rendir\u00e1 tributo a los \u00edconos&nbsp;<strong>Lacrimosa<\/strong>&nbsp;e&nbsp;<strong>Illuminate<\/strong>, con presentaciones de&nbsp;<strong>Inferno<\/strong>,&nbsp;<strong>Logan Ryuk<\/strong>&nbsp;y un performance a cargo de&nbsp;<strong>Arneses Kruleh<\/strong>. Los boletos estar\u00e1n disponibles en preventa por $120 y el d\u00eda del evento en $150.<\/p>\n\n\n\n<p>La clausura internacional, del&nbsp;<strong>27 al 29 de noviembre<\/strong>, marcar\u00e1 el cierre de esta edici\u00f3n con una explosi\u00f3n sonora encabezada por&nbsp;<strong>Horror Wolf<\/strong>&nbsp;desde Espa\u00f1a, junto a&nbsp;<strong>Bulbo Project, DJ Scorpio 69, LVX In Pecatta<\/strong>&nbsp;y los&nbsp;<strong>Zombie Awards<\/strong>, en una ruta de recintos que incluye&nbsp;<strong>Foro Bizarro<\/strong>,&nbsp;<strong>Club Dad\u00e1 X<\/strong>&nbsp;y&nbsp;<strong>Foro Azcapotzalco<\/strong>, reafirmando el car\u00e1cter global de este movimiento.<\/p>\n\n\n\n<p>M\u00e1s que una suma de fechas y espect\u00e1culos, Octubre Negro es una&nbsp;<strong>declaraci\u00f3n cultural<\/strong>, un manifiesto sobre la&nbsp;<strong>vigencia y la fuerza de una identidad colectiva<\/strong>&nbsp;que naci\u00f3 en la contracultura y que ha sabido mantenerse firme ante el paso del tiempo. En cada acorde, en cada performance, en cada exposici\u00f3n, resuena el eco de quienes se negaron a diluirse en la homogeneidad. Este festival recuerda que la oscuridad no es ausencia, sino origen; que de ella brotan las m\u00e1s intensas formas de belleza.<\/p>\n\n\n\n<p>Por todo ello, la organizaci\u00f3n convoca a la prensa cultural, art\u00edstica y musical a&nbsp;<strong>sumarse a la difusi\u00f3n<\/strong>&nbsp;y a&nbsp;<strong>entrevistar a los artistas y organizadores<\/strong>, para seguir expandiendo la voz de quienes mantienen viva esta tradici\u00f3n de lo sombr\u00edo. Porque Octubre Negro no solo celebra al arte alternativo:&nbsp;<strong>celebra la dignidad de ser distinto<\/strong>, la pasi\u00f3n por lo oculto y la certeza de que, incluso entre las sombras, siempre habr\u00e1 un resplandor.<\/p>\n\n\n\n<p>M\u00e1s informaci\u00f3n y actualizaciones pueden encontrarse en las redes oficiales:<\/p>\n\n\n\n<p><strong>FB\/Festival Internacional Octubre Negro<\/strong>,\u00a0<strong>FB\/Vecordia Producciones<\/strong>,\u00a0<strong>FB\/Ricardo Vecordia<\/strong>\u00a0y\u00a0<strong>FB\/Superficie Arte<\/strong><\/p>\n\n\n\n<p><a href=\"https:\/\/www.facebook.com\/hashtag\/octubrenegro?__cft__[0]=AZUAsvB-h3xy2izgGgySMB43G0jRlgvTsjVRhag1urMGfor5YRnHyLDX_RLrnL3_97Y_Mpnfqdktt3WdbHDwxhcVMG-37-JZEPFAa9a0Lt7CjQeGdXpu6uQtf6rZfwcNJq644Gp26F4gYMfJ-e-Nnk9b&amp;__tn__=*NK-R\">#OctubreNegro<\/a><\/p>\n\n\n\n<p><a href=\"https:\/\/www.facebook.com\/hashtag\/arteoscuro?__cft__[0]=AZUAsvB-h3xy2izgGgySMB43G0jRlgvTsjVRhag1urMGfor5YRnHyLDX_RLrnL3_97Y_Mpnfqdktt3WdbHDwxhcVMG-37-JZEPFAa9a0Lt7CjQeGdXpu6uQtf6rZfwcNJq644Gp26F4gYMfJ-e-Nnk9b&amp;__tn__=*NK-R\">#arteoscuro<\/a><\/p>\n\n\n\n<p><a href=\"https:\/\/www.facebook.com\/hashtag\/dadax?__cft__[0]=AZUAsvB-h3xy2izgGgySMB43G0jRlgvTsjVRhag1urMGfor5YRnHyLDX_RLrnL3_97Y_Mpnfqdktt3WdbHDwxhcVMG-37-JZEPFAa9a0Lt7CjQeGdXpu6uQtf6rZfwcNJq644Gp26F4gYMfJ-e-Nnk9b&amp;__tn__=*NK-R\">#Dadax<\/a><\/p>\n\n\n\n<p><a href=\"https:\/\/www.facebook.com\/hashtag\/bitacoracdmx?__cft__[0]=AZUAsvB-h3xy2izgGgySMB43G0jRlgvTsjVRhag1urMGfor5YRnHyLDX_RLrnL3_97Y_Mpnfqdktt3WdbHDwxhcVMG-37-JZEPFAa9a0Lt7CjQeGdXpu6uQtf6rZfwcNJq644Gp26F4gYMfJ-e-Nnk9b&amp;__tn__=*NK-R\">#bitacoracdmx<\/a><\/p>\n\n\n\n<p><a href=\"https:\/\/www.facebook.com\/hashtag\/cdmx?__cft__[0]=AZUAsvB-h3xy2izgGgySMB43G0jRlgvTsjVRhag1urMGfor5YRnHyLDX_RLrnL3_97Y_Mpnfqdktt3WdbHDwxhcVMG-37-JZEPFAa9a0Lt7CjQeGdXpu6uQtf6rZfwcNJq644Gp26F4gYMfJ-e-Nnk9b&amp;__tn__=*NK-R\">#CDMX<\/a><\/p>\n","protected":false},"excerpt":{"rendered":"<p>REDACCI\u00d3N Durante 15 a\u00f1os, la escena oscura mexicana ha latido con fuerza propia, construyendo un territorio donde la melancol\u00eda, la reflexi\u00f3n y la belleza del abismo encuentran una voz colectiva en Octubre Negro. En ese contexto de sombras y luminiscencias, el&nbsp;Festival Internacional Octubre Negro, organizado por&nbsp;Vecordia Producciones&nbsp;y&nbsp;Superficie Arte, se ha erigido como un faro de resistencia cultural. Este 2025 celebra su&nbsp;XV edici\u00f3n, consolid\u00e1ndose como uno de los encuentros m\u00e1s longevos y significativos del arte alternativo y g\u00f3tico en Am\u00e9rica Latina. Desde su nacimiento, Octubre Negro ha sido mucho m\u00e1s que un simple festival: ha sido una trinchera simb\u00f3lica. Un espacio [&hellip;]<\/p>\n","protected":false},"author":1,"featured_media":61546,"comment_status":"closed","ping_status":"closed","sticky":false,"template":"","format":"standard","meta":{"footnotes":""},"categories":[5,8,9],"tags":[],"_links":{"self":[{"href":"https:\/\/www.bitacoracdmx.com\/index.php?rest_route=\/wp\/v2\/posts\/61545"}],"collection":[{"href":"https:\/\/www.bitacoracdmx.com\/index.php?rest_route=\/wp\/v2\/posts"}],"about":[{"href":"https:\/\/www.bitacoracdmx.com\/index.php?rest_route=\/wp\/v2\/types\/post"}],"author":[{"embeddable":true,"href":"https:\/\/www.bitacoracdmx.com\/index.php?rest_route=\/wp\/v2\/users\/1"}],"replies":[{"embeddable":true,"href":"https:\/\/www.bitacoracdmx.com\/index.php?rest_route=%2Fwp%2Fv2%2Fcomments&post=61545"}],"version-history":[{"count":2,"href":"https:\/\/www.bitacoracdmx.com\/index.php?rest_route=\/wp\/v2\/posts\/61545\/revisions"}],"predecessor-version":[{"id":61548,"href":"https:\/\/www.bitacoracdmx.com\/index.php?rest_route=\/wp\/v2\/posts\/61545\/revisions\/61548"}],"wp:featuredmedia":[{"embeddable":true,"href":"https:\/\/www.bitacoracdmx.com\/index.php?rest_route=\/wp\/v2\/media\/61546"}],"wp:attachment":[{"href":"https:\/\/www.bitacoracdmx.com\/index.php?rest_route=%2Fwp%2Fv2%2Fmedia&parent=61545"}],"wp:term":[{"taxonomy":"category","embeddable":true,"href":"https:\/\/www.bitacoracdmx.com\/index.php?rest_route=%2Fwp%2Fv2%2Fcategories&post=61545"},{"taxonomy":"post_tag","embeddable":true,"href":"https:\/\/www.bitacoracdmx.com\/index.php?rest_route=%2Fwp%2Fv2%2Ftags&post=61545"}],"curies":[{"name":"wp","href":"https:\/\/api.w.org\/{rel}","templated":true}]}}