{"id":61620,"date":"2025-12-17T03:29:19","date_gmt":"2025-12-17T03:29:19","guid":{"rendered":"https:\/\/www.bitacoracdmx.com\/?p=61620"},"modified":"2025-12-17T03:29:22","modified_gmt":"2025-12-17T03:29:22","slug":"anuncia-gobierno-capitalino-actividades-decembrinas-de-entrada-libre-en-zocalo-y-diversos-puntos-de-la-ciudad","status":"publish","type":"post","link":"https:\/\/www.bitacoracdmx.com\/?p=61620","title":{"rendered":"Anuncia GOBIERNO CAPITALINO actividades decembrinas de ENTRADA LIBRE en Z\u00d3CALO y DIVERSOS PUNTOS de la CIUDAD"},"content":{"rendered":"\n<p><\/p>\n\n\n\n<p>REDACCI\u00d3N<\/p>\n\n\n\n<ul>\n<li>\u201cLuces de Navidad 2025-2026\u201d se llevar\u00e1 a cabo en el Z\u00f3calo del 20 de diciembre al 4 de enero, con 76 conciertos de artistas como las V\u00edctimas del Doctor Cerebro, Ana Tijoux, Los Amantes de Lola, Renee, adem\u00e1s de pastorelas, \u00e1rboles de Navidad y un nacimiento monumentales y venta de artesan\u00edas<\/li>\n\n\n\n<li>En 15 alcald\u00edas habr\u00e1 pastorelas, batucadas, shows de zanqueros, clown, danza, circo y conciertos de elencos participantes en la iniciativa \u201cCu\u00edcatl: la Ciudad que Suena\u201d, del 19 de diciembre al 6 de enero<\/li>\n\n\n\n<li>La Fiesta Electr\u00f3nica m\u00e1s Grande del Mundo congregar\u00e1 a diversos DJs en Paseo de la Reforma para celebrar la llegada del A\u00f1o Nuevo 2026 el pr\u00f3ximo 31 de diciembre de 2025, de 18 a 2 horas<\/li>\n<\/ul>\n\n\n\n<p>El Gobierno de la Ciudad de M\u00e9xico, a trav\u00e9s de la&nbsp;<strong>Secretar\u00eda de Cultura local<\/strong>, invita a las familias a disfrutar de una amplia programaci\u00f3n de actividades decembrinas de entrada libre para celebrar la Navidad 2025 y el A\u00f1o Nuevo 2026 en el Z\u00f3calo capitalino y 15 sedes de la ciudad con&nbsp;<strong>\u201cLuces de Invierno\u201d<\/strong>, y la emblem\u00e1tica&nbsp;<strong>Fiesta de Fin de A\u00f1o<\/strong>&nbsp;en Paseo de la Reforma.<\/p>\n\n\n\n<figure class=\"wp-block-image size-large is-resized\"><img loading=\"lazy\" decoding=\"async\" width=\"682\" height=\"1024\" src=\"https:\/\/www.bitacoracdmx.com\/wp-content\/uploads\/2025\/12\/WhatsApp-Image-2025-12-16-at-2.59.04-PM-682x1024.jpeg\" alt=\"\" class=\"wp-image-61622\" style=\"width:850px;height:auto\"\/><\/figure>\n\n\n\n<p>En conferencia de prensa, la Jefa de Gobierno, Clara Brugada Molina, destac\u00f3 que esta jornada navide\u00f1a busca que el Z\u00f3calo capitalino se transforme para la poblaci\u00f3n y, al mismo tiempo, descentralizar la cultura, con el objetivo de que llegue a barrios, pueblos y comunidades de toda ciudad, llevando alegr\u00eda y espacios de convivencia seguros para todas y todos.<\/p>\n\n\n\n<p>\u201cDecidimos festejar de manera distinta, as\u00ed que consideramos que no solo el centro de la ciudad debe estar transformado, hermoso y alegre y festivo para los capitalinos, sino que tenemos que descentralizar la cultura. (\u2026) La poblaci\u00f3n tendr\u00e1 de manera m\u00e1s cercana momentos para festejar, poder convivir y construir una ciudad con territorios de igualdad y con territorios en donde la cultura se viva y en donde ustedes, los creadores y los artistas lleguen a todos lados\u201d, expres\u00f3.<\/p>\n\n\n\n<p>En el&nbsp;<strong>Z\u00f3calo de la Ciudad de M\u00e9xico<\/strong>&nbsp;podr\u00e1s disfrutar de&nbsp;<strong>\u201cLuces de Invierno 2025-2026\u201d<\/strong>, una iniciativa que llenar\u00e1 de color a la Plaza de la Constituci\u00f3n del&nbsp;<strong>s\u00e1bado 20 de diciembre al domingo 4 de enero, de 10 a 23 horas<\/strong>, con la instalaci\u00f3n de tres \u00e1rboles iluminados con nochebuenas del Suelo de Conservaci\u00f3n, 14 esculturas lum\u00ednicas de motivos navide\u00f1os y de juguetes mexicanos, el T\u00fanel de Luz Monumental m\u00e1s grande de M\u00e9xico (150 x 20 metros), un Nacimiento Monumental, y 120 expositores con venta de artesan\u00edas en colaboraci\u00f3n con la Secretar\u00eda de Turismo capitalina, quienes estar\u00e1n en un horario de 10 a 19 horas.<\/p>\n\n\n\n<p>Adem\u00e1s de un escenario principal con 76 conciertos de m\u00fasica tropical, son, norte\u00f1a, danz\u00f3n, rock, ska, urbana, sonideros, folklor, mariachi, villancicos, y un Foro Navide\u00f1o con decenas de pastorelas.<\/p>\n\n\n\n<p>Asimismo,&nbsp;<strong>\u201cLuces de Navidad\u201d llegar\u00e1 a 15 alcald\u00edas del viernes 19 de diciembre de 2025 al martes 6 de enero de 2026<\/strong>&nbsp;para ofrecer pastorelas, batucadas, shows de zanqueros, clown, danza, circo y conciertos de elencos participantes en la iniciativa \u201cCu\u00edcatl: la Ciudad que Suena\u201d, esculturas lum\u00ednicas, paseos nevados con luces l\u00e1ser, humo, nieve artificial y nacimientos, en las siguientes sedes:<\/p>\n\n\n\n<ul>\n<li>\u00c1lvaro Obreg\u00f3n \u2013 Parque Lineal Torres de Potrero<\/li>\n\n\n\n<li>Azcapotzalco \u2013 Parque Calpulli<\/li>\n\n\n\n<li>Benito Ju\u00e1rez \u2013 Parque Santiago Xicot\u00e9ncatl<\/li>\n\n\n\n<li>Coyoac\u00e1n \u2013 Parque de la Consolaci\u00f3n<\/li>\n\n\n\n<li>Cuajimalpa \u2013 Deportivo Morelos<\/li>\n\n\n\n<li>Gustavo A. Madero &#8211; Cancha Campos Revoluci\u00f3n<\/li>\n\n\n\n<li>Iztacalco &#8211; Deportivo Leandro Valle<\/li>\n\n\n\n<li>Iztapalapa \u2013 Parque Deportivo Las Torres<\/li>\n\n\n\n<li>Magdalena Contreras \u2013 Deportivo Oyamel<\/li>\n\n\n\n<li>Miguel Hidalgo &#8211; Parque Tacuba<\/li>\n\n\n\n<li>Milpa Alta &#8211; Plaza de la Corregidora San Antonio Tec\u00f3mitl<\/li>\n\n\n\n<li>Tl\u00e1huac \u2013 Bosque de Tl\u00e1huac<\/li>\n\n\n\n<li>Tlalpan \u2013 Deportivo Independencia<\/li>\n\n\n\n<li>Venustiano Carranza \u2013 Parque Aguascalientes<\/li>\n\n\n\n<li>Xochimilco \u2013 Deportivo San Gregorio Atlapulco<\/li>\n<\/ul>\n\n\n\n<p>Por otro lado,&nbsp;<strong>del 19 al 23 de diciembre, de las 16 a las 18 horas, se llevar\u00e1n a cabo 37 Posadas Comunitarias en las mismas 15 sedes<\/strong>, para reunir a las familias con talleres, pi\u00f1atas, presentaciones de teatro, cuenta cuentos, danza y m\u00fasica.<\/p>\n\n\n\n<p>\u201cUna cosa que ha sido muy bonita de todas estas posadas comunitarias organizadas es todo el proceso que se ha hecho antes, por ejemplo: la construcci\u00f3n de pi\u00f1atas con la comunidad, la construcci\u00f3n de \u00e1rboles de Navidad en donde se colocan las esperanzas para el siguiente a\u00f1o, con escritos de las cosas que queremos para el pr\u00f3ximo a\u00f1o, y con las cosas que ya queremos dejar en 2025. Se han hecho distintos ejercicios en las distintas comunidades\u201d, destac\u00f3 Ana Francis L\u00f3pez Bayghen Pati\u00f1o, secretaria de Cultura de la Ciudad de M\u00e9xico.<\/p>\n\n\n\n<p>En las UTOP\u00cdAS se llevar\u00e1n a cabo m\u00e1s de 40 actividades, como recitales de las escuelas de iniciaci\u00f3n de m\u00fasica y pastorelas. Adem\u00e1s de 224 muestras navide\u00f1as escolares del Programa Do Re Mi Fa Sol por mi Escuela en primarias de toda la ciudad (cerradas al p\u00fablico en general).<\/p>\n\n\n\n<p>\u201cTendremos un gran espect\u00e1culo lum\u00ednico, grandes \u00e1rboles, nacimientos, nieve, artesanos y todo para convivir lo mejor posible en el Z\u00f3calo y en los 15 puntos de la Ciudad de M\u00e9xico\u201d, agreg\u00f3 Argel G\u00f3mez Concheiro, subdirector de Grandes Festivales Comunitarios.<\/p>\n\n\n\n<p>Finalmente, no te pierdas la&nbsp;<strong>Fiesta Electr\u00f3nica m\u00e1s Grande del Mundo<\/strong>&nbsp;para celebrar la llegada del A\u00f1o Nuevo 2026 el pr\u00f3ximo&nbsp;<strong>31 de diciembre, de 18 a 2 horas en la Avenida Paseo de la Reforma<\/strong>, con la participaci\u00f3n de diversos DJs que pondr\u00e1n el ambiente para despedir este 2025. La programaci\u00f3n se dar\u00e1 a conocer pr\u00f3ximamente.<\/p>\n\n\n\n<p><strong>A continuaci\u00f3n, te compartimos la programaci\u00f3n m\u00e1s destacada de \u201cLuces de Navidad\u201d en el Z\u00f3calo de la Ciudad de M\u00e9xico (programaci\u00f3n sujeta a cambios de \u00faltima hora):<\/strong><\/p>\n\n\n\n<p><strong>S\u00e1bado 20 de diciembre<\/strong>&nbsp;14:00 horas. Coro navide\u00f1o de las UTOP\u00cdAS 16:55 horas. Coro Sinf\u00f3nico Ollin Yoliztli 19:15 horas. La Se\u00f1ora Tomasa (Espa\u00f1a) 20:55 horas. Sonido Sensaci\u00f3n Candela<\/p>\n\n\n\n<p><strong>Domingo 21 de diciembre<\/strong>&nbsp;18:15 horas. Los K\u2019comixtles 19:30 horas. Cecilia Toussaint 21:05 horas. Sonido La Diosa del Rock<\/p>\n\n\n\n<p><strong>Lunes 22 de diciembre<\/strong>&nbsp;18:15 horas. Carolina Ross 19:30 horas. Los Cardenales de Nuevo Le\u00f3n 21:05 horas. Sonido Barrio Norte<\/p>\n\n\n\n<p><strong>Martes 23 de diciembre<\/strong>&nbsp;17:05 horas. Paz Quintana (Chile) 18:15 horas. La Corea\u00f1era 19:30 horas. Los Askis 21:05 horas. Mosaico Sonidero<\/p>\n\n\n\n<p><strong>Mi\u00e9rcoles 24 de diciembre<\/strong>&nbsp;13:50 horas. Val Hozu 17:05 horas. Musas. Ensamble de Arpas<\/p>\n\n\n\n<p><strong>Jueves 25 de diciembre<\/strong>&nbsp;18:05 horas. Orquesta de Pepe Ar\u00e9valo 19:15 horas. Danzonera Isora Club 20:30 horas. Danzonera Urban<\/p>\n\n\n\n<p><strong>Viernes 26 de diciembre<\/strong>&nbsp;17 horas. Jazz &amp; Flow Orquesta Nacional de Jazz 19 horas. Baby Volcano (Guatemala) 21:05 horas. Dj Lashenka<\/p>\n\n\n\n<p><strong>S\u00e1bado 27 de diciembre<\/strong>&nbsp;17 horas. Gala M\u00e9xico Canta 20:20 horas. Dj Cybernico<\/p>\n\n\n\n<p><strong>Domingo 28 de diciembre<\/strong>&nbsp;17 horas S\u00f3nex 18:15 horas. Chimo Psicod\u00e9lico (Colombia) 19:30 horas. Cimarr\u00f3n (Colombia) 21:05 horas. Dj S\u00e9<\/p>\n\n\n\n<p><strong>Lunes 29 de diciembre<\/strong>&nbsp;17 horas. Mexamorphosis (EUA-MEX) 18:15 horas. Renee 19:30 horas. The Altons (EUA) 21:05 horas. Sonido Rumba Tropical<\/p>\n\n\n\n<p><strong>Martes 30 de diciembre<\/strong>&nbsp;19:05 horas Los Korukos 20:10 horas. Out of Control Army 21:15 horas. Las V\u00edctimas del Dr. Cerebro<\/p>\n\n\n\n<p>Mi\u00e9rcoles 31 de diciembre y jueves 1 de enero SIN PROGRAMACI\u00d3N<\/p>\n\n\n\n<p><strong>Viernes 2 de enero<\/strong>&nbsp;16 horas. Los detectives 17 horas. Neptuna 18:10 horas. La Barranca 21:10 horas. Los Amantes de Lola<\/p>\n\n\n\n<p><strong>S\u00e1bado 3 de enero<\/strong>&nbsp;17:05 horas. Fania Delena y la Rebeli\u00f3n Cumbiera 18:05 horas. La Orquesta de P\u00e9rez Prado 19:20 horas. Jorge Carmona. La Voz del Barrio 20:40 horas. Orquesta Canela (Colombia) 21:55 horas. Dj Santiago Show<\/p>\n\n\n\n<p><strong>Domingo 4 de enero<\/strong>&nbsp;18:05 horas. Ibrahim Ferrer Jr. Legado Buenavista Social Club (Cuba) 19:15 horas. Valeria Jasso 20:15 horas. Ana Tijoux (Chile) 21:45 horas. Dj Ari Vargas<\/p>\n\n\n\n<p>Sin duda, \u201cLuces de Invierno\u201d ser\u00e1 un punto de encuentro para la cultura y un abrazo colectivo entre la poblaci\u00f3n en estas fiestas decembrinas. De la misma forma, la cultura y el turismo llegar\u00e1n a todos los rincones de la ciudad, logrando que todas y todos tengan puntos seguros para disfrutar, bailar y gozar sus derechos culturales. \u00a1Vive las fiestas decembrinas en colectividad!<\/p>\n\n\n\n<p><a href=\"https:\/\/www.facebook.com\/watch\/hashtag\/gobiernocdmx?__eep__=6%2F&amp;__cft__[0]=AZZn8SxREhyHYRTINWxIdLJortwxQJKdEmI59f2AqcNiQl9D08sFxIIF8FCj_lYd408ty5YgcB5pts-m31rd743jm0b8Phxk6ff2YheTzxUpZukpA7MW8vb3HKVIAySa_OUZPmg3rILbP6F8WAJX3M9UH2GKYL7Ai4R0CqwNuS4Ysqh8PbdACGTU0qRXBWZxwnc&amp;__tn__=*NK-R\">#GobiernoCDMX<\/a><\/p>\n\n\n\n<p><a href=\"https:\/\/www.facebook.com\/watch\/hashtag\/cdmx?__eep__=6%2F&amp;__cft__[0]=AZZn8SxREhyHYRTINWxIdLJortwxQJKdEmI59f2AqcNiQl9D08sFxIIF8FCj_lYd408ty5YgcB5pts-m31rd743jm0b8Phxk6ff2YheTzxUpZukpA7MW8vb3HKVIAySa_OUZPmg3rILbP6F8WAJX3M9UH2GKYL7Ai4R0CqwNuS4Ysqh8PbdACGTU0qRXBWZxwnc&amp;__tn__=*NK-R\">#CDMX<\/a><\/p>\n\n\n\n<p><a href=\"https:\/\/www.facebook.com\/watch\/hashtag\/fiestasdecembrinas2025?__eep__=6%2F&amp;__cft__[0]=AZZn8SxREhyHYRTINWxIdLJortwxQJKdEmI59f2AqcNiQl9D08sFxIIF8FCj_lYd408ty5YgcB5pts-m31rd743jm0b8Phxk6ff2YheTzxUpZukpA7MW8vb3HKVIAySa_OUZPmg3rILbP6F8WAJX3M9UH2GKYL7Ai4R0CqwNuS4Ysqh8PbdACGTU0qRXBWZxwnc&amp;__tn__=*NK-R\">#fiestasdecembrinas2025<\/a><\/p>\n\n\n\n<p><a href=\"https:\/\/www.facebook.com\/watch\/hashtag\/bitacoracdmx?__eep__=6%2F&amp;__cft__[0]=AZZn8SxREhyHYRTINWxIdLJortwxQJKdEmI59f2AqcNiQl9D08sFxIIF8FCj_lYd408ty5YgcB5pts-m31rd743jm0b8Phxk6ff2YheTzxUpZukpA7MW8vb3HKVIAySa_OUZPmg3rILbP6F8WAJX3M9UH2GKYL7Ai4R0CqwNuS4Ysqh8PbdACGTU0qRXBWZxwnc&amp;__tn__=*NK-R\">#bitacoracdmx<\/a><\/p>\n","protected":false},"excerpt":{"rendered":"<p>REDACCI\u00d3N El Gobierno de la Ciudad de M\u00e9xico, a trav\u00e9s de la&nbsp;Secretar\u00eda de Cultura local, invita a las familias a disfrutar de una amplia programaci\u00f3n de actividades decembrinas de entrada libre para celebrar la Navidad 2025 y el A\u00f1o Nuevo 2026 en el Z\u00f3calo capitalino y 15 sedes de la ciudad con&nbsp;\u201cLuces de Invierno\u201d, y la emblem\u00e1tica&nbsp;Fiesta de Fin de A\u00f1o&nbsp;en Paseo de la Reforma. En conferencia de prensa, la Jefa de Gobierno, Clara Brugada Molina, destac\u00f3 que esta jornada navide\u00f1a busca que el Z\u00f3calo capitalino se transforme para la poblaci\u00f3n y, al mismo tiempo, descentralizar la cultura, con el [&hellip;]<\/p>\n","protected":false},"author":1,"featured_media":61621,"comment_status":"closed","ping_status":"closed","sticky":false,"template":"","format":"standard","meta":{"footnotes":""},"categories":[5,4,9],"tags":[],"_links":{"self":[{"href":"https:\/\/www.bitacoracdmx.com\/index.php?rest_route=\/wp\/v2\/posts\/61620"}],"collection":[{"href":"https:\/\/www.bitacoracdmx.com\/index.php?rest_route=\/wp\/v2\/posts"}],"about":[{"href":"https:\/\/www.bitacoracdmx.com\/index.php?rest_route=\/wp\/v2\/types\/post"}],"author":[{"embeddable":true,"href":"https:\/\/www.bitacoracdmx.com\/index.php?rest_route=\/wp\/v2\/users\/1"}],"replies":[{"embeddable":true,"href":"https:\/\/www.bitacoracdmx.com\/index.php?rest_route=%2Fwp%2Fv2%2Fcomments&post=61620"}],"version-history":[{"count":1,"href":"https:\/\/www.bitacoracdmx.com\/index.php?rest_route=\/wp\/v2\/posts\/61620\/revisions"}],"predecessor-version":[{"id":61623,"href":"https:\/\/www.bitacoracdmx.com\/index.php?rest_route=\/wp\/v2\/posts\/61620\/revisions\/61623"}],"wp:featuredmedia":[{"embeddable":true,"href":"https:\/\/www.bitacoracdmx.com\/index.php?rest_route=\/wp\/v2\/media\/61621"}],"wp:attachment":[{"href":"https:\/\/www.bitacoracdmx.com\/index.php?rest_route=%2Fwp%2Fv2%2Fmedia&parent=61620"}],"wp:term":[{"taxonomy":"category","embeddable":true,"href":"https:\/\/www.bitacoracdmx.com\/index.php?rest_route=%2Fwp%2Fv2%2Fcategories&post=61620"},{"taxonomy":"post_tag","embeddable":true,"href":"https:\/\/www.bitacoracdmx.com\/index.php?rest_route=%2Fwp%2Fv2%2Ftags&post=61620"}],"curies":[{"name":"wp","href":"https:\/\/api.w.org\/{rel}","templated":true}]}}