{"id":61652,"date":"2025-12-18T02:10:20","date_gmt":"2025-12-18T02:10:20","guid":{"rendered":"https:\/\/www.bitacoracdmx.com\/?p=61652"},"modified":"2025-12-18T02:10:22","modified_gmt":"2025-12-18T02:10:22","slug":"31-fans-lleva-la-magia-de-31-minutos-a-la-maraka-en-una-funcion-imperdible-para-toda-la-familia","status":"publish","type":"post","link":"https:\/\/www.bitacoracdmx.com\/?p=61652","title":{"rendered":"31 FANS lleva la magia de 31 MINUTOS a la MARAKA en una FUNCI\u00d3N IMPERDIBLE para TODA LA FAMILIA"},"content":{"rendered":"\n<p><\/p>\n\n\n\n<p>REDACCI\u00d3N<\/p>\n\n\n\n<p><em>*Se presentar\u00e1 este D<strong>omingo 25 de enero a la 1 de la tarde en punto<\/strong>&nbsp;en el&nbsp;<strong>Centro de Espect\u00e1culos La Maraka<\/strong><\/em><\/p>\n\n\n\n<p><em>*Boletos a la venta en el Sistema Arema Ticket en&nbsp;<strong><a rel=\"noreferrer noopener\" target=\"_blank\" href=\"https:\/\/arema.mx\/e\/16514\/31-minutos-fans-cdmx\">https:\/\/arema.mx\/e\/16514\/31-minutos-fans-cdmx<\/a><\/strong>&nbsp;y en taquillas del inmueble<\/em><\/p>\n\n\n\n<p>El universo de&nbsp;<em>31 Minutos<\/em>&nbsp;volver\u00e1 a cobrar vida en la Ciudad de M\u00e9xico este&nbsp;<strong>domingo 25 de enero a la 1 de la tarde en punto<\/strong>, cuando el espect\u00e1culo&nbsp;<strong>\u201c31 Fans \u2013 Tributo a 31 Minutos\u201d<\/strong>&nbsp;se presente en el&nbsp;<strong>Centro de Espect\u00e1culos La Maraka<\/strong>, consolid\u00e1ndose como una de las propuestas familiares m\u00e1s entra\u00f1ables y celebradas de la cartelera capitalina. Se trata de un montaje que, lejos de ser una simple recreaci\u00f3n, ha logrado construir una identidad propia y sumar&nbsp;<strong>grandes \u00e9xitos y reconocimiento en todo el pa\u00eds<\/strong>, all\u00ed donde se presenta, gracias a su respeto por la esencia original y a la pasi\u00f3n con la que el colectivo 31 Fans ha defendido este universo. Boletos a la venta en el Sistema Arema Ticket en&nbsp;<strong><a rel=\"noreferrer noopener\" target=\"_blank\" href=\"https:\/\/arema.mx\/e\/16514\/31-minutos-fans-cdmx\">https:\/\/arema.mx\/e\/16514\/31-minutos-fans-cdmx<\/a><\/strong>&nbsp;y en taquillas del inmueble.<\/p>\n\n\n\n<p>El espect\u00e1culo revive la magia, el humor y la irreverencia del noticiero chileno que marc\u00f3 a toda una generaci\u00f3n, transformando el recuerdo televisivo en una experiencia esc\u00e9nica viva, cercana y profundamente emotiva. A trav\u00e9s de m\u00fasica, t\u00edteres y s\u00e1tira,&nbsp;<strong>31 Fans<\/strong>&nbsp;recrea el esp\u00edritu de&nbsp;<em>31 Minutos<\/em>&nbsp;con una mirada fresca y participativa, permitiendo que personajes entra\u00f1ables como Tulio Trivi\u00f1o, Juan Carlos Bodoque, Patana y el siempre ca\u00f3tico Guaripolo vuelvan a encontrarse con el p\u00fablico en un formato que privilegia la risa, la complicidad y la memoria colectiva.<\/p>\n\n\n\n<p>El montaje no busca imitar de manera literal al proyecto original creado por \u00c1lvaro D\u00edaz y Pedro Peirano, sino reinterpretar su esencia desde el cari\u00f1o y el trabajo artesanal. En escena, los t\u00edteres, el vestuario y la escenograf\u00eda dialogan con un guion din\u00e1mico que combina sketches, n\u00fameros musicales y momentos de improvisaci\u00f3n, recordando por qu\u00e9&nbsp;<em>31 Minutos<\/em>&nbsp;trascendi\u00f3 la televisi\u00f3n infantil para convertirse en un referente de humor inteligente en toda Am\u00e9rica Latina. Esa honestidad creativa ha sido clave para que&nbsp;<strong>31 Fans<\/strong>&nbsp;se gane el respeto del p\u00fablico y consolide su propuesta en cada ciudad que visita.<\/p>\n\n\n\n<p>La experiencia est\u00e1 acompa\u00f1ada por canciones que ya forman parte de la memoria generacional, temas que durante a\u00f1os han sido cantados, compartidos y reinterpretados por distintas generaciones. En el recinto, padres, madres, hijas e hijos coinciden frente al escenario, demostrando que el humor absurdo, la m\u00fasica y la cr\u00edtica social disfrazada de parodia siguen siendo un lenguaje universal capaz de unir edades y contextos distintos en una misma carcajada.<\/p>\n\n\n\n<p>La presentaci\u00f3n en La Maraka se suma a la s\u00f3lida trayectoria de este tributo, que ha recorrido diversos escenarios del pa\u00eds con funciones exitosas y respuestas entusiastas del p\u00fablico. Este reconocimiento nacional confirma que&nbsp;<em>31 Minutos<\/em>&nbsp;no es solo un recuerdo televisivo, sino un fen\u00f3meno cultural vivo, capaz de reinventarse y mantenerse vigente gracias al trabajo comprometido de colectivos como&nbsp;<strong>31 Fans<\/strong>, que han entendido la importancia de cuidar la memoria sin convertirla en museo.<\/p>\n\n\n\n<p>Los&nbsp;<strong>boletos ya se encuentran disponibles<\/strong>&nbsp;tanto en las&nbsp;<strong>taquillas del Centro de Espect\u00e1culos La Maraka<\/strong>&nbsp;como a trav\u00e9s del sistema&nbsp;<strong>AREMA.mx<\/strong>, en el enlace oficial:&nbsp;<strong><a rel=\"noreferrer noopener\" target=\"_blank\" href=\"https:\/\/arema.mx\/e\/16514\/31-minutos-fans-cdmx\">https:\/\/arema.mx\/e\/16514\/31-minutos-fans-cdmx<\/a><\/strong>. La cita es este&nbsp;<strong>domingo 25 de enero a la 1:00 de la tarde<\/strong>, una funci\u00f3n que se perfila como un punto de encuentro entre nostalgia, humor y m\u00fasica, y que promete convertirse en una de las experiencias familiares m\u00e1s entra\u00f1ables de la temporada en la Ciudad de M\u00e9xico.&nbsp;&nbsp;<\/p>\n\n\n\n<p><a href=\"https:\/\/www.facebook.com\/hashtag\/31fans?__eep__=6&amp;__cft__[0]=AZZWqko8urGau-njLuoCZP2stu8gWdPz1VMfS8JN7fbdDzyb2aStcAipDxLNHheR8Qw9cRZsu2bmWgz5OGL96wR_vVfMAKAKY_omGA1HKxUFLJis_yXxCUzlWl4khYsHOzFeBOZaNire_2KvW1rA0YiW&amp;__tn__=*NK-R\">#31fans<\/a><\/p>\n\n\n\n<p><a href=\"https:\/\/www.facebook.com\/hashtag\/tributoa31minutos?__eep__=6&amp;__cft__[0]=AZZWqko8urGau-njLuoCZP2stu8gWdPz1VMfS8JN7fbdDzyb2aStcAipDxLNHheR8Qw9cRZsu2bmWgz5OGL96wR_vVfMAKAKY_omGA1HKxUFLJis_yXxCUzlWl4khYsHOzFeBOZaNire_2KvW1rA0YiW&amp;__tn__=*NK-R\">#tributoa31minutos<\/a><\/p>\n\n\n\n<p><a href=\"https:\/\/www.facebook.com\/hashtag\/lamaraka?__eep__=6&amp;__cft__[0]=AZZWqko8urGau-njLuoCZP2stu8gWdPz1VMfS8JN7fbdDzyb2aStcAipDxLNHheR8Qw9cRZsu2bmWgz5OGL96wR_vVfMAKAKY_omGA1HKxUFLJis_yXxCUzlWl4khYsHOzFeBOZaNire_2KvW1rA0YiW&amp;__tn__=*NK-R\">#LaMaraka<\/a><\/p>\n\n\n\n<p><a href=\"https:\/\/www.facebook.com\/hashtag\/arematicket?__eep__=6&amp;__cft__[0]=AZZWqko8urGau-njLuoCZP2stu8gWdPz1VMfS8JN7fbdDzyb2aStcAipDxLNHheR8Qw9cRZsu2bmWgz5OGL96wR_vVfMAKAKY_omGA1HKxUFLJis_yXxCUzlWl4khYsHOzFeBOZaNire_2KvW1rA0YiW&amp;__tn__=*NK-R\">#AremaTicket<\/a><\/p>\n\n\n\n<p><a href=\"https:\/\/www.facebook.com\/hashtag\/cdmx?__eep__=6&amp;__cft__[0]=AZZWqko8urGau-njLuoCZP2stu8gWdPz1VMfS8JN7fbdDzyb2aStcAipDxLNHheR8Qw9cRZsu2bmWgz5OGL96wR_vVfMAKAKY_omGA1HKxUFLJis_yXxCUzlWl4khYsHOzFeBOZaNire_2KvW1rA0YiW&amp;__tn__=*NK-R\">#CDMX<\/a><\/p>\n\n\n\n<p><a href=\"https:\/\/www.facebook.com\/hashtag\/bitacoracdmx?__eep__=6&amp;__cft__[0]=AZZWqko8urGau-njLuoCZP2stu8gWdPz1VMfS8JN7fbdDzyb2aStcAipDxLNHheR8Qw9cRZsu2bmWgz5OGL96wR_vVfMAKAKY_omGA1HKxUFLJis_yXxCUzlWl4khYsHOzFeBOZaNire_2KvW1rA0YiW&amp;__tn__=*NK-R\">#bitacoracdmx<\/a><\/p>\n","protected":false},"excerpt":{"rendered":"<p>REDACCI\u00d3N *Se presentar\u00e1 este Domingo 25 de enero a la 1 de la tarde en punto&nbsp;en el&nbsp;Centro de Espect\u00e1culos La Maraka *Boletos a la venta en el Sistema Arema Ticket en&nbsp;https:\/\/arema.mx\/e\/16514\/31-minutos-fans-cdmx&nbsp;y en taquillas del inmueble El universo de&nbsp;31 Minutos&nbsp;volver\u00e1 a cobrar vida en la Ciudad de M\u00e9xico este&nbsp;domingo 25 de enero a la 1 de la tarde en punto, cuando el espect\u00e1culo&nbsp;\u201c31 Fans \u2013 Tributo a 31 Minutos\u201d&nbsp;se presente en el&nbsp;Centro de Espect\u00e1culos La Maraka, consolid\u00e1ndose como una de las propuestas familiares m\u00e1s entra\u00f1ables y celebradas de la cartelera capitalina. Se trata de un montaje que, lejos de ser una [&hellip;]<\/p>\n","protected":false},"author":1,"featured_media":61653,"comment_status":"closed","ping_status":"closed","sticky":false,"template":"","format":"standard","meta":{"footnotes":""},"categories":[9,11],"tags":[],"_links":{"self":[{"href":"https:\/\/www.bitacoracdmx.com\/index.php?rest_route=\/wp\/v2\/posts\/61652"}],"collection":[{"href":"https:\/\/www.bitacoracdmx.com\/index.php?rest_route=\/wp\/v2\/posts"}],"about":[{"href":"https:\/\/www.bitacoracdmx.com\/index.php?rest_route=\/wp\/v2\/types\/post"}],"author":[{"embeddable":true,"href":"https:\/\/www.bitacoracdmx.com\/index.php?rest_route=\/wp\/v2\/users\/1"}],"replies":[{"embeddable":true,"href":"https:\/\/www.bitacoracdmx.com\/index.php?rest_route=%2Fwp%2Fv2%2Fcomments&post=61652"}],"version-history":[{"count":1,"href":"https:\/\/www.bitacoracdmx.com\/index.php?rest_route=\/wp\/v2\/posts\/61652\/revisions"}],"predecessor-version":[{"id":61654,"href":"https:\/\/www.bitacoracdmx.com\/index.php?rest_route=\/wp\/v2\/posts\/61652\/revisions\/61654"}],"wp:featuredmedia":[{"embeddable":true,"href":"https:\/\/www.bitacoracdmx.com\/index.php?rest_route=\/wp\/v2\/media\/61653"}],"wp:attachment":[{"href":"https:\/\/www.bitacoracdmx.com\/index.php?rest_route=%2Fwp%2Fv2%2Fmedia&parent=61652"}],"wp:term":[{"taxonomy":"category","embeddable":true,"href":"https:\/\/www.bitacoracdmx.com\/index.php?rest_route=%2Fwp%2Fv2%2Fcategories&post=61652"},{"taxonomy":"post_tag","embeddable":true,"href":"https:\/\/www.bitacoracdmx.com\/index.php?rest_route=%2Fwp%2Fv2%2Ftags&post=61652"}],"curies":[{"name":"wp","href":"https:\/\/api.w.org\/{rel}","templated":true}]}}