{"id":61658,"date":"2025-12-18T02:37:07","date_gmt":"2025-12-18T02:37:07","guid":{"rendered":"https:\/\/www.bitacoracdmx.com\/?p=61658"},"modified":"2025-12-18T02:37:08","modified_gmt":"2025-12-18T02:37:08","slug":"desafio-dali-la-exposicion-que-transforma-la-percepcion-del-arte-llega-a-mexico-tras-su-exitosa-gira-internacional","status":"publish","type":"post","link":"https:\/\/www.bitacoracdmx.com\/?p=61658","title":{"rendered":"&#8220;Desaf\u00edo Dal\u00ed&#8221;: La exposici\u00f3n que transforma la percepci\u00f3n del arte llega a M\u00e9xico tras su exitosa gira internacional"},"content":{"rendered":"\n<p><\/p>\n\n\n\n<p>REDACCI\u00d3N<\/p>\n\n\n\n<p>La esperada exposici\u00f3n &#8220;Desaf\u00edo Dal\u00ed&#8221; aterriza en M\u00e9xico despu\u00e9s de un recorrido internacional que ha cautivado a millones de visitantes en diversas ciudades del mundo. Esta innovadora exhibici\u00f3n, que combina la genialidad del maestro surrealista Salvador Dal\u00ed con la m\u00e1s alta tecnolog\u00eda, promete llevar a los asistentes a un viaje inolvidable a trav\u00e9s de sus obras m\u00e1s ic\u00f3nicas.<\/p>\n\n\n\n<p>&#8220;Desaf\u00edo Dal\u00ed&#8221; no es solo una exposici\u00f3n, es una experiencia que desaf\u00eda los l\u00edmites de la percepci\u00f3n. A trav\u00e9s de proyecciones 3D, realidad aumentada y entornos interactivos, los visitantes podr\u00e1n explorar el universo \u00fanico de Dal\u00ed como nunca antes. Desde sus c\u00e9lebres relojes derretidos hasta sus paisajes on\u00edricos, cada rinc\u00f3n de la exposici\u00f3n invita a los asistentes a sumergirse en un<br>mundo donde la imaginaci\u00f3n no tiene l\u00edmites.<\/p>\n\n\n\n<p>La exposici\u00f3n se inaugurar\u00e1 el 20 de diciembre en el parque Naucalli y estar\u00e1 en nuestro pa\u00eds durante 2025 y 2026 visitando Guadalajara, Tijuana, CDMX, M\u00e9rida.<\/p>\n\n\n\n<p>Los boletos estar\u00e1n disponibles en la plataforma Ticket One, y se espera una gran afluencia de visitantes, por lo que se recomienda adquirir las entradas con anticipaci\u00f3n.<\/p>\n\n\n\n<p>&#8220;Desaf\u00edo Dal\u00ed&#8221; es una oportunidad \u00fanica para apreciar el arte de uno de los m\u00e1s grandes genios del siglo XX a trav\u00e9s de una perspectiva edutainment, que busca educar con entretenimiento.<\/p>\n\n\n\n<p>\u00a1No te pierdas esta oportunidad de redescubrir a Dal\u00ed en un formato completamente nuevo! <\/p>\n\n\n\n<p>&#8220;Desaf\u00edo Dal\u00ed&#8221;: La exposici\u00f3n que transforma la percepci\u00f3n del arte llega a M\u00e9xico tras su exitosa gira internacional.<\/p>\n\n\n\n<p>\u201cDesaf\u00edo Dal\u00ed&#8221; es la \u00fanica producci\u00f3n internacional avalada por la fundaci\u00f3n Gala Dal\u00ed, que busca<br>combinar arte y tecnolog\u00eda para ofrecer la experiencia m\u00e1s innovadora de las obras del genio Salvador Dal\u00ed<br><\/p>\n\n\n\n<p><a href=\"https:\/\/www.facebook.com\/hashtag\/salvadordali?__eep__=6&amp;__cft__[0]=AZZiNN4rbC2UZTjKnkC6uo8PgWVCOAeuxnU9JuLWw4YuxRoJcjoUATkLHYWNmf8k1Ax-kxzqbboKIAsSfcZOdBT6FUZzjn0TJPW9pWjID0cDd4eCc0rEKWQWuVNYaLfPGlS6pa21zui-buBfdAh9ozqQFRm8uCUWwkasy0rUqU1TByoI2aU-BoiiPLL_XOg72DM&amp;__tn__=*NK-R\">#salvadordali<\/a><\/p>\n\n\n\n<p><a href=\"https:\/\/www.facebook.com\/hashtag\/desafiodali?__eep__=6&amp;__cft__[0]=AZZiNN4rbC2UZTjKnkC6uo8PgWVCOAeuxnU9JuLWw4YuxRoJcjoUATkLHYWNmf8k1Ax-kxzqbboKIAsSfcZOdBT6FUZzjn0TJPW9pWjID0cDd4eCc0rEKWQWuVNYaLfPGlS6pa21zui-buBfdAh9ozqQFRm8uCUWwkasy0rUqU1TByoI2aU-BoiiPLL_XOg72DM&amp;__tn__=*NK-R\">#desafiodali<\/a><\/p>\n\n\n\n<p><a href=\"https:\/\/www.facebook.com\/hashtag\/cdmx?__eep__=6&amp;__cft__[0]=AZZiNN4rbC2UZTjKnkC6uo8PgWVCOAeuxnU9JuLWw4YuxRoJcjoUATkLHYWNmf8k1Ax-kxzqbboKIAsSfcZOdBT6FUZzjn0TJPW9pWjID0cDd4eCc0rEKWQWuVNYaLfPGlS6pa21zui-buBfdAh9ozqQFRm8uCUWwkasy0rUqU1TByoI2aU-BoiiPLL_XOg72DM&amp;__tn__=*NK-R\">#CDMX<\/a><\/p>\n\n\n\n<p><a href=\"https:\/\/www.facebook.com\/hashtag\/bitacoracdmx?__eep__=6&amp;__cft__[0]=AZZiNN4rbC2UZTjKnkC6uo8PgWVCOAeuxnU9JuLWw4YuxRoJcjoUATkLHYWNmf8k1Ax-kxzqbboKIAsSfcZOdBT6FUZzjn0TJPW9pWjID0cDd4eCc0rEKWQWuVNYaLfPGlS6pa21zui-buBfdAh9ozqQFRm8uCUWwkasy0rUqU1TByoI2aU-BoiiPLL_XOg72DM&amp;__tn__=*NK-R\">#bitacoracdmx<\/a><\/p>\n\n\n\n<p><a href=\"https:\/\/www.facebook.com\/hashtag\/parquenaucalli?__eep__=6&amp;__cft__[0]=AZZiNN4rbC2UZTjKnkC6uo8PgWVCOAeuxnU9JuLWw4YuxRoJcjoUATkLHYWNmf8k1Ax-kxzqbboKIAsSfcZOdBT6FUZzjn0TJPW9pWjID0cDd4eCc0rEKWQWuVNYaLfPGlS6pa21zui-buBfdAh9ozqQFRm8uCUWwkasy0rUqU1TByoI2aU-BoiiPLL_XOg72DM&amp;__tn__=*NK-R\">#ParqueNaucalli<\/a><\/p>\n","protected":false},"excerpt":{"rendered":"<p>REDACCI\u00d3N La esperada exposici\u00f3n &#8220;Desaf\u00edo Dal\u00ed&#8221; aterriza en M\u00e9xico despu\u00e9s de un recorrido internacional que ha cautivado a millones de visitantes en diversas ciudades del mundo. Esta innovadora exhibici\u00f3n, que combina la genialidad del maestro surrealista Salvador Dal\u00ed con la m\u00e1s alta tecnolog\u00eda, promete llevar a los asistentes a un viaje inolvidable a trav\u00e9s de sus obras m\u00e1s ic\u00f3nicas. &#8220;Desaf\u00edo Dal\u00ed&#8221; no es solo una exposici\u00f3n, es una experiencia que desaf\u00eda los l\u00edmites de la percepci\u00f3n. A trav\u00e9s de proyecciones 3D, realidad aumentada y entornos interactivos, los visitantes podr\u00e1n explorar el universo \u00fanico de Dal\u00ed como nunca antes. Desde sus [&hellip;]<\/p>\n","protected":false},"author":1,"featured_media":61659,"comment_status":"closed","ping_status":"closed","sticky":false,"template":"","format":"standard","meta":{"footnotes":""},"categories":[5,9],"tags":[],"_links":{"self":[{"href":"https:\/\/www.bitacoracdmx.com\/index.php?rest_route=\/wp\/v2\/posts\/61658"}],"collection":[{"href":"https:\/\/www.bitacoracdmx.com\/index.php?rest_route=\/wp\/v2\/posts"}],"about":[{"href":"https:\/\/www.bitacoracdmx.com\/index.php?rest_route=\/wp\/v2\/types\/post"}],"author":[{"embeddable":true,"href":"https:\/\/www.bitacoracdmx.com\/index.php?rest_route=\/wp\/v2\/users\/1"}],"replies":[{"embeddable":true,"href":"https:\/\/www.bitacoracdmx.com\/index.php?rest_route=%2Fwp%2Fv2%2Fcomments&post=61658"}],"version-history":[{"count":1,"href":"https:\/\/www.bitacoracdmx.com\/index.php?rest_route=\/wp\/v2\/posts\/61658\/revisions"}],"predecessor-version":[{"id":61660,"href":"https:\/\/www.bitacoracdmx.com\/index.php?rest_route=\/wp\/v2\/posts\/61658\/revisions\/61660"}],"wp:featuredmedia":[{"embeddable":true,"href":"https:\/\/www.bitacoracdmx.com\/index.php?rest_route=\/wp\/v2\/media\/61659"}],"wp:attachment":[{"href":"https:\/\/www.bitacoracdmx.com\/index.php?rest_route=%2Fwp%2Fv2%2Fmedia&parent=61658"}],"wp:term":[{"taxonomy":"category","embeddable":true,"href":"https:\/\/www.bitacoracdmx.com\/index.php?rest_route=%2Fwp%2Fv2%2Fcategories&post=61658"},{"taxonomy":"post_tag","embeddable":true,"href":"https:\/\/www.bitacoracdmx.com\/index.php?rest_route=%2Fwp%2Fv2%2Ftags&post=61658"}],"curies":[{"name":"wp","href":"https:\/\/api.w.org\/{rel}","templated":true}]}}