{"id":61661,"date":"2025-12-18T03:53:12","date_gmt":"2025-12-18T03:53:12","guid":{"rendered":"https:\/\/www.bitacoracdmx.com\/?p=61661"},"modified":"2025-12-18T03:53:14","modified_gmt":"2025-12-18T03:53:14","slug":"imparable-siddhartha-anuncia-una-segunda-fecha-en-el-palacio-de-los-deportes","status":"publish","type":"post","link":"https:\/\/www.bitacoracdmx.com\/?p=61661","title":{"rendered":"\u00a1Imparable! Siddhartha anuncia una segunda fecha en el Palacio de los Deportes"},"content":{"rendered":"\n<p><\/p>\n\n\n\n<p>REDACCI\u00d3N<\/p>\n\n\n\n<h3 class=\"wp-block-heading\">SOLD OUT: 4 DE SEPTIEMBRE<\/h3>\n\n\n\n<h3 class=\"wp-block-heading\">NUEVA FECHA: 3 DE SEPTIEMBRE<\/h3>\n\n\n\n<p>Despu\u00e9s de un rotundo \u00e9xito al agotar sus presentaciones para el Auditorio Nacional y una m\u00e1s en el Domo de Cobre el pr\u00f3ximo a\u00f1o,&nbsp;<strong>Siddhartha<\/strong>&nbsp;anuncia una segunda fecha en este escenario que sin duda ser\u00e1 una de las mejores noches de 2026. No te pierdas de las canciones de uno de los m\u00fasicos m\u00e1s aplaudidos del momento. La cita ser\u00e1 el pr\u00f3ximo 3 de septiembre en el Palacio de los Deportes.<\/p>\n\n\n\n<p><strong><em>T\u00fa y Yo y T\u00fa<\/em>: Una Dulce Invasi\u00f3n de Sentimientos<\/strong><\/p>\n\n\n\n<p>Despu\u00e9s de una serie de&nbsp;<em>shows<\/em>&nbsp;exitosos y un a\u00f1o lleno de actividad,&nbsp;<strong>Siddhartha<\/strong>&nbsp;est\u00e1 preparando lo que ser\u00e1 su nueva producci\u00f3n, de la cual ya podemos disfrutar dos temas por adelantado:&nbsp;<strong>\u201cT\u00fa y Yo y T\u00fa\u201d<\/strong>&nbsp;y&nbsp;<strong>\u201cAbr\u00e1zame\u201d<\/strong>. Estas dos canciones expresan un estilo \u00fanico y profundizan en los sentimientos y el amor. Son temas envolventes y emotivos que reflejan el sello particular del cantante.<\/p>\n\n\n\n<p><strong>Jorge Siddhartha Gonz\u00e1lez Ibarra<\/strong>&nbsp;es un m\u00fasico, productor, compositor y cantante mexicano, cuyo estilo se mueve con soltura entre el&nbsp;<em>indie rock<\/em>,&nbsp;<em>folk rock<\/em>&nbsp;y&nbsp;<em>pop alternativo<\/em>. Sus inicios son fascinantes: en su infancia mostr\u00f3 inter\u00e9s por la bater\u00eda, llegando a ser el baterista de la banda mexicana&nbsp;<strong>Zo\u00e9<\/strong>&nbsp;entre 2005 y 2006. Su talento lo llev\u00f3 a ganar el premio&nbsp;<strong>Indie-O Music Awards<\/strong>&nbsp;por su \u00e1lbum&nbsp;<strong><em>El Vuelo Del Pez<\/em><\/strong>. Su trayectoria en solitario es s\u00f3lida, con seis discos:&nbsp;<strong><em>Why You?<\/em><\/strong>&nbsp;(nominado a los premios Grammy Latinos),&nbsp;<strong><em>N\u00e1ufrago, El Vuelo Del Pez, \u00danicos, Memoria Futuro (tambi\u00e9n nominado a los Grammy Latinos) y 00:00.<\/em><\/strong><\/p>\n\n\n\n<p>Si quieres ser de los primeros en escuchar el material in\u00e9dito del artista y disfrutar de una noche m\u00e1s de conexi\u00f3n pura con canciones que ya son himnos, tienes que estar en el Palacio de los Deportes. \u00a1Corre por tus boletos y s\u00e9 parte de esta nueva era musical de Siddhartha!<\/p>\n\n\n\n<p><a href=\"https:\/\/www.facebook.com\/hashtag\/siddhartha?__eep__=6&amp;__cft__[0]=AZZoy1tkLppxwfUgaipwktnSuIpYM1pUCH9rfRtyEFyUaVRvqvDBRM4C2RZA55r9AYYWPJdH2JkA34cM4OaK3qJzvQwAHSAs4R7YzDkA4X3lJsW5lU0-wlIvaDYco1dZ5mCalmhLQG_P39iBZRByp6DN&amp;__tn__=*NK-R\">#Siddhartha<\/a><\/p>\n\n\n\n<p><a href=\"https:\/\/www.facebook.com\/hashtag\/palaciodelosdeportes?__eep__=6&amp;__cft__[0]=AZZoy1tkLppxwfUgaipwktnSuIpYM1pUCH9rfRtyEFyUaVRvqvDBRM4C2RZA55r9AYYWPJdH2JkA34cM4OaK3qJzvQwAHSAs4R7YzDkA4X3lJsW5lU0-wlIvaDYco1dZ5mCalmhLQG_P39iBZRByp6DN&amp;__tn__=*NK-R\">#palaciodelosdeportes<\/a><\/p>\n\n\n\n<p><a href=\"https:\/\/www.facebook.com\/hashtag\/ocesa?__eep__=6&amp;__cft__[0]=AZZoy1tkLppxwfUgaipwktnSuIpYM1pUCH9rfRtyEFyUaVRvqvDBRM4C2RZA55r9AYYWPJdH2JkA34cM4OaK3qJzvQwAHSAs4R7YzDkA4X3lJsW5lU0-wlIvaDYco1dZ5mCalmhLQG_P39iBZRByp6DN&amp;__tn__=*NK-R\">#OCESA<\/a><\/p>\n\n\n\n<p><a href=\"https:\/\/www.facebook.com\/hashtag\/ticketmaster?__eep__=6&amp;__cft__[0]=AZZoy1tkLppxwfUgaipwktnSuIpYM1pUCH9rfRtyEFyUaVRvqvDBRM4C2RZA55r9AYYWPJdH2JkA34cM4OaK3qJzvQwAHSAs4R7YzDkA4X3lJsW5lU0-wlIvaDYco1dZ5mCalmhLQG_P39iBZRByp6DN&amp;__tn__=*NK-R\">#ticketmaster<\/a><\/p>\n\n\n\n<p><a href=\"https:\/\/www.facebook.com\/hashtag\/cdmx?__eep__=6&amp;__cft__[0]=AZZoy1tkLppxwfUgaipwktnSuIpYM1pUCH9rfRtyEFyUaVRvqvDBRM4C2RZA55r9AYYWPJdH2JkA34cM4OaK3qJzvQwAHSAs4R7YzDkA4X3lJsW5lU0-wlIvaDYco1dZ5mCalmhLQG_P39iBZRByp6DN&amp;__tn__=*NK-R\">#CDMX<\/a><\/p>\n\n\n\n<p><a href=\"https:\/\/www.facebook.com\/hashtag\/bitacoracdmx?__eep__=6&amp;__cft__[0]=AZZoy1tkLppxwfUgaipwktnSuIpYM1pUCH9rfRtyEFyUaVRvqvDBRM4C2RZA55r9AYYWPJdH2JkA34cM4OaK3qJzvQwAHSAs4R7YzDkA4X3lJsW5lU0-wlIvaDYco1dZ5mCalmhLQG_P39iBZRByp6DN&amp;__tn__=*NK-R\">#bitacoracdmx<\/a><\/p>\n","protected":false},"excerpt":{"rendered":"<p>REDACCI\u00d3N SOLD OUT: 4 DE SEPTIEMBRE NUEVA FECHA: 3 DE SEPTIEMBRE Despu\u00e9s de un rotundo \u00e9xito al agotar sus presentaciones para el Auditorio Nacional y una m\u00e1s en el Domo de Cobre el pr\u00f3ximo a\u00f1o,&nbsp;Siddhartha&nbsp;anuncia una segunda fecha en este escenario que sin duda ser\u00e1 una de las mejores noches de 2026. No te pierdas de las canciones de uno de los m\u00fasicos m\u00e1s aplaudidos del momento. La cita ser\u00e1 el pr\u00f3ximo 3 de septiembre en el Palacio de los Deportes. T\u00fa y Yo y T\u00fa: Una Dulce Invasi\u00f3n de Sentimientos Despu\u00e9s de una serie de&nbsp;shows&nbsp;exitosos y un a\u00f1o lleno [&hellip;]<\/p>\n","protected":false},"author":1,"featured_media":61662,"comment_status":"closed","ping_status":"closed","sticky":false,"template":"","format":"standard","meta":{"footnotes":""},"categories":[9,11],"tags":[],"_links":{"self":[{"href":"https:\/\/www.bitacoracdmx.com\/index.php?rest_route=\/wp\/v2\/posts\/61661"}],"collection":[{"href":"https:\/\/www.bitacoracdmx.com\/index.php?rest_route=\/wp\/v2\/posts"}],"about":[{"href":"https:\/\/www.bitacoracdmx.com\/index.php?rest_route=\/wp\/v2\/types\/post"}],"author":[{"embeddable":true,"href":"https:\/\/www.bitacoracdmx.com\/index.php?rest_route=\/wp\/v2\/users\/1"}],"replies":[{"embeddable":true,"href":"https:\/\/www.bitacoracdmx.com\/index.php?rest_route=%2Fwp%2Fv2%2Fcomments&post=61661"}],"version-history":[{"count":1,"href":"https:\/\/www.bitacoracdmx.com\/index.php?rest_route=\/wp\/v2\/posts\/61661\/revisions"}],"predecessor-version":[{"id":61663,"href":"https:\/\/www.bitacoracdmx.com\/index.php?rest_route=\/wp\/v2\/posts\/61661\/revisions\/61663"}],"wp:featuredmedia":[{"embeddable":true,"href":"https:\/\/www.bitacoracdmx.com\/index.php?rest_route=\/wp\/v2\/media\/61662"}],"wp:attachment":[{"href":"https:\/\/www.bitacoracdmx.com\/index.php?rest_route=%2Fwp%2Fv2%2Fmedia&parent=61661"}],"wp:term":[{"taxonomy":"category","embeddable":true,"href":"https:\/\/www.bitacoracdmx.com\/index.php?rest_route=%2Fwp%2Fv2%2Fcategories&post=61661"},{"taxonomy":"post_tag","embeddable":true,"href":"https:\/\/www.bitacoracdmx.com\/index.php?rest_route=%2Fwp%2Fv2%2Ftags&post=61661"}],"curies":[{"name":"wp","href":"https:\/\/api.w.org\/{rel}","templated":true}]}}