{"id":61676,"date":"2025-12-18T04:26:10","date_gmt":"2025-12-18T04:26:10","guid":{"rendered":"https:\/\/www.bitacoracdmx.com\/?p=61676"},"modified":"2025-12-18T04:26:12","modified_gmt":"2025-12-18T04:26:12","slug":"joost-klein-anuncia-gira-mundial-2026-por-sudamerica-norteamerica-australia-nueva-zelanda-y-europa","status":"publish","type":"post","link":"https:\/\/www.bitacoracdmx.com\/?p=61676","title":{"rendered":"JOOST KLEIN anuncia GIRA MUNDIAL 2026 por SUDAM\u00c9RICA, NORTEAM\u00c9RICA, AUSTRALIA, NUEVA ZELANDA y EUROPA"},"content":{"rendered":"\n<p><\/p>\n\n\n\n<p>REDACCI\u00d3N<\/p>\n\n\n\n<p><strong>El artista multidisciplinario neerland\u00e9s har\u00e1 historia como el primer acto en idioma neerland\u00e9s en Coachella 2026<\/strong><\/p>\n\n\n\n<p><strong>4 DE ABRIL \u2013 PABELL\u00d3N OESTE&nbsp;<br>Preventa Banamex: 18 de diciembre, 10:00 a.m.<\/strong><\/p>\n\n\n\n<p>El artista emergente neerland\u00e9s&nbsp;<strong>Joost Klein<\/strong>&nbsp;ha anunciado una extensa gira mundial para 2026, que incluir\u00e1 actuaciones en Sudam\u00e9rica, Norteam\u00e9rica, Australia, Nueva Zelanda y Europa. La gira marca un hito hist\u00f3rico, ya que Joost se convertir\u00e1 en el primer artista de habla neerlandesa en presentarse en uno de los festivales m\u00e1s importantes en california.<\/p>\n\n\n\n<p>Conocido por trascender la m\u00fasica pop tradicional al combinar m\u00fasica, arte visual y\u00a0<em>performance\u00a0<\/em>en experiencias inmersivas, Joost ha emergido como un fen\u00f3meno internacional. Su emoci\u00f3n cruda, humor y energ\u00eda inconfundible han dominado los festivales europeos y las giras con entradas agotadas en los Estados Unidos y Europa. Tras su presentaci\u00f3n global en el Festival de la Canci\u00f3n de\u00a0<strong>Eurovisi\u00f3n\u00a0<\/strong><strong>2024\u00a0<\/strong>con el \u00e9xito<strong>\u00a0&#8220;Europapa&#8221;<\/strong>, Joost ha acumulado cientos de millones de reproducciones en todo el mundo y se ha ganado una reputaci\u00f3n por sus actuaciones de alta energ\u00eda que desaf\u00edan los g\u00e9neros. Musicalmente, Joost existe en un espacio propio: mezclando el\u00a0<em>hardcore\u00a0<\/em>neerland\u00e9s y la energ\u00eda del punk con el\u00a0<em>new age<\/em>\u00a0y la m\u00fasica de fiesta emocional.<\/p>\n\n\n\n<p><a href=\"https:\/\/www.facebook.com\/hashtag\/joostklein?__eep__=6&amp;__cft__[0]=AZaO9HgNFBXqSp--0aKr1BngfIG-9_7tRRmOdhNSBjmuKkCEFePN0FyIPlaMtbtE1CjpaH49ABsXZWNij76v52LNteSde_1o-ADvhTp4SboB95s6CXgXGRkHGAJbdIjhyTzYjTkqshVsPowWJcKgaviK&amp;__tn__=*NK-R\">#joostklein<\/a><\/p>\n\n\n\n<p><a href=\"https:\/\/www.facebook.com\/hashtag\/pabellonoeste?__eep__=6&amp;__cft__[0]=AZaO9HgNFBXqSp--0aKr1BngfIG-9_7tRRmOdhNSBjmuKkCEFePN0FyIPlaMtbtE1CjpaH49ABsXZWNij76v52LNteSde_1o-ADvhTp4SboB95s6CXgXGRkHGAJbdIjhyTzYjTkqshVsPowWJcKgaviK&amp;__tn__=*NK-R\">#pabellonoeste<\/a><\/p>\n\n\n\n<p><a href=\"https:\/\/www.facebook.com\/hashtag\/ocesa?__eep__=6&amp;__cft__[0]=AZaO9HgNFBXqSp--0aKr1BngfIG-9_7tRRmOdhNSBjmuKkCEFePN0FyIPlaMtbtE1CjpaH49ABsXZWNij76v52LNteSde_1o-ADvhTp4SboB95s6CXgXGRkHGAJbdIjhyTzYjTkqshVsPowWJcKgaviK&amp;__tn__=*NK-R\">#OCESA<\/a><\/p>\n\n\n\n<p><a href=\"https:\/\/www.facebook.com\/hashtag\/ticketmaster?__eep__=6&amp;__cft__[0]=AZaO9HgNFBXqSp--0aKr1BngfIG-9_7tRRmOdhNSBjmuKkCEFePN0FyIPlaMtbtE1CjpaH49ABsXZWNij76v52LNteSde_1o-ADvhTp4SboB95s6CXgXGRkHGAJbdIjhyTzYjTkqshVsPowWJcKgaviK&amp;__tn__=*NK-R\">#ticketmaster<\/a><\/p>\n\n\n\n<p><a href=\"https:\/\/www.facebook.com\/hashtag\/cdmx?__eep__=6&amp;__cft__[0]=AZaO9HgNFBXqSp--0aKr1BngfIG-9_7tRRmOdhNSBjmuKkCEFePN0FyIPlaMtbtE1CjpaH49ABsXZWNij76v52LNteSde_1o-ADvhTp4SboB95s6CXgXGRkHGAJbdIjhyTzYjTkqshVsPowWJcKgaviK&amp;__tn__=*NK-R\">#CDMX<\/a><\/p>\n\n\n\n<p><a href=\"https:\/\/www.facebook.com\/hashtag\/bitacoracdmx?__eep__=6&amp;__cft__[0]=AZaO9HgNFBXqSp--0aKr1BngfIG-9_7tRRmOdhNSBjmuKkCEFePN0FyIPlaMtbtE1CjpaH49ABsXZWNij76v52LNteSde_1o-ADvhTp4SboB95s6CXgXGRkHGAJbdIjhyTzYjTkqshVsPowWJcKgaviK&amp;__tn__=*NK-R\">#bitacoracdmx<\/a><\/p>\n","protected":false},"excerpt":{"rendered":"<p>REDACCI\u00d3N El artista multidisciplinario neerland\u00e9s har\u00e1 historia como el primer acto en idioma neerland\u00e9s en Coachella 2026 4 DE ABRIL \u2013 PABELL\u00d3N OESTE&nbsp;Preventa Banamex: 18 de diciembre, 10:00 a.m. El artista emergente neerland\u00e9s&nbsp;Joost Klein&nbsp;ha anunciado una extensa gira mundial para 2026, que incluir\u00e1 actuaciones en Sudam\u00e9rica, Norteam\u00e9rica, Australia, Nueva Zelanda y Europa. La gira marca un hito hist\u00f3rico, ya que Joost se convertir\u00e1 en el primer artista de habla neerlandesa en presentarse en uno de los festivales m\u00e1s importantes en california. Conocido por trascender la m\u00fasica pop tradicional al combinar m\u00fasica, arte visual y\u00a0performance\u00a0en experiencias inmersivas, Joost ha emergido como [&hellip;]<\/p>\n","protected":false},"author":1,"featured_media":61677,"comment_status":"closed","ping_status":"closed","sticky":false,"template":"","format":"standard","meta":{"footnotes":""},"categories":[9,11],"tags":[],"_links":{"self":[{"href":"https:\/\/www.bitacoracdmx.com\/index.php?rest_route=\/wp\/v2\/posts\/61676"}],"collection":[{"href":"https:\/\/www.bitacoracdmx.com\/index.php?rest_route=\/wp\/v2\/posts"}],"about":[{"href":"https:\/\/www.bitacoracdmx.com\/index.php?rest_route=\/wp\/v2\/types\/post"}],"author":[{"embeddable":true,"href":"https:\/\/www.bitacoracdmx.com\/index.php?rest_route=\/wp\/v2\/users\/1"}],"replies":[{"embeddable":true,"href":"https:\/\/www.bitacoracdmx.com\/index.php?rest_route=%2Fwp%2Fv2%2Fcomments&post=61676"}],"version-history":[{"count":1,"href":"https:\/\/www.bitacoracdmx.com\/index.php?rest_route=\/wp\/v2\/posts\/61676\/revisions"}],"predecessor-version":[{"id":61678,"href":"https:\/\/www.bitacoracdmx.com\/index.php?rest_route=\/wp\/v2\/posts\/61676\/revisions\/61678"}],"wp:featuredmedia":[{"embeddable":true,"href":"https:\/\/www.bitacoracdmx.com\/index.php?rest_route=\/wp\/v2\/media\/61677"}],"wp:attachment":[{"href":"https:\/\/www.bitacoracdmx.com\/index.php?rest_route=%2Fwp%2Fv2%2Fmedia&parent=61676"}],"wp:term":[{"taxonomy":"category","embeddable":true,"href":"https:\/\/www.bitacoracdmx.com\/index.php?rest_route=%2Fwp%2Fv2%2Fcategories&post=61676"},{"taxonomy":"post_tag","embeddable":true,"href":"https:\/\/www.bitacoracdmx.com\/index.php?rest_route=%2Fwp%2Fv2%2Ftags&post=61676"}],"curies":[{"name":"wp","href":"https:\/\/api.w.org\/{rel}","templated":true}]}}