{"id":62107,"date":"2026-03-06T06:50:45","date_gmt":"2026-03-06T06:50:45","guid":{"rendered":"https:\/\/www.bitacoracdmx.com\/?p=62107"},"modified":"2026-03-06T06:54:13","modified_gmt":"2026-03-06T06:54:13","slug":"jaime-maussan-presentara-por-primera-vez-en-vivo-la-esfera-de-buga-en-conferencia-en-el-auditorio-nacional","status":"publish","type":"post","link":"https:\/\/www.bitacoracdmx.com\/?p=62107","title":{"rendered":"Jaime Maussan presentar\u00e1 por primera vez en vivo la \u201cEsfera de Buga\u201d en conferencia en el Auditorio Nacional"},"content":{"rendered":"\n<p><\/p>\n\n\n\n<p>Por: Cristy Padr\u00f3n<\/p>\n\n\n\n<p>El periodista e investigador mexicano Jaime Maussan anunci\u00f3 que el pr\u00f3ximo 15 de marzo de 2026 a las 17:30 horas ofrecer\u00e1 una conferencia especial en el Auditorio Nacional, donde asegura presentar\u00e1 por primera vez en p\u00fablico y en vivo la llamada \u201cEsfera de Buga\u201d, un objeto que, seg\u00fan diversas versiones, estar\u00eda relacionado con presuntos fen\u00f3menos a\u00e9reos no identificados.<\/p>\n\n\n\n<p>El evento ha generado una notable expectativa entre seguidores del fen\u00f3meno OVNI, investigadores independientes y p\u00fablico general, ya que Maussan afirma que durante la conferencia mostrar\u00e1 f\u00edsicamente el objeto y presentar\u00e1 nueva evidencia sobre su origen y caracter\u00edsticas.<\/p>\n\n\n\n<p>El objeto conocido como \u201cEsfera de Buga\u201d<\/p>\n\n\n\n<p>La denominada \u201cEsfera de Buga\u201d debe su nombre a la ciudad de Buga, donde supuestamente habr\u00eda sido localizada. El objeto ha sido descrito en distintos reportes como una esfera met\u00e1lica de apariencia inusual, cuyo origen a\u00fan no estar\u00eda claramente determinado.<\/p>\n\n\n\n<p>De acuerdo con informaci\u00f3n difundida por investigadores del fen\u00f3meno OVNI, la esfera habr\u00eda despertado inter\u00e9s debido a:<\/p>\n\n\n\n<p>\u2022 Su estructura aparentemente uniforme y met\u00e1lica<br>\u2022 Supuestas propiedades f\u00edsicas poco comunes<br>\u2022 La falta de un origen industrial identificado<br>\u2022 Testimonios que la vinculan con avistamientos de fen\u00f3menos a\u00e9reos an\u00f3malos<\/p>\n\n\n\n<p>Hasta el momento, no existe confirmaci\u00f3n cient\u00edfica p\u00fablica concluyente sobre la naturaleza del objeto, lo que ha generado tanto inter\u00e9s como escepticismo dentro de la comunidad cient\u00edfica.<\/p>\n\n\n\n<p>Durante la conferencia programada en el Auditorio Nacional, Maussan adelant\u00f3 que presentar\u00e1:<br>\u2022 La esfera f\u00edsicamente frente al p\u00fablico<br>\u2022 Resultados de an\u00e1lisis preliminares<br>\u2022 Material audiovisual y testimonios<br>\u2022 Contexto de la investigaci\u00f3n sobre su hallazgo<\/p>\n\n\n\n<p>El investigador se\u00f1al\u00f3 que el objetivo del evento es abrir el debate p\u00fablico sobre el origen del objeto, as\u00ed como compartir con especialistas y asistentes la informaci\u00f3n disponible hasta ahora.<\/p>\n\n\n\n<p>El Auditorio Nacional, uno de los recintos culturales m\u00e1s importantes de M\u00e9xico, ha sido sede de diversos eventos cient\u00edficos, culturales y conferencias internacionales, por lo que la presentaci\u00f3n ha llamado la atenci\u00f3n de medios y seguidores del fen\u00f3meno.<\/p>\n\n\n\n<p>Un tema que sigue generando inter\u00e9s global<\/p>\n\n\n\n<p>El inter\u00e9s por los objetos voladores no identificados y los llamados fen\u00f3menos an\u00f3malos no identificados ha crecido significativamente en la \u00faltima d\u00e9cada, impulsado por desclasificaciones gubernamentales y estudios cient\u00edficos que buscan comprender fen\u00f3menos a\u00e9reos a\u00fan sin explicaci\u00f3n clara.<\/p>\n\n\n\n<p>En este contexto, la presentaci\u00f3n anunciada por Maussan podr\u00eda convertirse en uno de los eventos m\u00e1s comentados dentro de la comunidad ufol\u00f3gica latinoamericana en 2026, particularmente si el objeto es mostrado p\u00fablicamente y sometido posteriormente a an\u00e1lisis m\u00e1s rigurosos.<\/p>\n\n\n\n<p>Por ahora, la conferencia del 15 de marzo en la Ciudad de M\u00e9xico promete reunir tanto a creyentes como a esc\u00e9pticos en torno a un mismo objetivo: observar de cerca la misteriosa Esfera de Buga y escuchar la informaci\u00f3n que se presentar\u00e1 sobre ella.<\/p>\n\n\n\n<p><a href=\"https:\/\/www.facebook.com\/hashtag\/jaimemaussan?__eep__=6&amp;__cft__[0]=AZZTY6nxnUEUwhG78xjvUzyLLIG625-2lP0CLjwqgV8kvI268XBATrNBZj_v1PvyEFHUqSB70DxmX_kM5fXMRov9yAQEztSIG_vrgGinuI6MT9kzLyJyz7ARSYwh1DVbmVzQqTzNppH3vjQvYkzV9hOE&amp;__tn__=*NK-R\">#JaimeMaussan<\/a><\/p>\n\n\n\n<p><a href=\"https:\/\/www.facebook.com\/hashtag\/esferadebuga?__eep__=6&amp;__cft__[0]=AZZTY6nxnUEUwhG78xjvUzyLLIG625-2lP0CLjwqgV8kvI268XBATrNBZj_v1PvyEFHUqSB70DxmX_kM5fXMRov9yAQEztSIG_vrgGinuI6MT9kzLyJyz7ARSYwh1DVbmVzQqTzNppH3vjQvYkzV9hOE&amp;__tn__=*NK-R\">#EsferaDeBuga<\/a><\/p>\n\n\n\n<p><a href=\"https:\/\/www.facebook.com\/hashtag\/tercermilenio?__eep__=6&amp;__cft__[0]=AZZTY6nxnUEUwhG78xjvUzyLLIG625-2lP0CLjwqgV8kvI268XBATrNBZj_v1PvyEFHUqSB70DxmX_kM5fXMRov9yAQEztSIG_vrgGinuI6MT9kzLyJyz7ARSYwh1DVbmVzQqTzNppH3vjQvYkzV9hOE&amp;__tn__=*NK-R\">#TercerMilenio<\/a><\/p>\n\n\n\n<p><a href=\"https:\/\/www.facebook.com\/hashtag\/cdmx?__eep__=6&amp;__cft__[0]=AZZTY6nxnUEUwhG78xjvUzyLLIG625-2lP0CLjwqgV8kvI268XBATrNBZj_v1PvyEFHUqSB70DxmX_kM5fXMRov9yAQEztSIG_vrgGinuI6MT9kzLyJyz7ARSYwh1DVbmVzQqTzNppH3vjQvYkzV9hOE&amp;__tn__=*NK-R\">#CDMX<\/a><\/p>\n\n\n\n<p><a href=\"https:\/\/www.facebook.com\/hashtag\/bitacoracdmx?__eep__=6&amp;__cft__[0]=AZZTY6nxnUEUwhG78xjvUzyLLIG625-2lP0CLjwqgV8kvI268XBATrNBZj_v1PvyEFHUqSB70DxmX_kM5fXMRov9yAQEztSIG_vrgGinuI6MT9kzLyJyz7ARSYwh1DVbmVzQqTzNppH3vjQvYkzV9hOE&amp;__tn__=*NK-R\">#bitacoracdmx<\/a><\/p>\n","protected":false},"excerpt":{"rendered":"<p>Por: Cristy Padr\u00f3n El periodista e investigador mexicano Jaime Maussan anunci\u00f3 que el pr\u00f3ximo 15 de marzo de 2026 a las 17:30 horas ofrecer\u00e1 una conferencia especial en el Auditorio Nacional, donde asegura presentar\u00e1 por primera vez en p\u00fablico y en vivo la llamada \u201cEsfera de Buga\u201d, un objeto que, seg\u00fan diversas versiones, estar\u00eda relacionado con presuntos fen\u00f3menos a\u00e9reos no identificados. El evento ha generado una notable expectativa entre seguidores del fen\u00f3meno OVNI, investigadores independientes y p\u00fablico general, ya que Maussan afirma que durante la conferencia mostrar\u00e1 f\u00edsicamente el objeto y presentar\u00e1 nueva evidencia sobre su origen y caracter\u00edsticas. El [&hellip;]<\/p>\n","protected":false},"author":1,"featured_media":62108,"comment_status":"closed","ping_status":"closed","sticky":false,"template":"","format":"standard","meta":{"footnotes":""},"categories":[8,9],"tags":[],"_links":{"self":[{"href":"https:\/\/www.bitacoracdmx.com\/index.php?rest_route=\/wp\/v2\/posts\/62107"}],"collection":[{"href":"https:\/\/www.bitacoracdmx.com\/index.php?rest_route=\/wp\/v2\/posts"}],"about":[{"href":"https:\/\/www.bitacoracdmx.com\/index.php?rest_route=\/wp\/v2\/types\/post"}],"author":[{"embeddable":true,"href":"https:\/\/www.bitacoracdmx.com\/index.php?rest_route=\/wp\/v2\/users\/1"}],"replies":[{"embeddable":true,"href":"https:\/\/www.bitacoracdmx.com\/index.php?rest_route=%2Fwp%2Fv2%2Fcomments&post=62107"}],"version-history":[{"count":2,"href":"https:\/\/www.bitacoracdmx.com\/index.php?rest_route=\/wp\/v2\/posts\/62107\/revisions"}],"predecessor-version":[{"id":62111,"href":"https:\/\/www.bitacoracdmx.com\/index.php?rest_route=\/wp\/v2\/posts\/62107\/revisions\/62111"}],"wp:featuredmedia":[{"embeddable":true,"href":"https:\/\/www.bitacoracdmx.com\/index.php?rest_route=\/wp\/v2\/media\/62108"}],"wp:attachment":[{"href":"https:\/\/www.bitacoracdmx.com\/index.php?rest_route=%2Fwp%2Fv2%2Fmedia&parent=62107"}],"wp:term":[{"taxonomy":"category","embeddable":true,"href":"https:\/\/www.bitacoracdmx.com\/index.php?rest_route=%2Fwp%2Fv2%2Fcategories&post=62107"},{"taxonomy":"post_tag","embeddable":true,"href":"https:\/\/www.bitacoracdmx.com\/index.php?rest_route=%2Fwp%2Fv2%2Ftags&post=62107"}],"curies":[{"name":"wp","href":"https:\/\/api.w.org\/{rel}","templated":true}]}}