{"id":62119,"date":"2026-03-06T22:24:16","date_gmt":"2026-03-06T22:24:16","guid":{"rendered":"https:\/\/www.bitacoracdmx.com\/?p=62119"},"modified":"2026-03-06T22:24:18","modified_gmt":"2026-03-06T22:24:18","slug":"miguel-mateos-celebra-su-trayectoria-con-concierto-en-el-auditorio-nacional","status":"publish","type":"post","link":"https:\/\/www.bitacoracdmx.com\/?p=62119","title":{"rendered":"MIGUEL MATEOS celebra su trayectoria con CONCIERTO en el AUDITORIO NACIONAL"},"content":{"rendered":"\n<p><\/p>\n\n\n\n<p>REDACCI\u00d3N<\/p>\n\n\n\n<p>*Miguel Mateos se presenta el pr\u00f3ximo 19 de marzo, en el&nbsp;<strong>Auditorio Nacional de la Ciudad de M\u00e9xico<\/strong><\/p>\n\n\n\n<p>*Los boletos est\u00e1n a la venta en el Sistema Ticketmaster y en taquillas del inmueble<\/p>\n\n\n\n<p>El tiempo, a veces, no avanza: se transforma en canci\u00f3n. Y en esa geograf\u00eda \u00edntima donde la memoria se mezcla con la emoci\u00f3n colectiva,&nbsp;<strong>Miguel Mateos<\/strong>&nbsp;regresar\u00e1 a la Ciudad de M\u00e9xico para reencontrarse con su p\u00fablico el pr\u00f3ximo 19 de marzo, en el&nbsp;<strong>Auditorio Nacional<\/strong>, en una noche dedicada a celebrar cuatro d\u00e9cadas de&nbsp;<em>Solos en Am\u00e9rica<\/em>, uno de los discos m\u00e1s influyentes del rock en espa\u00f1ol. Los boletos est\u00e1n a la venta en el Sistema Ticketmaster y en taquillas del inmueble.<\/p>\n\n\n\n<p>No se trata \u00fanicamente de un concierto, sino de una ceremonia sonora que convoca a generaciones enteras. Sobre el escenario, Mateos volver\u00e1 a levantar una obra que marc\u00f3 \u00e9poca, un \u00e1lbum que en los a\u00f1os ochenta redefini\u00f3 el pulso del rock latinoamericano y abri\u00f3 caminos para una escena que todav\u00eda buscaba su identidad. Aquel disco no solo fue una colecci\u00f3n de canciones: fue una declaraci\u00f3n de principios, un manifiesto emocional que cruz\u00f3 fronteras y encontr\u00f3 en M\u00e9xico uno de sus p\u00fablicos m\u00e1s fieles.<\/p>\n\n\n\n<p>Temas como \u201cCuando seas grande\u201d, \u201cEs tan f\u00e1cil romper un coraz\u00f3n\u201d y \u201cSolos en Am\u00e9rica\u201d forman parte del ADN musical de millones de oyentes. Son piezas que no envejecen, que resurgen cada vez que una voz las entona en colectivo, que se mantienen vivas en la memoria urbana, en los viajes nocturnos, en las historias personales que se escribieron con ellas de fondo.<\/p>\n\n\n\n<p>Con m\u00e1s de cuatro d\u00e9cadas de trayectoria, Miguel Mateos ha construido una carrera s\u00f3lida, extensa y profundamente influyente. Su cat\u00e1logo supera la veintena de producciones discogr\u00e1ficas, con millones de copias vendidas y miles de presentaciones en distintos continentes. Desde sus primeros pasos en festivales juveniles hasta la consolidaci\u00f3n de su banda ZAS, su recorrido ha estado marcado por la constancia, la innovaci\u00f3n y una conexi\u00f3n permanente con el p\u00fablico.<\/p>\n\n\n\n<p>Su impacto ha sido reconocido por medios especializados como&nbsp;<strong>Rolling Stone<\/strong>, que ha incluido algunas de sus composiciones entre las m\u00e1s relevantes del rock argentino, as\u00ed como por&nbsp;<strong>MTV<\/strong>, que ha destacado su legado en la cultura popular latinoamericana. M\u00e1s all\u00e1 de los reconocimientos, su verdadera dimensi\u00f3n se mide en la permanencia de sus canciones en la vida cotidiana de quienes crecieron escuch\u00e1ndolas.<\/p>\n\n\n\n<p>El concierto del 19 de marzo se perfila como un recorrido emocional por distintas etapas de su historia art\u00edstica, con un repertorio que dialoga entre la nostalgia y la vigencia, entre la \u00e9pica de los a\u00f1os ochenta y la sensibilidad del presente. La producci\u00f3n contempla una puesta en escena cuidada, pensada para amplificar la fuerza de un cancionero que sigue latiendo con intensidad.<\/p>\n\n\n\n<p>En el Auditorio Nacional, ese templo sonoro de la capital, resonar\u00e1n nuevamente las canciones que acompa\u00f1aron sue\u00f1os, rupturas, esperanzas y despedidas. Y en ese eco compartido, Miguel Mateos reafirmar\u00e1 que hay obras que no pertenecen al pasado, sino a un presente que se renueva cada vez que alguien las vuelve a escuchar. Los boletos est\u00e1n a la venta en el Sistema Ticketmaster y en taquillas del inmueble.<\/p>\n\n\n\n<p><a href=\"https:\/\/www.facebook.com\/hashtag\/miguelmateos?__eep__=6&amp;__cft__[0]=AZZ4Rs5S3KmnBQHK1HtiL7mZHoXGyHUcZ-3AqCX8_uC78MBVmjF6QkmbKTX3pzOilEcGUPXAS-4VSN4_AIy6FHI-6k5VxxJom8jpg-TCHotdtFRmYNoUXHHK2Ru82m0ufLUjOTpqHj9ulW7rGNRXlFeb&amp;__tn__=*NK-R\">#MiguelMateos<\/a><\/p>\n\n\n\n<p><a href=\"https:\/\/www.facebook.com\/hashtag\/auditorionacional?__eep__=6&amp;__cft__[0]=AZZ4Rs5S3KmnBQHK1HtiL7mZHoXGyHUcZ-3AqCX8_uC78MBVmjF6QkmbKTX3pzOilEcGUPXAS-4VSN4_AIy6FHI-6k5VxxJom8jpg-TCHotdtFRmYNoUXHHK2Ru82m0ufLUjOTpqHj9ulW7rGNRXlFeb&amp;__tn__=*NK-R\">#AuditorioNacional<\/a><\/p>\n\n\n\n<p><a href=\"https:\/\/www.facebook.com\/hashtag\/ocesa?__eep__=6&amp;__cft__[0]=AZZ4Rs5S3KmnBQHK1HtiL7mZHoXGyHUcZ-3AqCX8_uC78MBVmjF6QkmbKTX3pzOilEcGUPXAS-4VSN4_AIy6FHI-6k5VxxJom8jpg-TCHotdtFRmYNoUXHHK2Ru82m0ufLUjOTpqHj9ulW7rGNRXlFeb&amp;__tn__=*NK-R\">#Ocesa<\/a><\/p>\n\n\n\n<p><a href=\"https:\/\/www.facebook.com\/hashtag\/ticketmaster?__eep__=6&amp;__cft__[0]=AZZ4Rs5S3KmnBQHK1HtiL7mZHoXGyHUcZ-3AqCX8_uC78MBVmjF6QkmbKTX3pzOilEcGUPXAS-4VSN4_AIy6FHI-6k5VxxJom8jpg-TCHotdtFRmYNoUXHHK2Ru82m0ufLUjOTpqHj9ulW7rGNRXlFeb&amp;__tn__=*NK-R\">#ticketmaster<\/a><\/p>\n\n\n\n<p><a href=\"https:\/\/www.facebook.com\/hashtag\/cdmx?__eep__=6&amp;__cft__[0]=AZZ4Rs5S3KmnBQHK1HtiL7mZHoXGyHUcZ-3AqCX8_uC78MBVmjF6QkmbKTX3pzOilEcGUPXAS-4VSN4_AIy6FHI-6k5VxxJom8jpg-TCHotdtFRmYNoUXHHK2Ru82m0ufLUjOTpqHj9ulW7rGNRXlFeb&amp;__tn__=*NK-R\">#CDMX<\/a><\/p>\n\n\n\n<p><a href=\"https:\/\/www.facebook.com\/hashtag\/bitacoracdmx?__eep__=6&amp;__cft__[0]=AZZ4Rs5S3KmnBQHK1HtiL7mZHoXGyHUcZ-3AqCX8_uC78MBVmjF6QkmbKTX3pzOilEcGUPXAS-4VSN4_AIy6FHI-6k5VxxJom8jpg-TCHotdtFRmYNoUXHHK2Ru82m0ufLUjOTpqHj9ulW7rGNRXlFeb&amp;__tn__=*NK-R\">#bitacoracdmx<\/a><\/p>\n\n\n\n<p><\/p>\n","protected":false},"excerpt":{"rendered":"<p>REDACCI\u00d3N *Miguel Mateos se presenta el pr\u00f3ximo 19 de marzo, en el&nbsp;Auditorio Nacional de la Ciudad de M\u00e9xico *Los boletos est\u00e1n a la venta en el Sistema Ticketmaster y en taquillas del inmueble El tiempo, a veces, no avanza: se transforma en canci\u00f3n. Y en esa geograf\u00eda \u00edntima donde la memoria se mezcla con la emoci\u00f3n colectiva,&nbsp;Miguel Mateos&nbsp;regresar\u00e1 a la Ciudad de M\u00e9xico para reencontrarse con su p\u00fablico el pr\u00f3ximo 19 de marzo, en el&nbsp;Auditorio Nacional, en una noche dedicada a celebrar cuatro d\u00e9cadas de&nbsp;Solos en Am\u00e9rica, uno de los discos m\u00e1s influyentes del rock en espa\u00f1ol. Los boletos est\u00e1n [&hellip;]<\/p>\n","protected":false},"author":1,"featured_media":62120,"comment_status":"closed","ping_status":"closed","sticky":false,"template":"","format":"standard","meta":{"footnotes":""},"categories":[9,11],"tags":[],"_links":{"self":[{"href":"https:\/\/www.bitacoracdmx.com\/index.php?rest_route=\/wp\/v2\/posts\/62119"}],"collection":[{"href":"https:\/\/www.bitacoracdmx.com\/index.php?rest_route=\/wp\/v2\/posts"}],"about":[{"href":"https:\/\/www.bitacoracdmx.com\/index.php?rest_route=\/wp\/v2\/types\/post"}],"author":[{"embeddable":true,"href":"https:\/\/www.bitacoracdmx.com\/index.php?rest_route=\/wp\/v2\/users\/1"}],"replies":[{"embeddable":true,"href":"https:\/\/www.bitacoracdmx.com\/index.php?rest_route=%2Fwp%2Fv2%2Fcomments&post=62119"}],"version-history":[{"count":1,"href":"https:\/\/www.bitacoracdmx.com\/index.php?rest_route=\/wp\/v2\/posts\/62119\/revisions"}],"predecessor-version":[{"id":62121,"href":"https:\/\/www.bitacoracdmx.com\/index.php?rest_route=\/wp\/v2\/posts\/62119\/revisions\/62121"}],"wp:featuredmedia":[{"embeddable":true,"href":"https:\/\/www.bitacoracdmx.com\/index.php?rest_route=\/wp\/v2\/media\/62120"}],"wp:attachment":[{"href":"https:\/\/www.bitacoracdmx.com\/index.php?rest_route=%2Fwp%2Fv2%2Fmedia&parent=62119"}],"wp:term":[{"taxonomy":"category","embeddable":true,"href":"https:\/\/www.bitacoracdmx.com\/index.php?rest_route=%2Fwp%2Fv2%2Fcategories&post=62119"},{"taxonomy":"post_tag","embeddable":true,"href":"https:\/\/www.bitacoracdmx.com\/index.php?rest_route=%2Fwp%2Fv2%2Ftags&post=62119"}],"curies":[{"name":"wp","href":"https:\/\/api.w.org\/{rel}","templated":true}]}}