{"id":62122,"date":"2026-03-06T22:34:28","date_gmt":"2026-03-06T22:34:28","guid":{"rendered":"https:\/\/www.bitacoracdmx.com\/?p=62122"},"modified":"2026-03-06T22:34:30","modified_gmt":"2026-03-06T22:34:30","slug":"es-mujer-la-exposicion-que-llena-paseo-de-la-reforma-con-retratos-de-mujeres-poderosas","status":"publish","type":"post","link":"https:\/\/www.bitacoracdmx.com\/?p=62122","title":{"rendered":"\u201cES MUJER\u201d, la exposici\u00f3n que llena PASEO DE LA REFORMA con RETRATOS de MUJERES PODEROSAS"},"content":{"rendered":"\n<p><\/p>\n\n\n\n<p>REDACCI\u00d3N<\/p>\n\n\n\n<ul>\n<li>Esta muestra re\u00fane los retratos de mujeres poderosas en la ciencia, el arte, el deporte, el periodismo, la cultura, la empresa, la educaci\u00f3n, el activismo, los oficios tradicionales, la tecnolog\u00eda, la medicina, la m\u00fasica, el campo, la ingenier\u00eda y la vida comunitaria, construyendo una narrativa visual colectiva e interviniendo una de las principales avenidas de la ciudad<\/li>\n\n\n\n<li>Del 6 de marzo al 19 de abril, las fotograf\u00edas estar\u00e1n expuestas en las rejas del Bosque de Chapultepec, un corredor cultural inigualable y abierto las 24 horas del d\u00eda, con acceso gratuito y para toda la familia<\/li>\n<\/ul>\n\n\n\n<p>En el marco del D\u00eda Internacional de las Mujeres y \u201cTiempo de Mujeres, Festival por la Igualdad 2026\u201d, al mediod\u00eda de este viernes 6 de marzo se inaugur\u00f3 la exposici\u00f3n fotogr\u00e1fica \u201c<strong>Es Mujer<\/strong>\u201d de Gabriela Saavedra, en uno de los espacios m\u00e1s emblem\u00e1ticos de la Ciudad de M\u00e9xico: la Galer\u00eda Abierta Grutas de las rejas del Bosque de Chapultepec, ubicada en Avenida Paseo de la Reforma. Este proyecto re\u00fane los retratos de 60 mujeres de diversos \u00e1mbitos, desde la ciencia hasta la vida comunitaria, y construye una narrativa plural de la mujer mexicana contempor\u00e1nea, as\u00ed como una memoria visual colectiva.<\/p>\n\n\n\n<p>En la inauguraci\u00f3n, Ana Francis L\u00f3pez Bayghen Pati\u00f1o, titular de la Secretar\u00eda de Cultura capitalina, destac\u00f3 la importancia de abrir espacios art\u00edsticos para las mujeres, con el fin de seguir impulsando la paridad y fomentar la perspectiva de g\u00e9nero en la cultura. Tambi\u00e9n se\u00f1al\u00f3 que \u201cTiempo de Mujeres\u201d se extender\u00e1 todo el a\u00f1o con el objetivo de visibilizar el trabajo de las mujeres en los diversos recintos de la capital.<\/p>\n\n\n\n<p>\u201cNos toca seguir abriendo puertas porque si una llega a estar fotografiada en estos espacios, si una llega a tener esta voz en este micr\u00f3fono, necesariamente tiene que abrir la puerta de las que vienen detr\u00e1s. (\u2026) Tenemos mucho trabajo que que hacer, pero este es el momento m\u00e1s propicio que hemos tenido en la historia de este pa\u00eds. (\u2026) Aqu\u00ed celebramos la belleza en el espacio p\u00fablico; adem\u00e1s en esta temporada tan hermosa llena de jacarandas\u201d, expres\u00f3.<\/p>\n\n\n\n<p>La galer\u00eda busca ser una plataforma simb\u00f3lica y cultural para generar referentes reales, diversos y funcionales para las nuevas generaciones. El espacio seleccionado no fue una simple coincidencia, fue elegido porque Paseo de la Reforma es un escenario de luchas sociales, celebraciones populares y memoria colectiva en M\u00e9xico.<\/p>\n\n\n\n<p>Por su parte, la fot\u00f3grafa Gabriela Saavedra, agradeci\u00f3 a todo el equipo de personas que hizo esto posible y mencion\u00f3 que es un sue\u00f1o para ella estar en un espacio tan importante como lo es el Bosque de Chapultepec.<\/p>\n\n\n\n<p>\u201cGracias infinitas a todas las mujeres que me prestaron sus ojos y sus alma para hacer posible este sue\u00f1o. Ustedes guerreras valientes, gracias por no rendirse y por ser un faro para tantas m\u00e1s que vienen\u201d, puntualiz\u00f3.<\/p>\n\n\n\n<p>Saavedra es fot\u00f3grafa, editora y productora originaria de la Ciudad de M\u00e9xico. Se form\u00f3 en la Escuela Activa de Fotograf\u00eda, y Cinematograf\u00eda en Columbia College, Chicago. Se ha desempe\u00f1ado como directora de la Escuela Activa de Fotograf\u00eda, plantel Cuernavaca, fundada por ella misma en 1992. Desde entonces, ha dedicado su vida a formar miradas. Tambi\u00e9n ha colaborado con las revistas m\u00e1s importantes del mundo: Vanity Fair, Elle, Vogue, In Style. Al mismo tiempo, ha trabajado para agencias de publicidad y empresas privadas, y se desempe\u00f1a como editora de libros de arte.<\/p>\n\n\n\n<p>\u201cEsta es una galer\u00eda al aire libre que a diario recorren cientos de miles de espectadores, alrededor de 170,000 espectadores. Es una feliz idea, una galer\u00eda abierta en la principal arteria de nuestro pa\u00eds. (\u2026) Hoy que las mujeres podemos ser lo que queremos, lo estamos haciendo. Nuestro desaf\u00edo de ahora en adelante es querer ser lo que la cultura patriarcal nunca imagin\u00f3 que se puede. (\u2026) Por el bien de todos y todas, al carajo el machismo. Por el bien de todos y todas, arriba el feminismo\u201d, dijo Sabina Berman, quien tambi\u00e9n estuvo presente durante el evento de apertura.<\/p>\n\n\n\n<p>Ana Elena Mallet, curadora de dise\u00f1o, celebr\u00f3 que este tipo de proyectos est\u00e9n tomando fuerza y puedan conectar con m\u00e1s mujeres. De igual forma, destac\u00f3 la importancia de los referentes, pues las historias que se ven y escuchan construyen lo que la gente puede creer posible.<\/p>\n\n\n\n<p>\u201cAunque llevamos a\u00f1os tratando de hacernos visibles y alzando la voz, hoy proyectos como este siguen resultando pertinentes y necesarios porque m\u00e1s que celebrar trayectorias individuales, construyen una contestaci\u00f3n de experiencias que nos permiten la diversidad, fuerza y complejidad de las mujeres mexicanas contempor\u00e1neas\u201d, coment\u00f3.<\/p>\n\n\n\n<p>Antes de concluir el evento,&nbsp;<em>Amazonas<\/em>, un grupo de mariachi conformado por mujeres que han luchado por visibilizar su trabajo en un gremio dominado por hombres, subi\u00f3 al escenario para interpretar algunos temas que abordan el amor y el poder de las mujeres. Entre aplausos y mucho reconocimiento, deleitaron a la audiencia con su talento.<\/p>\n\n\n\n<p>\u201cEs Mujer\u201d permanecer\u00e1 en la Galer\u00eda Grutas de las rejas de Chapultepec, ubicada en Paseo de la Reforma frente al Museo Nacional de Antropolog\u00eda, hasta el 19 de abril. Abierta las 24 horas, con acceso gratuito y para toda la familia.<\/p>\n\n\n\n<p><a href=\"https:\/\/www.facebook.com\/hashtag\/paseodelareforma?__eep__=6&amp;__cft__[0]=AZaEGyPDn8oi3Fy6Lmc-nsoWu0MK7SYb7Rsr-RIlRq6mksv8SXSoNgJTAW1NuLB8aOacgvGddPHyYrb-dNXY_oMAiiE5xLvj7qaAEMRizelIVnlYdmAQNNekxxplRHc7zyaa5LTaE9_BlrRR4CWfnC4X&amp;__tn__=*NK-R\">#paseodelareforma<\/a><\/p>\n\n\n\n<p><a href=\"https:\/\/www.facebook.com\/hashtag\/esmujer?__eep__=6&amp;__cft__[0]=AZaEGyPDn8oi3Fy6Lmc-nsoWu0MK7SYb7Rsr-RIlRq6mksv8SXSoNgJTAW1NuLB8aOacgvGddPHyYrb-dNXY_oMAiiE5xLvj7qaAEMRizelIVnlYdmAQNNekxxplRHc7zyaa5LTaE9_BlrRR4CWfnC4X&amp;__tn__=*NK-R\">#EsMujer<\/a><\/p>\n\n\n\n<p><a href=\"https:\/\/www.facebook.com\/hashtag\/secretariadeculturacdmx?__eep__=6&amp;__cft__[0]=AZaEGyPDn8oi3Fy6Lmc-nsoWu0MK7SYb7Rsr-RIlRq6mksv8SXSoNgJTAW1NuLB8aOacgvGddPHyYrb-dNXY_oMAiiE5xLvj7qaAEMRizelIVnlYdmAQNNekxxplRHc7zyaa5LTaE9_BlrRR4CWfnC4X&amp;__tn__=*NK-R\">#secretariadeculturacdmx<\/a><\/p>\n\n\n\n<p><a href=\"https:\/\/www.facebook.com\/hashtag\/8m?__eep__=6&amp;__cft__[0]=AZaEGyPDn8oi3Fy6Lmc-nsoWu0MK7SYb7Rsr-RIlRq6mksv8SXSoNgJTAW1NuLB8aOacgvGddPHyYrb-dNXY_oMAiiE5xLvj7qaAEMRizelIVnlYdmAQNNekxxplRHc7zyaa5LTaE9_BlrRR4CWfnC4X&amp;__tn__=*NK-R\">#8M<\/a><\/p>\n\n\n\n<p><a href=\"https:\/\/www.facebook.com\/hashtag\/cdmx?__eep__=6&amp;__cft__[0]=AZaEGyPDn8oi3Fy6Lmc-nsoWu0MK7SYb7Rsr-RIlRq6mksv8SXSoNgJTAW1NuLB8aOacgvGddPHyYrb-dNXY_oMAiiE5xLvj7qaAEMRizelIVnlYdmAQNNekxxplRHc7zyaa5LTaE9_BlrRR4CWfnC4X&amp;__tn__=*NK-R\">#CDMX<\/a><\/p>\n\n\n\n<p><a href=\"https:\/\/www.facebook.com\/hashtag\/bitacoracdmx?__eep__=6&amp;__cft__[0]=AZaEGyPDn8oi3Fy6Lmc-nsoWu0MK7SYb7Rsr-RIlRq6mksv8SXSoNgJTAW1NuLB8aOacgvGddPHyYrb-dNXY_oMAiiE5xLvj7qaAEMRizelIVnlYdmAQNNekxxplRHc7zyaa5LTaE9_BlrRR4CWfnC4X&amp;__tn__=*NK-R\">#bitacoracdmx<\/a><\/p>\n","protected":false},"excerpt":{"rendered":"<p>REDACCI\u00d3N En el marco del D\u00eda Internacional de las Mujeres y \u201cTiempo de Mujeres, Festival por la Igualdad 2026\u201d, al mediod\u00eda de este viernes 6 de marzo se inaugur\u00f3 la exposici\u00f3n fotogr\u00e1fica \u201cEs Mujer\u201d de Gabriela Saavedra, en uno de los espacios m\u00e1s emblem\u00e1ticos de la Ciudad de M\u00e9xico: la Galer\u00eda Abierta Grutas de las rejas del Bosque de Chapultepec, ubicada en Avenida Paseo de la Reforma. Este proyecto re\u00fane los retratos de 60 mujeres de diversos \u00e1mbitos, desde la ciencia hasta la vida comunitaria, y construye una narrativa plural de la mujer mexicana contempor\u00e1nea, as\u00ed como una memoria visual [&hellip;]<\/p>\n","protected":false},"author":1,"featured_media":62123,"comment_status":"closed","ping_status":"closed","sticky":false,"template":"","format":"standard","meta":{"footnotes":""},"categories":[5,9],"tags":[],"_links":{"self":[{"href":"https:\/\/www.bitacoracdmx.com\/index.php?rest_route=\/wp\/v2\/posts\/62122"}],"collection":[{"href":"https:\/\/www.bitacoracdmx.com\/index.php?rest_route=\/wp\/v2\/posts"}],"about":[{"href":"https:\/\/www.bitacoracdmx.com\/index.php?rest_route=\/wp\/v2\/types\/post"}],"author":[{"embeddable":true,"href":"https:\/\/www.bitacoracdmx.com\/index.php?rest_route=\/wp\/v2\/users\/1"}],"replies":[{"embeddable":true,"href":"https:\/\/www.bitacoracdmx.com\/index.php?rest_route=%2Fwp%2Fv2%2Fcomments&post=62122"}],"version-history":[{"count":1,"href":"https:\/\/www.bitacoracdmx.com\/index.php?rest_route=\/wp\/v2\/posts\/62122\/revisions"}],"predecessor-version":[{"id":62124,"href":"https:\/\/www.bitacoracdmx.com\/index.php?rest_route=\/wp\/v2\/posts\/62122\/revisions\/62124"}],"wp:featuredmedia":[{"embeddable":true,"href":"https:\/\/www.bitacoracdmx.com\/index.php?rest_route=\/wp\/v2\/media\/62123"}],"wp:attachment":[{"href":"https:\/\/www.bitacoracdmx.com\/index.php?rest_route=%2Fwp%2Fv2%2Fmedia&parent=62122"}],"wp:term":[{"taxonomy":"category","embeddable":true,"href":"https:\/\/www.bitacoracdmx.com\/index.php?rest_route=%2Fwp%2Fv2%2Fcategories&post=62122"},{"taxonomy":"post_tag","embeddable":true,"href":"https:\/\/www.bitacoracdmx.com\/index.php?rest_route=%2Fwp%2Fv2%2Ftags&post=62122"}],"curies":[{"name":"wp","href":"https:\/\/api.w.org\/{rel}","templated":true}]}}