{"id":62125,"date":"2026-03-06T22:44:46","date_gmt":"2026-03-06T22:44:46","guid":{"rendered":"https:\/\/www.bitacoracdmx.com\/?p=62125"},"modified":"2026-03-06T22:44:47","modified_gmt":"2026-03-06T22:44:47","slug":"invita-gobierno-de-la-ciudad-de-mexico-a-disfrutar-del-festival-noche-de-primavera-2026","status":"publish","type":"post","link":"https:\/\/www.bitacoracdmx.com\/?p=62125","title":{"rendered":"Invita GOBIERNO DE LA CIUDAD DE M\u00c9XICO a disfrutar del FESTIVAL NOCHE DE PRIMAVERA 2026"},"content":{"rendered":"\n<p><\/p>\n\n\n\n<p>REDACCI\u00d3N<\/p>\n\n\n\n<p>\u25cf El festival se llevar\u00e1 a cabo en siete sedes en el Centro Hist\u00f3rico de la Ciudad de M\u00e9xico: Monumento a la Revoluci\u00f3n, Plaza Manuel Tols\u00e1, Dr. Mora, Kiosco Alameda, Terraza del Museo del Estanquillo, el Monumento a Beethoven y el Z\u00f3calo, adem\u00e1s de La Ca\u00f1ada en los Dinamos, al sur de la capital<\/p>\n\n\n\n<p>\u25cf En el Z\u00f3calo capitalino se realizar\u00e1 el 4to Gran Baile de Sonideras y Sonideros, en el que participar\u00e1n 12 proyectos que fueron seleccionados tras un sorteo, y participar\u00e1 el Sonido C\u00f3ndor a manera de homenaje a su trayectoria<\/p>\n\n\n\n<p>\u25cf Para ampliar la programaci\u00f3n, el domingo 22 de marzo se presentar\u00e1 el programa dominical \u201cCu\u00edcatl, la ciudad que suena\u201d en 14 sedes por toda la ciudad, en las que participar\u00e1n 25 grupos, 12 de ellos con fuerte presencia femenina, y 7 grupos internacionales de Argentina, Chile, Colombia, Estados Unidos, Hait\u00ed, con alrededor de 150 m\u00fasicos<\/p>\n\n\n\n<p>El&nbsp;<strong>s\u00e1bado 21 y domingo 22 de marzo<\/strong>, la capital se convertir\u00e1 en un epicentro musical con el festival&nbsp;<strong>Noche de Primavera 2026<\/strong>, organizado por el Gobierno de la Ciudad de M\u00e9xico, a trav\u00e9s de la&nbsp;<strong>Secretar\u00eda de Cultura<\/strong>, que tiene como objetivo acercar conciertos de entrada libre de diversos estilos musicales a espacios p\u00fablicos. Este a\u00f1o la jornada contar\u00e1 con 18 invitados internacionales, 20 sedes, 75 grupos y 450 artistas, en su mayor\u00eda mujeres.<\/p>\n\n\n\n<p>Este lunes 2 de marzo, la secretaria de Cultura capitalina, Ana Francis L\u00f3pez Bayghen Pati\u00f1o, dio a conocer la programaci\u00f3n durante conferencia de prensa encabezada por la jefa de Gobierno, Clara Brugada Molina.<\/p>\n\n\n\n<figure class=\"wp-block-image size-large is-resized\"><img loading=\"lazy\" decoding=\"async\" width=\"686\" height=\"1024\" src=\"https:\/\/www.bitacoracdmx.com\/wp-content\/uploads\/2026\/03\/WhatsApp-Image-2026-03-03-at-1.51.55-PM-686x1024.jpeg\" alt=\"\" class=\"wp-image-62127\" style=\"width:850px;height:auto\"\/><\/figure>\n\n\n\n<p>\u201cComo ya es tradici\u00f3n, la Noche de Primavera de este a\u00f1o tiene la escenograf\u00eda natural m\u00e1s hermosa que puede tener una ciudad: las jacarandas que florean. (&#8230;) El objetivo de la Noche de Primavera es recuperar las calles, el espacio p\u00fablico y la noche para la convivencia, promoviendo la fiesta, la m\u00fasica, la fiesta libre y segura\u201d, expres\u00f3 Ana Francis L\u00f3pez.<\/p>\n\n\n\n<p>La celebraci\u00f3n de la primavera comenzar\u00e1 el s\u00e1bado 21 de marzo en las tradicionales sedes en el Centro Hist\u00f3rico de la Ciudad de M\u00e9xico: Monumento a la Revoluci\u00f3n, Plaza Manuel Tols\u00e1, Dr. Mora, Kiosco Alameda, Terraza del Museo del Estanquillo, el Monumento a Beethoven y el Z\u00f3calo. As\u00ed como La Ca\u00f1ada en los Dinamos, que fue incluida en 2025 y se convirti\u00f3 en un \u00e9xito con el gran recibimiento de las y los capitalinos.<\/p>\n\n\n\n<p>En la jornada destaca la participaci\u00f3n de 18 invitados internacionales de pa\u00edses como Alemania, Argentina, Canad\u00e1, Chile, Colombia, Corea, Estados Unidos, Filipinas, Francia, Marruecos, Italia y Nigeria.<\/p>\n\n\n\n<p><strong>Z\u00f3calo capitalino &#8211; Gran Baile de Sonideros y Sonideras<\/strong><\/p>\n\n\n\n<p>El s\u00e1bado 21 de marzo, en el Z\u00f3calo capitalino, se llevar\u00e1 a cabo el&nbsp;<strong>4to Gran Baile de Sonideros y Sonidera<\/strong>s, de&nbsp;<strong>12 a 24 horas<\/strong>, con la participaci\u00f3n de&nbsp;<strong>12 proyectos que fueron seleccionados por medio de un sorteo<\/strong>: Sonido Salsita la Chaparrita del Sabor; Sonido Gallito; Sonido Bongonee; Fiesta Tropical; Sonido ErreStar; Sonido 69. Sonido del amor; Sonido Gatubela; El junior ritmo y sorpresa; Alis Pedraza la Sabanera; Sonido Rumbero; Sonido Superestrella; y Sonido Fosterman\u00eda.<\/p>\n\n\n\n<p>Tambi\u00e9n habr\u00e1 dos invitados sonideros pertenecientes a la comunidad migrante que radica en los Estados Unidos y la participaci\u00f3n estelar de Sonido C\u00f3ndor a manera de reconocimiento por su trayectoria.<\/p>\n\n\n\n<p>A continuaci\u00f3n te compartimos al talento que podr\u00e1s disfrutar en cada sede el pr\u00f3ximo s\u00e1bado 21 de marzo:<\/p>\n\n\n\n<p><strong>Monumento a la Revoluci\u00f3n &#8211; Rock cl\u00e1sico<\/strong><\/p>\n\n\n\n<p>Los Lobos (EUA), Cecilia Toussaint, Guillermo Brise\u00f1o, la banda Kerigma y el solista Meme del Real.<\/p>\n\n\n\n<p><strong>Monumento a Beethoven &#8211; Alternativo<\/strong><\/p>\n\n\n\n<p>La Tremenda Korte, Santiago Motorizado de Argentina, Bella Litsa de Estados Unidos, los Hermanos Menores de Colombia y la banda de metal Black Panthera de Brasil.<\/p>\n\n\n\n<p><strong>Kiosko Alameda &#8211; Fusi\u00f3n latina<\/strong><\/p>\n\n\n\n<p>Amandititita, Pablito Mix, Pauli Bohemio, la China Sonidera y la banda Pi\u00f1ata Protest.<\/p>\n\n\n\n<p><strong>Plaza Manuel Tols\u00e1 &#8211; Electr\u00f3nica<\/strong><\/p>\n\n\n\n<p>Djs y productores musicales como Sickick, de Canad\u00e1, Retro Cassetta, de Marruecos; y los duetos Tarsius, de Filipinas, y Fat Hamster &amp; Kang New de Corea del Sur.<\/p>\n\n\n\n<p><strong>Balc\u00f3n del Museo del Estanquillo &#8211; \u00d3pera<\/strong><\/p>\n\n\n\n<p>Colectivos de poes\u00eda y exponentes del hip hop como el rapero mexicoestadounidense Xiuhtezcatl y Danger, uno de los \u00edconos del hip hop y el freestyle en M\u00e9xico para hacer de esa esquina un punto de expresi\u00f3n de la voz y la palabra.<\/p>\n\n\n\n<p><strong>La Ca\u00f1ada en Los Dinamos &#8211; House &#8211; Techno<\/strong><\/p>\n\n\n\n<p>Se realizar\u00e1 un rave y un campamento que iniciar\u00e1 el s\u00e1bado 21 de marzo a las 16 horas y terminar\u00e1 a las 6 de la ma\u00f1ana del d\u00eda siguiente. El dueto colombiano Dishype mantendr\u00e1 al p\u00fablico de pie en la madrugada. El resto del cartel lo integran Bluecommand, el dueto francomexicano Los eclipses, Sotomayor, Centavrvs, Evissimax y la japonesa Mari Sakurai.<\/p>\n\n\n\n<p>Para el domingo 22 de marzo y por instrucci\u00f3n de la jefa de Gobierno de territorializar y democratizar la cultura, la jornada de &#8220;Cu\u00edcatl: La Ciudad que Suena&#8221; se realizar\u00e1 en 14 sedes, con 25 grupos, 12 de ellos con fuerte presencia femenina, y 7 grupos internacionales de Argentina, Chile, Colombia, Estados Unidos, Hait\u00ed, con alrededor de 150 m\u00fasicos y g\u00e9neros musicales como Jazz, Rock, Electr\u00f3nica, Tradicional, Reggae, Ska, Metal, Experimental, Pop, Hip Hop y Reggaeton:<\/p>\n\n\n\n<p>\u25cf Plaza San Jacinto (\u00c1lvaro Obreg\u00f3n)<\/p>\n\n\n\n<p>\u25cf Parque Tezozomoc)<\/p>\n\n\n\n<p>\u25cf Jard\u00edn Santiago Xicot\u00e9ncatl (Benito Ju\u00e1rez)<\/p>\n\n\n\n<p>\u25cf Deportivo El Cacalote (Cuajimalpa)<\/p>\n\n\n\n<p>\u25cf Palacio Postal<\/p>\n\n\n\n<p>\u25cf Jard\u00edn Santiago de Tlatelolco (Cuauht\u00e9moc)<\/p>\n\n\n\n<p>\u25cf Alameda Sur (Coyoac\u00e1n)<\/p>\n\n\n\n<p>\u25cf Velaria Campamento 2 de Octubre (Iztacalco ) \u25cf UTOP\u00cdA Meyehualco (Iztapalapa)<\/p>\n\n\n\n<p>\u25cf Foro Cultural Magdalena Contreras<\/p>\n\n\n\n<p>\u25cf Foro Alfonso Reyes en Chapultepec (Miguel Hidalgo)<\/p>\n\n\n\n<p>\u25cf Plaza del Bolero en Tlalpan<\/p>\n\n\n\n<p>\u25cf FARO Tl\u00e1huac<\/p>\n\n\n\n<p>Los elencos para esta jornada del 22 de marzo son: Jeanette Macari, Celso Duarte, Laboratorios Moreno, F-MACK, Rockotitl\u00e1n Chilli Stars, Mirror Revelations, Luisa Almaguer, Ra La Culebra, Anti\u00e1nima, Electrify, She No More, Cemican, Mad Warriors, Fat Hamster &amp; Kang New, Jorjais, Xiuhtezcatl, Cinthya Morado, Yorka, Francisco Lelo De Larrea, Chechi de Marcos y Olivia Garc\u00eda.<\/p>\n\n\n\n<p>\u201cCu\u00edcatl: la ciudad que suena\u201d es una iniciativa del Gobierno de la Ciudad de M\u00e9xico, a trav\u00e9s de la Secretar\u00eda de Cultura, que lleva m\u00fasica en vivo al espacio p\u00fablico de manera gratuita, con el fin de apoyar a talento emergente y llevar cultura a todos los rincones de la capital.<\/p>\n\n\n\n<p><a href=\"https:\/\/www.facebook.com\/hashtag\/festivalnochedeprimavera?__eep__=6&amp;__cft__[0]=AZYk9TAepY0WB33RJ2NjSRVAVUb2uRu1WnQfrnr6ibWliSCYhCwMD9_87QCnZ8lLAp9N1ir3k-M-PT3MYnxWSQ2MfgWqo9_aNo3tSaVgTYGYW6HVAFduBLiYDB1YpEIqk8eAtfTVGtVd88pSR4Xg9s_M&amp;__tn__=*NK-R\">#festivalnochedeprimavera<\/a><\/p>\n\n\n\n<p><a href=\"https:\/\/www.facebook.com\/hashtag\/gobiernocdmx?__eep__=6&amp;__cft__[0]=AZYk9TAepY0WB33RJ2NjSRVAVUb2uRu1WnQfrnr6ibWliSCYhCwMD9_87QCnZ8lLAp9N1ir3k-M-PT3MYnxWSQ2MfgWqo9_aNo3tSaVgTYGYW6HVAFduBLiYDB1YpEIqk8eAtfTVGtVd88pSR4Xg9s_M&amp;__tn__=*NK-R\">#GobiernoCDMX<\/a><\/p>\n\n\n\n<p><a href=\"https:\/\/www.facebook.com\/hashtag\/secretariadeculturacdmx?__eep__=6&amp;__cft__[0]=AZYk9TAepY0WB33RJ2NjSRVAVUb2uRu1WnQfrnr6ibWliSCYhCwMD9_87QCnZ8lLAp9N1ir3k-M-PT3MYnxWSQ2MfgWqo9_aNo3tSaVgTYGYW6HVAFduBLiYDB1YpEIqk8eAtfTVGtVd88pSR4Xg9s_M&amp;__tn__=*NK-R\">#secretariadeculturacdmx<\/a><\/p>\n\n\n\n<p><a href=\"https:\/\/www.facebook.com\/hashtag\/cdmx?__eep__=6&amp;__cft__[0]=AZYk9TAepY0WB33RJ2NjSRVAVUb2uRu1WnQfrnr6ibWliSCYhCwMD9_87QCnZ8lLAp9N1ir3k-M-PT3MYnxWSQ2MfgWqo9_aNo3tSaVgTYGYW6HVAFduBLiYDB1YpEIqk8eAtfTVGtVd88pSR4Xg9s_M&amp;__tn__=*NK-R\">#CDMX<\/a><\/p>\n\n\n\n<p><a href=\"https:\/\/www.facebook.com\/hashtag\/bitacoracdmx?__eep__=6&amp;__cft__[0]=AZYk9TAepY0WB33RJ2NjSRVAVUb2uRu1WnQfrnr6ibWliSCYhCwMD9_87QCnZ8lLAp9N1ir3k-M-PT3MYnxWSQ2MfgWqo9_aNo3tSaVgTYGYW6HVAFduBLiYDB1YpEIqk8eAtfTVGtVd88pSR4Xg9s_M&amp;__tn__=*NK-R\">#bitacoracdmx<\/a><\/p>\n","protected":false},"excerpt":{"rendered":"<p>REDACCI\u00d3N \u25cf El festival se llevar\u00e1 a cabo en siete sedes en el Centro Hist\u00f3rico de la Ciudad de M\u00e9xico: Monumento a la Revoluci\u00f3n, Plaza Manuel Tols\u00e1, Dr. Mora, Kiosco Alameda, Terraza del Museo del Estanquillo, el Monumento a Beethoven y el Z\u00f3calo, adem\u00e1s de La Ca\u00f1ada en los Dinamos, al sur de la capital \u25cf En el Z\u00f3calo capitalino se realizar\u00e1 el 4to Gran Baile de Sonideras y Sonideros, en el que participar\u00e1n 12 proyectos que fueron seleccionados tras un sorteo, y participar\u00e1 el Sonido C\u00f3ndor a manera de homenaje a su trayectoria \u25cf Para ampliar la programaci\u00f3n, el [&hellip;]<\/p>\n","protected":false},"author":1,"featured_media":62126,"comment_status":"closed","ping_status":"closed","sticky":false,"template":"","format":"standard","meta":{"footnotes":""},"categories":[5,4,9,11],"tags":[],"_links":{"self":[{"href":"https:\/\/www.bitacoracdmx.com\/index.php?rest_route=\/wp\/v2\/posts\/62125"}],"collection":[{"href":"https:\/\/www.bitacoracdmx.com\/index.php?rest_route=\/wp\/v2\/posts"}],"about":[{"href":"https:\/\/www.bitacoracdmx.com\/index.php?rest_route=\/wp\/v2\/types\/post"}],"author":[{"embeddable":true,"href":"https:\/\/www.bitacoracdmx.com\/index.php?rest_route=\/wp\/v2\/users\/1"}],"replies":[{"embeddable":true,"href":"https:\/\/www.bitacoracdmx.com\/index.php?rest_route=%2Fwp%2Fv2%2Fcomments&post=62125"}],"version-history":[{"count":1,"href":"https:\/\/www.bitacoracdmx.com\/index.php?rest_route=\/wp\/v2\/posts\/62125\/revisions"}],"predecessor-version":[{"id":62128,"href":"https:\/\/www.bitacoracdmx.com\/index.php?rest_route=\/wp\/v2\/posts\/62125\/revisions\/62128"}],"wp:featuredmedia":[{"embeddable":true,"href":"https:\/\/www.bitacoracdmx.com\/index.php?rest_route=\/wp\/v2\/media\/62126"}],"wp:attachment":[{"href":"https:\/\/www.bitacoracdmx.com\/index.php?rest_route=%2Fwp%2Fv2%2Fmedia&parent=62125"}],"wp:term":[{"taxonomy":"category","embeddable":true,"href":"https:\/\/www.bitacoracdmx.com\/index.php?rest_route=%2Fwp%2Fv2%2Fcategories&post=62125"},{"taxonomy":"post_tag","embeddable":true,"href":"https:\/\/www.bitacoracdmx.com\/index.php?rest_route=%2Fwp%2Fv2%2Ftags&post=62125"}],"curies":[{"name":"wp","href":"https:\/\/api.w.org\/{rel}","templated":true}]}}