{"id":62225,"date":"2026-03-11T04:14:09","date_gmt":"2026-03-11T04:14:09","guid":{"rendered":"https:\/\/www.bitacoracdmx.com\/?p=62225"},"modified":"2026-03-11T04:14:12","modified_gmt":"2026-03-11T04:14:12","slug":"alexander-acha-en-la-maraka-este-16-de-abril","status":"publish","type":"post","link":"https:\/\/www.bitacoracdmx.com\/?p=62225","title":{"rendered":"ALEXANDER ACHA en la MARAKA este 16 de abril"},"content":{"rendered":"\n<p><\/p>\n\n\n\n<p>REDACCI\u00d3N<\/p>\n\n\n\n<p><strong>Alexander Acha<\/strong>&nbsp;se prepara para cantar con el coraz\u00f3n en la Maraka&nbsp; este pr\u00f3ximo&nbsp;<strong>16 de abril en punto de las 21:00 hrs<\/strong>&nbsp;, para vivir una gran velada junto a sus fans.<\/p>\n\n\n\n<p>Ser\u00e1 una noche cargada de emociones, recuerdos y canciones que han marcado momentos importantes en la vida de su p\u00fablico. Alexander Acha es un artista que ha construido una conexi\u00f3n muy cercana con sus seguidores, quienes han hecho de temas como \u201cTe amo\u201d, \u201cAmiga\u201d y \u201c\u00bfQu\u00e9 voy a hacer contigo?\u201d verdaderos himnos del amor y la nostalgia, y cada concierto se convierte en una historia detr\u00e1s de cada canci\u00f3n.<\/p>\n\n\n\n<p>Si deseas ver a Alexander m\u00e1s cercano que nunca, esta es una gran oportunidad para cantar, y vivir esta gran historia.<\/p>\n\n\n\n<p>Hijo del legendario cantante Emmanuel, Alexander Acha ha sabido crear su propio legado musical con sensibilidad, talento y una profunda honestidad art\u00edstica que lo ha llevado a conectar con miles de personas.<\/p>\n\n\n\n<p>El 16 de abril no ser\u00e1 solo un concierto: ser\u00e1 un reencuentro entre Alexander y sus fans, una noche para abrazar las canciones que han acompa\u00f1ado historias de amor, despedidas y sue\u00f1os.<\/p>\n\n\n\n<p><strong>Fecha: 16 de abril<\/strong><\/p>\n\n\n\n<p><strong>Lugar: Centro de Espect\u00e1culos La Maraka<\/strong><\/p>\n\n\n\n<p><strong>Horario: 21:00 hrs<\/strong><\/p>\n\n\n\n<p><a href=\"https:\/\/www.facebook.com\/hashtag\/alexanderacha?__eep__=6&amp;__cft__[0]=AZZJ0U4xlKmxyOCVL4mGfaZ0j6-AKTqVZepTPN4ZakMpb1BeLlRhtuFKvSLq79GXyzfY5V8v0m7EVM4eLjZrJeIkMeYgusF2rfPU49HVpAw235kNqyQyoz3fcGvjcCHAkh9NgKSnqLsyNpncivOvpTnM&amp;__tn__=*NK-R\">#AlexanderAcha<\/a><\/p>\n\n\n\n<p><a href=\"https:\/\/www.facebook.com\/hashtag\/lamaraka?__eep__=6&amp;__cft__[0]=AZZJ0U4xlKmxyOCVL4mGfaZ0j6-AKTqVZepTPN4ZakMpb1BeLlRhtuFKvSLq79GXyzfY5V8v0m7EVM4eLjZrJeIkMeYgusF2rfPU49HVpAw235kNqyQyoz3fcGvjcCHAkh9NgKSnqLsyNpncivOvpTnM&amp;__tn__=*NK-R\">#LaMaraka<\/a><\/p>\n\n\n\n<p><a href=\"https:\/\/www.facebook.com\/hashtag\/cdmx?__eep__=6&amp;__cft__[0]=AZZJ0U4xlKmxyOCVL4mGfaZ0j6-AKTqVZepTPN4ZakMpb1BeLlRhtuFKvSLq79GXyzfY5V8v0m7EVM4eLjZrJeIkMeYgusF2rfPU49HVpAw235kNqyQyoz3fcGvjcCHAkh9NgKSnqLsyNpncivOvpTnM&amp;__tn__=*NK-R\">#CDMX<\/a><\/p>\n\n\n\n<p><a href=\"https:\/\/www.facebook.com\/hashtag\/bitacoracdmx?__eep__=6&amp;__cft__[0]=AZZJ0U4xlKmxyOCVL4mGfaZ0j6-AKTqVZepTPN4ZakMpb1BeLlRhtuFKvSLq79GXyzfY5V8v0m7EVM4eLjZrJeIkMeYgusF2rfPU49HVpAw235kNqyQyoz3fcGvjcCHAkh9NgKSnqLsyNpncivOvpTnM&amp;__tn__=*NK-R\">#bitacoracdmx<\/a><\/p>\n","protected":false},"excerpt":{"rendered":"<p>REDACCI\u00d3N Alexander Acha&nbsp;se prepara para cantar con el coraz\u00f3n en la Maraka&nbsp; este pr\u00f3ximo&nbsp;16 de abril en punto de las 21:00 hrs&nbsp;, para vivir una gran velada junto a sus fans. Ser\u00e1 una noche cargada de emociones, recuerdos y canciones que han marcado momentos importantes en la vida de su p\u00fablico. Alexander Acha es un artista que ha construido una conexi\u00f3n muy cercana con sus seguidores, quienes han hecho de temas como \u201cTe amo\u201d, \u201cAmiga\u201d y \u201c\u00bfQu\u00e9 voy a hacer contigo?\u201d verdaderos himnos del amor y la nostalgia, y cada concierto se convierte en una historia detr\u00e1s de cada canci\u00f3n. [&hellip;]<\/p>\n","protected":false},"author":1,"featured_media":62226,"comment_status":"closed","ping_status":"closed","sticky":false,"template":"","format":"standard","meta":{"footnotes":""},"categories":[9,11],"tags":[],"_links":{"self":[{"href":"https:\/\/www.bitacoracdmx.com\/index.php?rest_route=\/wp\/v2\/posts\/62225"}],"collection":[{"href":"https:\/\/www.bitacoracdmx.com\/index.php?rest_route=\/wp\/v2\/posts"}],"about":[{"href":"https:\/\/www.bitacoracdmx.com\/index.php?rest_route=\/wp\/v2\/types\/post"}],"author":[{"embeddable":true,"href":"https:\/\/www.bitacoracdmx.com\/index.php?rest_route=\/wp\/v2\/users\/1"}],"replies":[{"embeddable":true,"href":"https:\/\/www.bitacoracdmx.com\/index.php?rest_route=%2Fwp%2Fv2%2Fcomments&post=62225"}],"version-history":[{"count":1,"href":"https:\/\/www.bitacoracdmx.com\/index.php?rest_route=\/wp\/v2\/posts\/62225\/revisions"}],"predecessor-version":[{"id":62227,"href":"https:\/\/www.bitacoracdmx.com\/index.php?rest_route=\/wp\/v2\/posts\/62225\/revisions\/62227"}],"wp:featuredmedia":[{"embeddable":true,"href":"https:\/\/www.bitacoracdmx.com\/index.php?rest_route=\/wp\/v2\/media\/62226"}],"wp:attachment":[{"href":"https:\/\/www.bitacoracdmx.com\/index.php?rest_route=%2Fwp%2Fv2%2Fmedia&parent=62225"}],"wp:term":[{"taxonomy":"category","embeddable":true,"href":"https:\/\/www.bitacoracdmx.com\/index.php?rest_route=%2Fwp%2Fv2%2Fcategories&post=62225"},{"taxonomy":"post_tag","embeddable":true,"href":"https:\/\/www.bitacoracdmx.com\/index.php?rest_route=%2Fwp%2Fv2%2Ftags&post=62225"}],"curies":[{"name":"wp","href":"https:\/\/api.w.org\/{rel}","templated":true}]}}