{"id":62237,"date":"2026-03-11T23:49:11","date_gmt":"2026-03-11T23:49:11","guid":{"rendered":"https:\/\/www.bitacoracdmx.com\/?p=62237"},"modified":"2026-03-11T23:49:13","modified_gmt":"2026-03-11T23:49:13","slug":"los-horoscopos-de-durango-llegan-en-marzo-al-auditorio-nacional-y-la-cdmx-se-prepara-para-una-noche-que-no-se-repetira","status":"publish","type":"post","link":"https:\/\/www.bitacoracdmx.com\/?p=62237","title":{"rendered":"Los HOR\u00d3SCOPOS\u00a0de\u00a0DURANGO\u00a0llegan en marzo al AUDITORIO NACIONAL y la CDMX se prepara para una NOCHE QUE NO SE REPETIR\u00c1"},"content":{"rendered":"\n<p><\/p>\n\n\n\n<p>REDACCI\u00d3N<\/p>\n\n\n\n<p id=\"geom_inter_1773272410799_18_26\"><em>*Se presentan el Mi\u00e9rcoles 18&nbsp;de&nbsp;Marzo&nbsp;de&nbsp;2026 en el Auditorio Nacional&nbsp;de&nbsp;la CDMX a partir&nbsp;de&nbsp;las 20:30 hrs<\/em><\/p>\n\n\n\n<p id=\"geom_inter_1773272410800_49_27\"><em>*Boletos disponibles en el Sistema Ticketmaster y en taquillas&nbsp;del inmueble<\/em><\/p>\n\n\n\n<p id=\"geom_inter_1773272576802_40_43\">\u00a0En el mapa emocional\u00a0del regional mexicano, pocos nombres conservan la capacidad\u00a0de\u00a0convocar multitudes, activar la memoria colectiva y, al mismo tiempo, reafirmar su vigencia con la contundencia\u00a0de\u00a0Los Hor\u00f3scopos\u00a0de\u00a0Durango. La agrupaci\u00f3n regresa a la Ciudad\u00a0de\u00a0M\u00e9xico para ofrecer una presentaci\u00f3n especial el\u00a0<strong>mi\u00e9rcoles 18\u00a0de\u00a0marzo\u00a0de\u00a02026 en el Auditorio Nacional<\/strong>, a partir\u00a0de\u00a0las 20:30 horas, con boletos disponibles a trav\u00e9s\u00a0del sistema Ticketmaster y en taquillas\u00a0del inmueble, en lo que se perfila como uno\u00a0de\u00a0los conciertos m\u00e1s significativos\u00a0del calendario musical\u00a0del pr\u00f3ximo a\u00f1o.<\/p>\n\n\n\n<p>Este anuncio llega respaldado por un antecedente imposible&nbsp;de&nbsp;ignorar:&nbsp;<strong>el rotundo sold out que Los Hor\u00f3scopos&nbsp;de&nbsp;Durango&nbsp;lograron apenas el a\u00f1o pasado en la Arena CDMX<\/strong>, un recinto que exige convocatoria real y conexi\u00f3n genuina con el p\u00fablico. Aquella noche no solo confirm\u00f3 la fuerza comercial&nbsp;del proyecto, sino tambi\u00e9n su peso simb\u00f3lico&nbsp;dentro&nbsp;del regional mexicano contempor\u00e1neo. Agotar una arena&nbsp;de&nbsp;esa magnitud fue una&nbsp;declaraci\u00f3n clara: la historia&nbsp;del grupo no pertenece al pasado, sino a un presente que sigue creciendo.<\/p>\n\n\n\n<p id=\"geom_inter_1773272578813_75_45\">\u00a0La presentaci\u00f3n en el Auditorio Nacional adquiere, adem\u00e1s, un car\u00e1cter profundamente simb\u00f3lico. No se trata \u00fanicamente\u00a0de\u00a0una nueva fecha en la capital, sino\u00a0de\u00a0<strong>un reencuentro con uno\u00a0de\u00a0los escenarios m\u00e1s emblem\u00e1ticos\u00a0de\u00a0Am\u00e9rica Latina<\/strong>, un recinto reservado para artistas cuya trayectoria ha\u00a0dejado huella en la cultura popular\u00a0del pa\u00eds. En ese espacio, Los Hor\u00f3scopos\u00a0de\u00a0Durango\u00a0celebrar\u00e1n cinco d\u00e9cadas\u00a0de\u00a0historia, reafirmando su lugar como una\u00a0de\u00a0las agrupaciones m\u00e1s influyentes y longevas\u00a0del g\u00e9nero.<\/p>\n\n\n\n<p id=\"geom_inter_1773272417803_28_34\">Fundados en 1974, Los Hor\u00f3scopos&nbsp;de&nbsp;Durango&nbsp;han sido protagonistas&nbsp;de&nbsp;una evoluci\u00f3n constante&nbsp;dentro&nbsp;de&nbsp;la m\u00fasica regional mexicana.&nbsp;Desde sus primeros pasos en el grupero, pasando por su papel fundamental como&nbsp;<strong>pioneros&nbsp;del pasito duranguense<\/strong>, hasta su incursi\u00f3n en la banda sinaloense, la agrupaci\u00f3n ha sabido adaptarse a los cambios&nbsp;de&nbsp;la industria sin perder su identidad ni su cercan\u00eda con el p\u00fablico. Su historia es tambi\u00e9n la historia&nbsp;de&nbsp;un g\u00e9nero que se transforma, se reinventa y se mantiene vivo gracias a proyectos que entienden el pulso&nbsp;de&nbsp;su gente.<\/p>\n\n\n\n<p>El liderazgo art\u00edstico&nbsp;de&nbsp;<strong>Marisol y Vicky Terrazas<\/strong>&nbsp;ha sido clave en este recorrido. M\u00e1s all\u00e1&nbsp;de&nbsp;su rol como int\u00e9rpretes, ambas se consolidaron como figuras que rompieron esquemas&nbsp;dentro&nbsp;de&nbsp;un entorno tradicionalmente dominado por hombres, construyendo un proyecto s\u00f3lido, aut\u00f3nomo y con una voz propia. Su presencia en el escenario&nbsp;del Auditorio Nacional no solo representa una celebraci\u00f3n musical, sino tambi\u00e9n un acto&nbsp;de&nbsp;reafirmaci\u00f3n cultural y generacional.<\/p>\n\n\n\n<p id=\"geom_inter_1773272581798_6_52\">\u00a0La expectativa que rodea esta presentaci\u00f3n en la Ciudad\u00a0de\u00a0M\u00e9xico crece d\u00eda a d\u00eda, impulsada por el recuerdo reciente\u00a0del lleno total en la Arena CDMX y por la conexi\u00f3n emocional que Los Hor\u00f3scopos mantienen con varias generaciones\u00a0de\u00a0seguidores. Canciones que han acompa\u00f1ado historias personales, celebraciones,\u00a0despedidas y reencuentros volver\u00e1n a cobrar vida en una noche que promete ser tanto un viaje al pasado como una confirmaci\u00f3n\u00a0del presente.<\/p>\n\n\n\n<p id=\"geom_inter_1773272582814_87_56\">Hablar&nbsp;de&nbsp;Los Hor\u00f3scopos&nbsp;de&nbsp;Durango&nbsp;es hablar&nbsp;de&nbsp;permanencia,&nbsp;de&nbsp;resistencia art\u00edstica y&nbsp;de&nbsp;una relaci\u00f3n honesta con su p\u00fablico. Su regreso al Auditorio Nacional no responde a la nostalgia, sino a la vigencia&nbsp;de&nbsp;un proyecto que sigue convocando, emocionando y llenando recintos&nbsp;de&nbsp;primer nivel. En una industria marcada por lo ef\u00edmero, su trayectoria&nbsp;demuestra que la autenticidad y el trabajo sostenido construyen legados duraderos.<\/p>\n\n\n\n<p id=\"geom_inter_1773272582816_73_57\">\u00a0As\u00ed, el\u00a0<strong>mi\u00e9rcoles 18\u00a0de\u00a0marzo\u00a0de\u00a02026<\/strong>, el Auditorio Nacional ser\u00e1 testigo\u00a0de\u00a0un nuevo cap\u00edtulo en la historia\u00a0de\u00a0Los Hor\u00f3scopos\u00a0de\u00a0Durango. No ser\u00e1 solo un concierto: ser\u00e1 la confirmaci\u00f3n\u00a0de\u00a0que hay nombres que, lejos\u00a0de\u00a0apagarse, brillan con m\u00e1s fuerza con el paso\u00a0del tiempo, sosteniendo su lugar en el firmamento\u00a0del regional mexicano con la autoridad que solo otorgan los a\u00f1os y el respaldo inquebrantable\u00a0del p\u00fablico. Los boletos ya est\u00e1n disponibles a trav\u00e9s\u00a0del sistema Ticketmaster y en taquillas\u00a0del inmueble.\u00a0<\/p>\n","protected":false},"excerpt":{"rendered":"<p>REDACCI\u00d3N *Se presentan el Mi\u00e9rcoles 18&nbsp;de&nbsp;Marzo&nbsp;de&nbsp;2026 en el Auditorio Nacional&nbsp;de&nbsp;la CDMX a partir&nbsp;de&nbsp;las 20:30 hrs *Boletos disponibles en el Sistema Ticketmaster y en taquillas&nbsp;del inmueble \u00a0En el mapa emocional\u00a0del regional mexicano, pocos nombres conservan la capacidad\u00a0de\u00a0convocar multitudes, activar la memoria colectiva y, al mismo tiempo, reafirmar su vigencia con la contundencia\u00a0de\u00a0Los Hor\u00f3scopos\u00a0de\u00a0Durango. La agrupaci\u00f3n regresa a la Ciudad\u00a0de\u00a0M\u00e9xico para ofrecer una presentaci\u00f3n especial el\u00a0mi\u00e9rcoles 18\u00a0de\u00a0marzo\u00a0de\u00a02026 en el Auditorio Nacional, a partir\u00a0de\u00a0las 20:30 horas, con boletos disponibles a trav\u00e9s\u00a0del sistema Ticketmaster y en taquillas\u00a0del inmueble, en lo que se perfila como uno\u00a0de\u00a0los conciertos m\u00e1s significativos\u00a0del calendario musical\u00a0del pr\u00f3ximo a\u00f1o. Este anuncio [&hellip;]<\/p>\n","protected":false},"author":1,"featured_media":62238,"comment_status":"closed","ping_status":"closed","sticky":false,"template":"","format":"standard","meta":{"footnotes":""},"categories":[9,11],"tags":[],"_links":{"self":[{"href":"https:\/\/www.bitacoracdmx.com\/index.php?rest_route=\/wp\/v2\/posts\/62237"}],"collection":[{"href":"https:\/\/www.bitacoracdmx.com\/index.php?rest_route=\/wp\/v2\/posts"}],"about":[{"href":"https:\/\/www.bitacoracdmx.com\/index.php?rest_route=\/wp\/v2\/types\/post"}],"author":[{"embeddable":true,"href":"https:\/\/www.bitacoracdmx.com\/index.php?rest_route=\/wp\/v2\/users\/1"}],"replies":[{"embeddable":true,"href":"https:\/\/www.bitacoracdmx.com\/index.php?rest_route=%2Fwp%2Fv2%2Fcomments&post=62237"}],"version-history":[{"count":1,"href":"https:\/\/www.bitacoracdmx.com\/index.php?rest_route=\/wp\/v2\/posts\/62237\/revisions"}],"predecessor-version":[{"id":62239,"href":"https:\/\/www.bitacoracdmx.com\/index.php?rest_route=\/wp\/v2\/posts\/62237\/revisions\/62239"}],"wp:featuredmedia":[{"embeddable":true,"href":"https:\/\/www.bitacoracdmx.com\/index.php?rest_route=\/wp\/v2\/media\/62238"}],"wp:attachment":[{"href":"https:\/\/www.bitacoracdmx.com\/index.php?rest_route=%2Fwp%2Fv2%2Fmedia&parent=62237"}],"wp:term":[{"taxonomy":"category","embeddable":true,"href":"https:\/\/www.bitacoracdmx.com\/index.php?rest_route=%2Fwp%2Fv2%2Fcategories&post=62237"},{"taxonomy":"post_tag","embeddable":true,"href":"https:\/\/www.bitacoracdmx.com\/index.php?rest_route=%2Fwp%2Fv2%2Ftags&post=62237"}],"curies":[{"name":"wp","href":"https:\/\/api.w.org\/{rel}","templated":true}]}}