{"id":62240,"date":"2026-03-11T23:58:26","date_gmt":"2026-03-11T23:58:26","guid":{"rendered":"https:\/\/www.bitacoracdmx.com\/?p=62240"},"modified":"2026-03-11T23:58:29","modified_gmt":"2026-03-11T23:58:29","slug":"helen-keller-la-increible-historia-se-presentara-en-el-teatro-benito-juarez","status":"publish","type":"post","link":"https:\/\/www.bitacoracdmx.com\/?p=62240","title":{"rendered":"\u201cHELEN KELLER \u00a1LA INCRE\u00cdBLE HISTORIA!\u201d se presentar\u00e1 en el  TEATRO BENITO JU\u00c1REZ"},"content":{"rendered":"\n<p><\/p>\n\n\n\n<p>REDACCI\u00d3N<\/p>\n\n\n\n<ul>\n<li>El montaje invita al p\u00fablico a acercarse a la experiencia de Helen Keller y a descubrir c\u00f3mo la comunicaci\u00f3n puede convertirse en un acto de resistencia, empat\u00eda y esperanza; funciones jueves y viernes a las 20:00 horas, s\u00e1bado a las 19:00 horas y domingo a las 18:00 horas, boletos en taquilla y Ticketmaster<\/li>\n\n\n\n<li>Como parte de su compromiso con la inclusi\u00f3n, la producci\u00f3n integra la interpretaci\u00f3n en Lengua de Se\u00f1as Mexicana a cargo de Beatriz Lemus, audiodescripci\u00f3n inicial, materiales impresos en sistema braille y chalecos sensoriales con el objetivo de acercar la experiencia teatral a p\u00fablicos diversos<\/li>\n<\/ul>\n\n\n\n<p>La&nbsp;<strong>Secretar\u00eda de Cultura capitalina<\/strong>, a trav\u00e9s del Sistema de Teatros de la Ciudad de M\u00e9xico, invita al p\u00fablico a las funciones de&nbsp;<strong>\u201cHelen Keller \u00a1La incre\u00edble historia!\u201d<\/strong>, una puesta en escena dirigida por el primer actor Fernando Larra\u00f1aga, que se presentar\u00e1 del&nbsp;<strong>12 al 15 de marzo<\/strong>&nbsp;en el&nbsp;<strong>Teatro Benito Ju\u00e1rez<\/strong>, con una propuesta esc\u00e9nica incluyente que recupera la historia de una de las figuras m\u00e1s inspiradoras del siglo XX, en el marco de \u00a8Tiempo de Mujeres. Festival por la Igualdad 2026\u00a8.<\/p>\n\n\n\n<p>El montaje narra el encuentro entre Helen Keller, una ni\u00f1a que perdi\u00f3 la vista y el o\u00eddo a temprana edad, y Anne Sullivan, la maestra que decidi\u00f3 desafiar las barreras del silencio para ense\u00f1arle a comunicarse con el mundo. Lo que comienza como un proceso lleno de frustraciones y obst\u00e1culos se transforma en una relaci\u00f3n profunda donde el lenguaje, el aprendizaje y la perseverancia abren paso a nuevas formas de comprender la realidad.<\/p>\n\n\n\n<p>Con una propuesta esc\u00e9nica que apuesta por la cercan\u00eda con el p\u00fablico, la obra busca generar una experiencia sensorial y emocional que permita reflexionar sobre la importancia del v\u00ednculo humano, as\u00ed como reconocer el trabajo de educadoras y educadores, familias y personas cuidadoras que acompa\u00f1an los procesos de aprendizaje de personas con discapacidad.<\/p>\n\n\n\n<p>A trav\u00e9s de las interpretaciones de Patty Larra\u00f1aga, Ximena Larra\u00f1aga y Eduardo Carranza, el montaje construye un relato esc\u00e9nico sensible e intenso que acompa\u00f1a el proceso de descubrimiento y aprendizaje de Helen Keller. El elenco da forma a una historia donde el silencio, el movimiento y la emoci\u00f3n se convierten en elementos fundamentales para transmitir la fuerza de este encuentro.<\/p>\n\n\n\n<p>Como parte de su compromiso con la inclusi\u00f3n, la producci\u00f3n integra la interpretaci\u00f3n en Lengua de Se\u00f1as Mexicana a cargo de Beatriz Lemus, audiodescripci\u00f3n inicial, materiales impresos en sistema braille y chalecos sensoriales con el objetivo de acercar la experiencia teatral a p\u00fablicos diversos.<\/p>\n\n\n\n<p>\u201cHelen Keller \u00a1La incre\u00edble historia!\u201d se presentar\u00e1 en el Teatro Benito Ju\u00e1rez, ubicado en Villalong\u00edn 15, Colonia Cuauht\u00e9moc, Alcald\u00eda Cuauht\u00e9moc, del 12 al 15 de marzo, con funciones jueves y viernes a las 20:00 horas, s\u00e1bado a las 19:00 horas y domingo a las 18:00 horas. Los boletos est\u00e1n disponibles en la taquilla del recinto y en Ticketmaster.<\/p>\n\n\n\n<p><a href=\"https:\/\/www.facebook.com\/hashtag\/hellenkeller?__eep__=6&amp;__cft__[0]=AZYnl1-jRrq57V2NmN77kKyz_ZnpZ2KUbU9-e4zVYwkhWI0SIm8I0A9I7FfhB5lK3kCSE4-NriFozzFQm2ce1D7g9sIAhsej53DsajLCC0YyQlsRkdclDZDVZY_V_vkO-iT7D91uyfOcBFE59hlFlc6M&amp;__tn__=*NK-R\">#hellenkeller<\/a><\/p>\n\n\n\n<p><a href=\"https:\/\/www.facebook.com\/hashtag\/teatrobenitojuarez?__eep__=6&amp;__cft__[0]=AZYnl1-jRrq57V2NmN77kKyz_ZnpZ2KUbU9-e4zVYwkhWI0SIm8I0A9I7FfhB5lK3kCSE4-NriFozzFQm2ce1D7g9sIAhsej53DsajLCC0YyQlsRkdclDZDVZY_V_vkO-iT7D91uyfOcBFE59hlFlc6M&amp;__tn__=*NK-R\">#TeatroBenitoJuarez<\/a><\/p>\n\n\n\n<p><a href=\"https:\/\/www.facebook.com\/hashtag\/ticketmaster?__eep__=6&amp;__cft__[0]=AZYnl1-jRrq57V2NmN77kKyz_ZnpZ2KUbU9-e4zVYwkhWI0SIm8I0A9I7FfhB5lK3kCSE4-NriFozzFQm2ce1D7g9sIAhsej53DsajLCC0YyQlsRkdclDZDVZY_V_vkO-iT7D91uyfOcBFE59hlFlc6M&amp;__tn__=*NK-R\">#ticketmaster<\/a><\/p>\n\n\n\n<p><a href=\"https:\/\/www.facebook.com\/hashtag\/cdmx?__eep__=6&amp;__cft__[0]=AZYnl1-jRrq57V2NmN77kKyz_ZnpZ2KUbU9-e4zVYwkhWI0SIm8I0A9I7FfhB5lK3kCSE4-NriFozzFQm2ce1D7g9sIAhsej53DsajLCC0YyQlsRkdclDZDVZY_V_vkO-iT7D91uyfOcBFE59hlFlc6M&amp;__tn__=*NK-R\">#CDMX<\/a><\/p>\n\n\n\n<p><a href=\"https:\/\/www.facebook.com\/hashtag\/bitacoracdmx?__eep__=6&amp;__cft__[0]=AZYnl1-jRrq57V2NmN77kKyz_ZnpZ2KUbU9-e4zVYwkhWI0SIm8I0A9I7FfhB5lK3kCSE4-NriFozzFQm2ce1D7g9sIAhsej53DsajLCC0YyQlsRkdclDZDVZY_V_vkO-iT7D91uyfOcBFE59hlFlc6M&amp;__tn__=*NK-R\">#bitacoracdmx<\/a><\/p>\n","protected":false},"excerpt":{"rendered":"<p>REDACCI\u00d3N La&nbsp;Secretar\u00eda de Cultura capitalina, a trav\u00e9s del Sistema de Teatros de la Ciudad de M\u00e9xico, invita al p\u00fablico a las funciones de&nbsp;\u201cHelen Keller \u00a1La incre\u00edble historia!\u201d, una puesta en escena dirigida por el primer actor Fernando Larra\u00f1aga, que se presentar\u00e1 del&nbsp;12 al 15 de marzo&nbsp;en el&nbsp;Teatro Benito Ju\u00e1rez, con una propuesta esc\u00e9nica incluyente que recupera la historia de una de las figuras m\u00e1s inspiradoras del siglo XX, en el marco de \u00a8Tiempo de Mujeres. Festival por la Igualdad 2026\u00a8. El montaje narra el encuentro entre Helen Keller, una ni\u00f1a que perdi\u00f3 la vista y el o\u00eddo a temprana edad, [&hellip;]<\/p>\n","protected":false},"author":1,"featured_media":62241,"comment_status":"closed","ping_status":"closed","sticky":false,"template":"","format":"standard","meta":{"footnotes":""},"categories":[9,14],"tags":[],"_links":{"self":[{"href":"https:\/\/www.bitacoracdmx.com\/index.php?rest_route=\/wp\/v2\/posts\/62240"}],"collection":[{"href":"https:\/\/www.bitacoracdmx.com\/index.php?rest_route=\/wp\/v2\/posts"}],"about":[{"href":"https:\/\/www.bitacoracdmx.com\/index.php?rest_route=\/wp\/v2\/types\/post"}],"author":[{"embeddable":true,"href":"https:\/\/www.bitacoracdmx.com\/index.php?rest_route=\/wp\/v2\/users\/1"}],"replies":[{"embeddable":true,"href":"https:\/\/www.bitacoracdmx.com\/index.php?rest_route=%2Fwp%2Fv2%2Fcomments&post=62240"}],"version-history":[{"count":1,"href":"https:\/\/www.bitacoracdmx.com\/index.php?rest_route=\/wp\/v2\/posts\/62240\/revisions"}],"predecessor-version":[{"id":62242,"href":"https:\/\/www.bitacoracdmx.com\/index.php?rest_route=\/wp\/v2\/posts\/62240\/revisions\/62242"}],"wp:featuredmedia":[{"embeddable":true,"href":"https:\/\/www.bitacoracdmx.com\/index.php?rest_route=\/wp\/v2\/media\/62241"}],"wp:attachment":[{"href":"https:\/\/www.bitacoracdmx.com\/index.php?rest_route=%2Fwp%2Fv2%2Fmedia&parent=62240"}],"wp:term":[{"taxonomy":"category","embeddable":true,"href":"https:\/\/www.bitacoracdmx.com\/index.php?rest_route=%2Fwp%2Fv2%2Fcategories&post=62240"},{"taxonomy":"post_tag","embeddable":true,"href":"https:\/\/www.bitacoracdmx.com\/index.php?rest_route=%2Fwp%2Fv2%2Ftags&post=62240"}],"curies":[{"name":"wp","href":"https:\/\/api.w.org\/{rel}","templated":true}]}}