{"id":62243,"date":"2026-03-12T00:06:24","date_gmt":"2026-03-12T00:06:24","guid":{"rendered":"https:\/\/www.bitacoracdmx.com\/?p=62243"},"modified":"2026-03-12T00:06:26","modified_gmt":"2026-03-12T00:06:26","slug":"gerald-clayton-inaugurara-ciclo-ny-jazz-all-stars-2026-con-concierto-inigualable-de-jazz-en-el-teatro-de-la-ciudad-esperanza-iris","status":"publish","type":"post","link":"https:\/\/www.bitacoracdmx.com\/?p=62243","title":{"rendered":"GERALD CLAYTON inaugurar\u00e1 CICLO NY JAZZ ALL STARS 2026 con CONCIERTO INIGUALABLE de JAZZ en el TEATRO DE LA CIUDAD ESPERANZA IRIS"},"content":{"rendered":"\n<p><\/p>\n\n\n\n<p>REDACCI\u00d3N<\/p>\n\n\n\n<ul>\n<li>El pianista y compositor, Gerald Clayton brindar\u00e1 una noche llena de virtuosismo, improvisaci\u00f3n y jazz, junto a Matt Brewer en el contrabajo y Henry Cole en la bater\u00eda, el siguiente s\u00e1bado 14 de marzo para inaugurar el Ciclo NY Jazz All Stars 2026<\/li>\n\n\n\n<li>Organizado por DeQuinta Producciones y Jazz at Lincoln Center de Nueva York, en colaboraci\u00f3n con la Direcci\u00f3n del Sistema de Teatros de la Secretar\u00eda de Cultura de M\u00e9xico, el ciclo se compone por siete conciertos de agrupaciones neoyorquinas en formato de tr\u00edo y cuarteto, que se realizar\u00e1n de manera mensual entre el 14 de marzo y el 21 de noviembre de 2026<\/li>\n<\/ul>\n\n\n\n<p>La energ\u00eda, la improvisaci\u00f3n y la elegancia del jazz contempor\u00e1neo llegan al coraz\u00f3n de M\u00e9xico con el aclamado pianista y compositor&nbsp;<strong>Gerald Clayton<\/strong>, quien este&nbsp;<strong>s\u00e1bado 14 de marzo<\/strong>, a las 19:30 horas, abrir\u00e1 el&nbsp;<strong>Ciclo NY Jazz All Stars 2026<\/strong>, que por primera vez se llevar\u00e1 a cabo en el&nbsp;<strong>Teatro de la Ciudad Esperanza Iris<\/strong>, recinto perteneciente a la&nbsp;<strong>Secretar\u00eda de Cultura capitalina<\/strong>.<\/p>\n\n\n\n<p>Reconocido por su curiosidad arm\u00f3nica y una conciencia cr\u00edtica, el pianista y compositor cuatro veces nominado al Grammy, Gerald Clayton, desarrolla narraciones musicales que son resultado de su b\u00fasqueda deliberada y un descubrimiento del azar. Comenz\u00f3 su formaci\u00f3n musical en la prestigiosa Escuela Secundaria del Condado de Los \u00c1ngeles para las Artes, donde recibi\u00f3 el Premio Presidencial de las Artes en el 2002.<\/p>\n\n\n\n<p>Posteriormente, curs\u00f3 una licenciatura en Piano en la Thornton School of Music de la USC, bajo la instrucci\u00f3n de Billy Childs. Despu\u00e9s estudi\u00f3 en la Escuela de M\u00fasica de Manhattan con el maestro de jazz Kenny Barron. Durante su trayectoria ha celebrado diversas perspectivas musicales, lo que le ha llevado a promover la sinergia art\u00edstica a trav\u00e9s de colaboraciones con artistas como Diana Krall, Roy Hargrove y Charles Lloyd.<\/p>\n\n\n\n<p>Entre su discograf\u00eda se encuentra \u201cTwo-Shade\u201d(2009); \u201cBond: The Paris Sessions\u201d(2010); \u201cTributary Tales\u201d(2017)\u201d y recientemente \u201cOne &amp; Twos\u201d (2025) y su versi\u00f3n extendida, proyectos en los que su evoluci\u00f3n musical ha sido evidente por su exploraci\u00f3n, innovaci\u00f3n y reinvenci\u00f3n.<\/p>\n\n\n\n<p>El Ciclo NY Jazz All Stars, prestigiosa serie de conciertos y clases magistrales de jazz contempor\u00e1neo, organizado por DeQuinta Producciones y Jazz at Lincoln Center de Nueva York, celebrar\u00e1 su doceava edici\u00f3n en la Ciudad de M\u00e9xico. Por primera vez, el Teatro de la Ciudad Esperanza Iris se convierte en sede del evento y ser\u00e1n siete agrupaciones neoyorquinas en formato de tr\u00edo y cuarteto las que ofrecer\u00e1n conciertos y clases magistrales de manera mensual entre el 14 de marzo y el 21 de noviembre de 2026.<\/p>\n\n\n\n<p>El pr\u00f3ximo s\u00e1bado 14 de marzo, a las 19:30 horas, arrancar\u00e1 la jornada con la presentaci\u00f3n de Clayton en formato de tr\u00edo, junto a Matt Brewer en el contrabajo y Henry Cole en la bater\u00eda. La velada promete ser una fusi\u00f3n de tradici\u00f3n, improvisaci\u00f3n y una b\u00fasqueda profunda por la verdad en cada nota musical.<\/p>\n\n\n\n<p>El Teatro de la Ciudad Esperanza Iris te espera para vivir la magia del jazz en Donceles 36, Centro Hist\u00f3rico, Alcald\u00eda Cuauht\u00e9moc, C.P. 06000, Ciudad de M\u00e9xico. Boletos en taquilla y Ticketmaster.<\/p>\n\n\n\n<p>Previo a su concierto, en punto de las 16 horas, Gerald Clayton impartir\u00e1 una clase magistral en el mismo recinto. El cupo es limitado, por lo que deber\u00e1s registrarte en&nbsp;<a href=\"https:\/\/docs.google.com\/forms\/d\/e\/1FAIpQLSf-zLkKglMerrxbH7SQNHTDh2BDzs1G_lGkG8CA0px7sVtVSg\/viewform\">https:\/\/docs.google.com\/forms\/d\/e\/1FAIpQLSf-zLkKglMerrxbH7SQNHTDh2BDzs1G_lGkG8CA0px7sVtVSg\/viewform<\/a>. Es indispensable presentar tu boleto de acceso al concierto para participar en la clase.<\/p>\n\n\n\n<p><a href=\"https:\/\/www.facebook.com\/hashtag\/geraldclayton?__eep__=6&amp;__cft__[0]=AZY2s4tB_ecHh83plRhW6sYqf_VmLYsp539C7XTQCrIvJnIdCEbIZhNNura4Fdopxgp-n13AO0vKr00zzmKB13Tu68l8gEHv2KZfxQmywXmg3l03uqo7QQ35F8PvUtD9tkOYNKPFM2s5gd26AwKj2DIb&amp;__tn__=*NK-R\">#geraldclayton<\/a><\/p>\n\n\n\n<p><a href=\"https:\/\/www.facebook.com\/hashtag\/teatrodelaciudadesperanzairis?__eep__=6&amp;__cft__[0]=AZY2s4tB_ecHh83plRhW6sYqf_VmLYsp539C7XTQCrIvJnIdCEbIZhNNura4Fdopxgp-n13AO0vKr00zzmKB13Tu68l8gEHv2KZfxQmywXmg3l03uqo7QQ35F8PvUtD9tkOYNKPFM2s5gd26AwKj2DIb&amp;__tn__=*NK-R\">#teatrodelaciudadesperanzairis<\/a><\/p>\n\n\n\n<p><a href=\"https:\/\/www.facebook.com\/hashtag\/ticketmaster?__eep__=6&amp;__cft__[0]=AZY2s4tB_ecHh83plRhW6sYqf_VmLYsp539C7XTQCrIvJnIdCEbIZhNNura4Fdopxgp-n13AO0vKr00zzmKB13Tu68l8gEHv2KZfxQmywXmg3l03uqo7QQ35F8PvUtD9tkOYNKPFM2s5gd26AwKj2DIb&amp;__tn__=*NK-R\">#ticketmaster<\/a><\/p>\n\n\n\n<p><a href=\"https:\/\/www.facebook.com\/hashtag\/cdmx?__eep__=6&amp;__cft__[0]=AZY2s4tB_ecHh83plRhW6sYqf_VmLYsp539C7XTQCrIvJnIdCEbIZhNNura4Fdopxgp-n13AO0vKr00zzmKB13Tu68l8gEHv2KZfxQmywXmg3l03uqo7QQ35F8PvUtD9tkOYNKPFM2s5gd26AwKj2DIb&amp;__tn__=*NK-R\">#CDMX<\/a><\/p>\n\n\n\n<p><a href=\"https:\/\/www.facebook.com\/hashtag\/bitacoracdmx?__eep__=6&amp;__cft__[0]=AZY2s4tB_ecHh83plRhW6sYqf_VmLYsp539C7XTQCrIvJnIdCEbIZhNNura4Fdopxgp-n13AO0vKr00zzmKB13Tu68l8gEHv2KZfxQmywXmg3l03uqo7QQ35F8PvUtD9tkOYNKPFM2s5gd26AwKj2DIb&amp;__tn__=*NK-R\">#bitacoracdmx<\/a><\/p>\n","protected":false},"excerpt":{"rendered":"<p>REDACCI\u00d3N La energ\u00eda, la improvisaci\u00f3n y la elegancia del jazz contempor\u00e1neo llegan al coraz\u00f3n de M\u00e9xico con el aclamado pianista y compositor&nbsp;Gerald Clayton, quien este&nbsp;s\u00e1bado 14 de marzo, a las 19:30 horas, abrir\u00e1 el&nbsp;Ciclo NY Jazz All Stars 2026, que por primera vez se llevar\u00e1 a cabo en el&nbsp;Teatro de la Ciudad Esperanza Iris, recinto perteneciente a la&nbsp;Secretar\u00eda de Cultura capitalina. Reconocido por su curiosidad arm\u00f3nica y una conciencia cr\u00edtica, el pianista y compositor cuatro veces nominado al Grammy, Gerald Clayton, desarrolla narraciones musicales que son resultado de su b\u00fasqueda deliberada y un descubrimiento del azar. Comenz\u00f3 su formaci\u00f3n musical [&hellip;]<\/p>\n","protected":false},"author":1,"featured_media":62244,"comment_status":"closed","ping_status":"closed","sticky":false,"template":"","format":"standard","meta":{"footnotes":""},"categories":[9,11],"tags":[],"_links":{"self":[{"href":"https:\/\/www.bitacoracdmx.com\/index.php?rest_route=\/wp\/v2\/posts\/62243"}],"collection":[{"href":"https:\/\/www.bitacoracdmx.com\/index.php?rest_route=\/wp\/v2\/posts"}],"about":[{"href":"https:\/\/www.bitacoracdmx.com\/index.php?rest_route=\/wp\/v2\/types\/post"}],"author":[{"embeddable":true,"href":"https:\/\/www.bitacoracdmx.com\/index.php?rest_route=\/wp\/v2\/users\/1"}],"replies":[{"embeddable":true,"href":"https:\/\/www.bitacoracdmx.com\/index.php?rest_route=%2Fwp%2Fv2%2Fcomments&post=62243"}],"version-history":[{"count":1,"href":"https:\/\/www.bitacoracdmx.com\/index.php?rest_route=\/wp\/v2\/posts\/62243\/revisions"}],"predecessor-version":[{"id":62245,"href":"https:\/\/www.bitacoracdmx.com\/index.php?rest_route=\/wp\/v2\/posts\/62243\/revisions\/62245"}],"wp:featuredmedia":[{"embeddable":true,"href":"https:\/\/www.bitacoracdmx.com\/index.php?rest_route=\/wp\/v2\/media\/62244"}],"wp:attachment":[{"href":"https:\/\/www.bitacoracdmx.com\/index.php?rest_route=%2Fwp%2Fv2%2Fmedia&parent=62243"}],"wp:term":[{"taxonomy":"category","embeddable":true,"href":"https:\/\/www.bitacoracdmx.com\/index.php?rest_route=%2Fwp%2Fv2%2Fcategories&post=62243"},{"taxonomy":"post_tag","embeddable":true,"href":"https:\/\/www.bitacoracdmx.com\/index.php?rest_route=%2Fwp%2Fv2%2Ftags&post=62243"}],"curies":[{"name":"wp","href":"https:\/\/api.w.org\/{rel}","templated":true}]}}