{"id":62246,"date":"2026-03-12T00:46:32","date_gmt":"2026-03-12T00:46:32","guid":{"rendered":"https:\/\/www.bitacoracdmx.com\/?p=62246"},"modified":"2026-03-12T00:46:34","modified_gmt":"2026-03-12T00:46:34","slug":"celebra-escuela-de-mariachi-ollin-yoliztli-garibaldi-el-empoderamiento-femenino","status":"publish","type":"post","link":"https:\/\/www.bitacoracdmx.com\/?p=62246","title":{"rendered":"Celebra ESCUELA DE MARIACHI OLLIN YOLIZTLI GARIBALDI el EMPODERAMIENTO FEMENINO"},"content":{"rendered":"\n<p><\/p>\n\n\n\n<p>REDACCI\u00d3N<\/p>\n\n\n\n<ul>\n<li>La Escuela de Mariachi Ollin Yoliztli Garibaldi fue sede de un conversatorio y concierto dedicados a visibilizar el papel de las mujeres en el mariachi<\/li>\n\n\n\n<li>El encuentro reuni\u00f3 a m\u00fasicas y estudiantes en un conversatorio que concluy\u00f3 con un concierto del Mariachi Mujeres Universitarias de la Facultad de M\u00fasica de la UNAM<\/li>\n<\/ul>\n\n\n\n<p>Como parte de las actividades de&nbsp;<strong>\u201cTiempo de Mujeres. Festival por la Igualdad 2026\u201d<\/strong>, la&nbsp;<strong>Escuela de Mariachi Ollin Yoliztli Garibaldi<\/strong>, recinto perteneciente a la&nbsp;<strong>Secretar\u00eda de Cultura de la Ciudad de M\u00e9xico<\/strong>, fue sede de la conferencia y concierto&nbsp;<strong>\u201cEl Empoderamiento Femenino en el Mariachi\u201d<\/strong>, encuentro que reuni\u00f3 a int\u00e9rpretes y promotoras culturales para reflexionar sobre la presencia, los desaf\u00edos y las aportaciones de las mujeres en esta tradici\u00f3n musical.<\/p>\n\n\n\n<p>Durante la apertura del evento, Vanessa Velasco, directora de la escuela, destac\u00f3 la importancia de generar espacios de di\u00e1logo que reconozcan la trayectoria de las mujeres en la m\u00fasica vern\u00e1cula.<\/p>\n\n\n\n<p>\u201cDurante mucho tiempo el mariachi fue un espacio predominantemente masculino; sin embargo, gracias al talento, la disciplina y la determinaci\u00f3n de muchas mujeres, ese panorama ha cambiado de manera profunda. Hoy vemos a ni\u00f1as y j\u00f3venes que encuentran en esta m\u00fasica un camino de expresi\u00f3n, profesionalizaci\u00f3n y orgullo por nuestra tradici\u00f3n\u201d, se\u00f1al\u00f3.<\/p>\n\n\n\n<p>La jornada inici\u00f3 con la conferencia \u201cEl Empoderamiento Femenino en el Mariachi\u201d, un espacio de reflexi\u00f3n sobre la equidad dentro de esta tradici\u00f3n musical. Durante el di\u00e1logo se abord\u00f3 el papel de las mujeres en la transformaci\u00f3n del g\u00e9nero, reconoci\u00e9ndolas no solo como int\u00e9rpretes de excelencia, sino tambi\u00e9n como agentes de cambio social que han reclamado su derecho a ocupar los escenarios m\u00e1s emblem\u00e1ticos de la cultura mexicana.<\/p>\n\n\n\n<p>En su intervenci\u00f3n, Karla Nohem\u00ed Sanabria Gonz\u00e1lez, directora y fundadora del \u201cMariachi Femenil Las Momoxkas\u201d, explic\u00f3 que el proyecto surge como una propuesta de resistencia cultural que busca visibilizar la identidad de los pueblos originarios de Milpa Alta a trav\u00e9s de la m\u00fasica de mariachi.<\/p>\n\n\n\n<p>\u201cDesde el nombre del grupo buscamos reconocer nuestra identidad como mujeres de Milpa Alta y de origen n\u00e1huatl. Por eso decidimos hacer mariachi tambi\u00e9n en nuestra lengua, porque creemos que la m\u00fasica puede ser una herramienta para preservar nuestra cultura, para compartirla con otras personas y para inspirar a m\u00e1s mujeres a sentirse orgullosas de sus ra\u00edces. Nuestra misi\u00f3n es llevar cultura a los sectores que muchas veces quedan al margen\u201d, comparti\u00f3.<\/p>\n\n\n\n<p>Por su parte, Xochiqu\u00e9tzal V. Cruz, integrante y coordinadora del ensamble Mariachi Mujeres Universitarias de la Facultad de M\u00fasica de la UNAM, explic\u00f3 que el proyecto surgi\u00f3 dentro del \u00e1mbito acad\u00e9mico como una iniciativa para abrir espacios al mariachi en contextos donde tradicionalmente predominan las m\u00fasicas de concierto. Se\u00f1al\u00f3 que muchas de las integrantes provienen de formaciones enfocadas en la m\u00fasica cl\u00e1sica y que el ensamble busca generar nuevas formas de di\u00e1logo entre la academia y las m\u00fasicas populares, al tiempo que impulsa din\u00e1micas de colaboraci\u00f3n entre mujeres int\u00e9rpretes dentro de la comunidad universitaria.<\/p>\n\n\n\n<p>\u201cQueremos construir un espacio donde las mujeres podamos aprender juntas, apoyarnos y experimentar con nuevas formas de interpretar el mariachi. Este grupo tiene la finalidad de compartir lo que sabemos, de generar respeto entre nosotras y de abrir escenarios donde esta m\u00fasica tenga el reconocimiento que merece\u201d, coment\u00f3.<\/p>\n\n\n\n<p>Durante el conversatorio tambi\u00e9n particip\u00f3 Rosa Mar\u00eda L\u00f3pez L\u00f3pez, pionera del mariachi femenil en M\u00e9xico. La int\u00e9rprete comparti\u00f3 recuerdos de sus inicios en la m\u00fasica desde temprana edad y relat\u00f3 c\u00f3mo comenz\u00f3 a trabajar en el mariachi siendo adolescente, en una \u00e9poca en la que la presencia femenina en este g\u00e9nero era poco com\u00fan.<\/p>\n\n\n\n<p>\u201cMe llena de alegr\u00eda ver que hoy hay tantas mujeres que siguen este camino. Las admiro mucho porque s\u00e9 lo que significa estar en el escenario y defender este lugar. Es muy bonito ver que cada vez hay m\u00e1s mujeres haciendo m\u00fasica con tanto talento\u201d, celebr\u00f3.<\/p>\n\n\n\n<p>Al finalizar la conferencia, el p\u00fablico disfrut\u00f3 de un concierto a cargo del Mariachi Mujeres Universitarias, agrupaci\u00f3n que ofreci\u00f3 un repertorio representativo del g\u00e9nero y que evidenci\u00f3 el talento de nuevas generaciones de int\u00e9rpretes comprometidas con la tradici\u00f3n musical mexicana.<\/p>\n\n\n\n<p>Durante la presentaci\u00f3n, el ensamble interpret\u00f3 algunos de los temas m\u00e1s emblem\u00e1ticos del repertorio tradicional mexicano, entre ellos&nbsp;<em>Aires del Mayab, La Cigarra<\/em>&nbsp;y&nbsp;<em>El Son de la Negra<\/em>, piezas que permitieron al p\u00fablico recorrer distintos matices del g\u00e9nero.<\/p>\n\n\n\n<p>Uno de los momentos m\u00e1s emotivos de la tarde lleg\u00f3 cuando, junto a Rosa Mar\u00eda L\u00f3pez, la agrupaci\u00f3n interpret\u00f3 Paloma Negra. El escenario se convirti\u00f3 entonces en un punto de encuentro entre generaciones: la trayectoria de una pionera del mariachi femenil y el talento de una nueva generaci\u00f3n unidas para celebrar la fuerza y la presencia de las mujeres dentro de esta tradici\u00f3n musical.<\/p>\n\n\n\n<p>Con actividades como esta, la Secretar\u00eda de Cultura de la Ciudad de M\u00e9xico reafirma su compromiso con la promoci\u00f3n de espacios que visibilicen el trabajo de las mujeres en las distintas disciplinas art\u00edsticas y fortalezcan la diversidad cultural de la capital.<\/p>\n\n\n\n<p><a href=\"https:\/\/www.facebook.com\/hashtag\/escuelademariachiollinyoliztli?__eep__=6&amp;__cft__[0]=AZb5j8my8GoP70O9DXjtpYCNoRdQVVpBqj3SO-TSkdFTHD9O8r9DMWWuctJN4D7C1IZ6A2CcKzoDBKnMRa6DLnUfLAbbsOI-nZhkTq9wl6e22AIiuO1_SD3ze92XgJme50a-29cNhQ5iVgf9gdWlgcSx&amp;__tn__=*NK-R\">#escuelademariachiollinyoliztli<\/a><\/p>\n\n\n\n<p><a href=\"https:\/\/www.facebook.com\/hashtag\/facultaddemusicadelaunam?__eep__=6&amp;__cft__[0]=AZb5j8my8GoP70O9DXjtpYCNoRdQVVpBqj3SO-TSkdFTHD9O8r9DMWWuctJN4D7C1IZ6A2CcKzoDBKnMRa6DLnUfLAbbsOI-nZhkTq9wl6e22AIiuO1_SD3ze92XgJme50a-29cNhQ5iVgf9gdWlgcSx&amp;__tn__=*NK-R\">#facultaddemusicadelaunam<\/a><\/p>\n\n\n\n<p><a href=\"https:\/\/www.facebook.com\/hashtag\/empoderamientofemenino?__eep__=6&amp;__cft__[0]=AZb5j8my8GoP70O9DXjtpYCNoRdQVVpBqj3SO-TSkdFTHD9O8r9DMWWuctJN4D7C1IZ6A2CcKzoDBKnMRa6DLnUfLAbbsOI-nZhkTq9wl6e22AIiuO1_SD3ze92XgJme50a-29cNhQ5iVgf9gdWlgcSx&amp;__tn__=*NK-R\">#empoderamientofemenino<\/a><\/p>\n\n\n\n<p><a href=\"https:\/\/www.facebook.com\/hashtag\/secretariadeculturacdmx?__eep__=6&amp;__cft__[0]=AZb5j8my8GoP70O9DXjtpYCNoRdQVVpBqj3SO-TSkdFTHD9O8r9DMWWuctJN4D7C1IZ6A2CcKzoDBKnMRa6DLnUfLAbbsOI-nZhkTq9wl6e22AIiuO1_SD3ze92XgJme50a-29cNhQ5iVgf9gdWlgcSx&amp;__tn__=*NK-R\">#secretariadeculturacdmx<\/a><\/p>\n\n\n\n<p><a href=\"https:\/\/www.facebook.com\/hashtag\/cdmx?__eep__=6&amp;__cft__[0]=AZb5j8my8GoP70O9DXjtpYCNoRdQVVpBqj3SO-TSkdFTHD9O8r9DMWWuctJN4D7C1IZ6A2CcKzoDBKnMRa6DLnUfLAbbsOI-nZhkTq9wl6e22AIiuO1_SD3ze92XgJme50a-29cNhQ5iVgf9gdWlgcSx&amp;__tn__=*NK-R\">#CDMX<\/a><\/p>\n\n\n\n<p><a href=\"https:\/\/www.facebook.com\/hashtag\/bitacoracdmx?__eep__=6&amp;__cft__[0]=AZb5j8my8GoP70O9DXjtpYCNoRdQVVpBqj3SO-TSkdFTHD9O8r9DMWWuctJN4D7C1IZ6A2CcKzoDBKnMRa6DLnUfLAbbsOI-nZhkTq9wl6e22AIiuO1_SD3ze92XgJme50a-29cNhQ5iVgf9gdWlgcSx&amp;__tn__=*NK-R\">#bitacoracdmx<\/a><\/p>\n","protected":false},"excerpt":{"rendered":"<p>REDACCI\u00d3N Como parte de las actividades de&nbsp;\u201cTiempo de Mujeres. Festival por la Igualdad 2026\u201d, la&nbsp;Escuela de Mariachi Ollin Yoliztli Garibaldi, recinto perteneciente a la&nbsp;Secretar\u00eda de Cultura de la Ciudad de M\u00e9xico, fue sede de la conferencia y concierto&nbsp;\u201cEl Empoderamiento Femenino en el Mariachi\u201d, encuentro que reuni\u00f3 a int\u00e9rpretes y promotoras culturales para reflexionar sobre la presencia, los desaf\u00edos y las aportaciones de las mujeres en esta tradici\u00f3n musical. Durante la apertura del evento, Vanessa Velasco, directora de la escuela, destac\u00f3 la importancia de generar espacios de di\u00e1logo que reconozcan la trayectoria de las mujeres en la m\u00fasica vern\u00e1cula. \u201cDurante mucho [&hellip;]<\/p>\n","protected":false},"author":1,"featured_media":62247,"comment_status":"closed","ping_status":"closed","sticky":false,"template":"","format":"standard","meta":{"footnotes":""},"categories":[5,9,11],"tags":[],"_links":{"self":[{"href":"https:\/\/www.bitacoracdmx.com\/index.php?rest_route=\/wp\/v2\/posts\/62246"}],"collection":[{"href":"https:\/\/www.bitacoracdmx.com\/index.php?rest_route=\/wp\/v2\/posts"}],"about":[{"href":"https:\/\/www.bitacoracdmx.com\/index.php?rest_route=\/wp\/v2\/types\/post"}],"author":[{"embeddable":true,"href":"https:\/\/www.bitacoracdmx.com\/index.php?rest_route=\/wp\/v2\/users\/1"}],"replies":[{"embeddable":true,"href":"https:\/\/www.bitacoracdmx.com\/index.php?rest_route=%2Fwp%2Fv2%2Fcomments&post=62246"}],"version-history":[{"count":1,"href":"https:\/\/www.bitacoracdmx.com\/index.php?rest_route=\/wp\/v2\/posts\/62246\/revisions"}],"predecessor-version":[{"id":62248,"href":"https:\/\/www.bitacoracdmx.com\/index.php?rest_route=\/wp\/v2\/posts\/62246\/revisions\/62248"}],"wp:featuredmedia":[{"embeddable":true,"href":"https:\/\/www.bitacoracdmx.com\/index.php?rest_route=\/wp\/v2\/media\/62247"}],"wp:attachment":[{"href":"https:\/\/www.bitacoracdmx.com\/index.php?rest_route=%2Fwp%2Fv2%2Fmedia&parent=62246"}],"wp:term":[{"taxonomy":"category","embeddable":true,"href":"https:\/\/www.bitacoracdmx.com\/index.php?rest_route=%2Fwp%2Fv2%2Fcategories&post=62246"},{"taxonomy":"post_tag","embeddable":true,"href":"https:\/\/www.bitacoracdmx.com\/index.php?rest_route=%2Fwp%2Fv2%2Ftags&post=62246"}],"curies":[{"name":"wp","href":"https:\/\/api.w.org\/{rel}","templated":true}]}}