{"id":62249,"date":"2026-03-12T00:54:12","date_gmt":"2026-03-12T00:54:12","guid":{"rendered":"https:\/\/www.bitacoracdmx.com\/?p=62249"},"modified":"2026-03-12T00:54:16","modified_gmt":"2026-03-12T00:54:16","slug":"el-trio-argentino-usted-senalemelo-aplicara-terminos-condiciones-en-la-cdmx-y-monterrey","status":"publish","type":"post","link":"https:\/\/www.bitacoracdmx.com\/?p=62249","title":{"rendered":"El tr\u00edo argentino, Usted Se\u00f1\u00e1lemelo, aplicar\u00e1 T\u00e9rminos &amp; Condiciones en la CDMX y Monterrey"},"content":{"rendered":"\n<p><\/p>\n\n\n\n<p>REDACCI\u00d3N<\/p>\n\n\n\n<h3 class=\"wp-block-heading\">28 MAYO &#8211; LUNARIO DEL AUDITORIO NACIONAL, CDMX<\/h3>\n\n\n\n<h3 class=\"wp-block-heading\">4 DE JUNIO \u2013 FORO CORONA, MTY<\/h3>\n\n\n\n<p><strong>Usted Se\u00f1alemelo<\/strong>, una de las bandas m\u00e1s influyentes y renovadoras de la escena alternativa latinoamericana, anuncia dos presentaciones en M\u00e9xico: el&nbsp;<strong>28 de mayo<\/strong>&nbsp;en el L<strong>unario del Auditorio Nacional&nbsp;<\/strong>(CDMX) y el&nbsp;<strong>4 de junio&nbsp;<\/strong>en el&nbsp;<strong>Foro Corona<\/strong>&nbsp;(Monterrey). Formado por Juan Saieg, Gabriel \u201cCoc\u00f3\u201d Orozco y Lucca Beguerie Petrich, su propuesta traza -con maestr\u00eda-, caminos cruzados entre la electr\u00f3nica, el pop y el funk, consolid\u00e1ndolos como una de las voces m\u00e1s singulares y propositivas de la m\u00fasica contempor\u00e1nea en la regi\u00f3n.<\/p>\n\n\n\n<p>Su regreso se encuadra con el lanzamiento de su m\u00e1s reciente \u00e1lbum&nbsp;<em>T\u00e9rminos &amp; Condiciones<\/em>&nbsp;(<em>2026<\/em>), un trabajo que ha recibido elogios de la cr\u00edtica especializada por su riesgo est\u00e9tico y su evoluci\u00f3n sonora. Rolling Stone en Espa\u00f1ol destac\u00f3 la madurez y sofisticaci\u00f3n del disco, subrayando c\u00f3mo la banda domina un lenguaje que mezcla electr\u00f3nica, dance y sensibilidad latinoamericana con naturalidad sorprendente. Por su parte, Worked Music describi\u00f3 el \u00e1lbum como una expansi\u00f3n hacia un sonido futurista, emocional y audaz, que se atreve a romper las convenciones del rock alternativo.<\/p>\n\n\n\n<p>Con&nbsp;<em>T\u00e9rminos &amp; Condiciones<\/em>, Usted Se\u00f1alemelo reafirma su car\u00e1cter visionario y desafiante, demostrando que su sonido contin\u00faa mutando y expandi\u00e9ndose hacia territorios nuevos sin dejar atr\u00e1s la esencia que los posicion\u00f3 como uno de los proyectos m\u00e1s emocionantes del continente. As\u00ed, el paso de este tr\u00edo por M\u00e9xico abre la oportunidad de presenciar una de las propuestas m\u00e1s din\u00e1micas de la m\u00fasica en un momento cumbre de su carrera.<\/p>\n\n\n\n<p><strong>En paralelo a su crecimiento sobre los escenarios, Usted Se\u00f1alemelo continu\u00f3 expandiendo su universo creativo con el lanzamiento del EP\u00a0<em>Xtrapolar<\/em>\u00a0(2024) y el documental\u00a0<em>Tripolar: 360\u00ba<\/em>, estrenado en YouTube como una mirada profunda a su proceso art\u00edstico.<\/strong><\/p>\n\n\n\n<p>Tras consolidarse con su celebrado segundo disco,&nbsp;<em>II<\/em>, la banda alcanz\u00f3 un reconocimiento continental gracias a su sonido experimental, su versatilidad como multiinstrumentistas y una est\u00e9tica musical que siempre se ha negado a permanecer en un solo lugar. A lo largo de 2023 recorrieron Latinoam\u00e9rica y Estados Unidos, incluyendo una hist\u00f3rica presentaci\u00f3n en el festival Lollapalooza Chicago, convirti\u00e9ndose en la primera banda argentina en tocar en ese escenario internacional, adem\u00e1s de participar en la prestigiosa sesi\u00f3n de KEXP, reafirmando su proyecci\u00f3n global.<\/p>\n\n\n\n<p>Con su tercer \u00e1lbum,&nbsp;<em>Tripolar<\/em>, Usted Se\u00f1\u00e1lemelo recibi\u00f3 su primera nominaci\u00f3n a los Premios Grammy Latino en la categor\u00eda \u201c<em>Mejor \u00c1lbum de Pop\/Rock<\/em>\u201d, adem\u00e1s de ganar su primer Premio Gardel como \u201c<em>Mejor Disco de Rock Alternativo<\/em>\u201d, reconfirmando el impacto de su propuesta musical dentro y fuera de Argentina. Este camino los llev\u00f3 en 2024 a anunciar una ambiciosa gira internacional de m\u00e1s de 30 fechas, incluyendo su primera serie de conciertos en Europa, demostrando el alcance que la banda ha logrado en apenas una d\u00e9cada de trayectoria.<\/p>\n\n\n\n<p>En nuestro pa\u00eds, el grupo se ha ganado al p\u00fablico con su presentaci\u00f3n en el festival Pa\u2019l Norte, as\u00ed como por la fuerza de sus colaboraciones al abrir el concierto de ZO\u00c9 en el Estadio GNP Seguros y el de Le\u00f3n Larregui en el Palacio de los Deportes.<\/p>\n\n\n\n<p>Escucha lo mejor de&nbsp;<em>T\u00e9rminos &amp; Condiciones<\/em>, as\u00ed como las piezas cl\u00e1sicas como \u201cAgua Marfil\u201d o \u201cPana\u201d, asegurando tus boletos durante la Preventa Banamex a partir del 10 de marzo para ambas presentaciones. La Venta General se liberar\u00e1 un d\u00eda despu\u00e9s, el 11 de marzo a trav\u00e9s de Ticketmaster o en las taquillas de cada recinto.<\/p>\n\n\n\n<p><a href=\"https:\/\/www.facebook.com\/hashtag\/ustedse%C3%B1alemelo?__eep__=6&amp;__cft__[0]=AZYNPqvI6fPExt3NUT3gfICNp-AOU8IWj0fEbo8huAcMjj-TkCYNgYkgEsyLnzCmfgK85vEQlM1oMC862o5BEUFO0ZhbEBoUbroPthecAehmGv2yGfPwse9NTVJG9aMYh6zsx2bJuVGzh4egr4lZS13C&amp;__tn__=*NK-R\">#UstedSe\u00f1alemelo<\/a><\/p>\n\n\n\n<p><a href=\"https:\/\/www.facebook.com\/hashtag\/lunariodelauditorionacional?__eep__=6&amp;__cft__[0]=AZYNPqvI6fPExt3NUT3gfICNp-AOU8IWj0fEbo8huAcMjj-TkCYNgYkgEsyLnzCmfgK85vEQlM1oMC862o5BEUFO0ZhbEBoUbroPthecAehmGv2yGfPwse9NTVJG9aMYh6zsx2bJuVGzh4egr4lZS13C&amp;__tn__=*NK-R\">#lunariodelauditorionacional<\/a><\/p>\n\n\n\n<p><a href=\"https:\/\/www.facebook.com\/hashtag\/ocesa?__eep__=6&amp;__cft__[0]=AZYNPqvI6fPExt3NUT3gfICNp-AOU8IWj0fEbo8huAcMjj-TkCYNgYkgEsyLnzCmfgK85vEQlM1oMC862o5BEUFO0ZhbEBoUbroPthecAehmGv2yGfPwse9NTVJG9aMYh6zsx2bJuVGzh4egr4lZS13C&amp;__tn__=*NK-R\">#Ocesa<\/a><\/p>\n\n\n\n<p><a href=\"https:\/\/www.facebook.com\/hashtag\/ticketmaster?__eep__=6&amp;__cft__[0]=AZYNPqvI6fPExt3NUT3gfICNp-AOU8IWj0fEbo8huAcMjj-TkCYNgYkgEsyLnzCmfgK85vEQlM1oMC862o5BEUFO0ZhbEBoUbroPthecAehmGv2yGfPwse9NTVJG9aMYh6zsx2bJuVGzh4egr4lZS13C&amp;__tn__=*NK-R\">#ticketmaster<\/a><\/p>\n\n\n\n<p><a href=\"https:\/\/www.facebook.com\/hashtag\/cdmx?__eep__=6&amp;__cft__[0]=AZYNPqvI6fPExt3NUT3gfICNp-AOU8IWj0fEbo8huAcMjj-TkCYNgYkgEsyLnzCmfgK85vEQlM1oMC862o5BEUFO0ZhbEBoUbroPthecAehmGv2yGfPwse9NTVJG9aMYh6zsx2bJuVGzh4egr4lZS13C&amp;__tn__=*NK-R\">#CDMX<\/a><\/p>\n\n\n\n<p><a href=\"https:\/\/www.facebook.com\/hashtag\/bitacoracdmx?__eep__=6&amp;__cft__[0]=AZYNPqvI6fPExt3NUT3gfICNp-AOU8IWj0fEbo8huAcMjj-TkCYNgYkgEsyLnzCmfgK85vEQlM1oMC862o5BEUFO0ZhbEBoUbroPthecAehmGv2yGfPwse9NTVJG9aMYh6zsx2bJuVGzh4egr4lZS13C&amp;__tn__=*NK-R\">#bitacoracdmx<\/a><\/p>\n","protected":false},"excerpt":{"rendered":"<p>REDACCI\u00d3N 28 MAYO &#8211; LUNARIO DEL AUDITORIO NACIONAL, CDMX 4 DE JUNIO \u2013 FORO CORONA, MTY Usted Se\u00f1alemelo, una de las bandas m\u00e1s influyentes y renovadoras de la escena alternativa latinoamericana, anuncia dos presentaciones en M\u00e9xico: el&nbsp;28 de mayo&nbsp;en el Lunario del Auditorio Nacional&nbsp;(CDMX) y el&nbsp;4 de junio&nbsp;en el&nbsp;Foro Corona&nbsp;(Monterrey). Formado por Juan Saieg, Gabriel \u201cCoc\u00f3\u201d Orozco y Lucca Beguerie Petrich, su propuesta traza -con maestr\u00eda-, caminos cruzados entre la electr\u00f3nica, el pop y el funk, consolid\u00e1ndolos como una de las voces m\u00e1s singulares y propositivas de la m\u00fasica contempor\u00e1nea en la regi\u00f3n. Su regreso se encuadra con el lanzamiento [&hellip;]<\/p>\n","protected":false},"author":1,"featured_media":62250,"comment_status":"closed","ping_status":"closed","sticky":false,"template":"","format":"standard","meta":{"footnotes":""},"categories":[9,11],"tags":[],"_links":{"self":[{"href":"https:\/\/www.bitacoracdmx.com\/index.php?rest_route=\/wp\/v2\/posts\/62249"}],"collection":[{"href":"https:\/\/www.bitacoracdmx.com\/index.php?rest_route=\/wp\/v2\/posts"}],"about":[{"href":"https:\/\/www.bitacoracdmx.com\/index.php?rest_route=\/wp\/v2\/types\/post"}],"author":[{"embeddable":true,"href":"https:\/\/www.bitacoracdmx.com\/index.php?rest_route=\/wp\/v2\/users\/1"}],"replies":[{"embeddable":true,"href":"https:\/\/www.bitacoracdmx.com\/index.php?rest_route=%2Fwp%2Fv2%2Fcomments&post=62249"}],"version-history":[{"count":1,"href":"https:\/\/www.bitacoracdmx.com\/index.php?rest_route=\/wp\/v2\/posts\/62249\/revisions"}],"predecessor-version":[{"id":62251,"href":"https:\/\/www.bitacoracdmx.com\/index.php?rest_route=\/wp\/v2\/posts\/62249\/revisions\/62251"}],"wp:featuredmedia":[{"embeddable":true,"href":"https:\/\/www.bitacoracdmx.com\/index.php?rest_route=\/wp\/v2\/media\/62250"}],"wp:attachment":[{"href":"https:\/\/www.bitacoracdmx.com\/index.php?rest_route=%2Fwp%2Fv2%2Fmedia&parent=62249"}],"wp:term":[{"taxonomy":"category","embeddable":true,"href":"https:\/\/www.bitacoracdmx.com\/index.php?rest_route=%2Fwp%2Fv2%2Fcategories&post=62249"},{"taxonomy":"post_tag","embeddable":true,"href":"https:\/\/www.bitacoracdmx.com\/index.php?rest_route=%2Fwp%2Fv2%2Ftags&post=62249"}],"curies":[{"name":"wp","href":"https:\/\/api.w.org\/{rel}","templated":true}]}}