{"id":62255,"date":"2026-03-12T01:18:01","date_gmt":"2026-03-12T01:18:01","guid":{"rendered":"https:\/\/www.bitacoracdmx.com\/?p=62255"},"modified":"2026-03-12T01:18:04","modified_gmt":"2026-03-12T01:18:04","slug":"lavoe-sinfonico-llegara-al-auditorio-nacional-joseph-amaro-confirma-concierto-y-rinde-homenaje-a-hector-lavoe","status":"publish","type":"post","link":"https:\/\/www.bitacoracdmx.com\/?p=62255","title":{"rendered":"\u201cLAVOE Sinf\u00f3nico\u201d llegar\u00e1 al Auditorio Nacional: Joseph Amaro confirma concierto y rinde homenaje a H\u00e9ctor Lavoe"},"content":{"rendered":"\n<p><\/p>\n\n\n\n<p>Por: Cristy Padr\u00f3n<\/p>\n\n\n\n<p>Fotos: Mary Miranda<\/p>\n\n\n\n<p>En rueda de prensa realizada este mi\u00e9rcoles en el Auditorio Nacional, el cantante Joseph Amaro confirm\u00f3 oficialmente la presentaci\u00f3n de su espect\u00e1culo \u201cLAVOE Sinf\u00f3nico\u201d, programado para el 5 de abril de 2026 en el emblem\u00e1tico recinto capitalino.<\/p>\n\n\n\n<p>Durante el encuentro con medios, el int\u00e9rprete habl\u00f3 con emoci\u00f3n sobre el proyecto musical que rinde homenaje a uno de los m\u00e1ximos exponentes de la salsa, el legendario H\u00e9ctor Lavoe, a quien calific\u00f3 como \u201cuna figura irrepetible en la historia de la m\u00fasica latina\u201d.<\/p>\n\n\n\n<figure class=\"wp-block-image size-large is-resized\"><img loading=\"lazy\" decoding=\"async\" width=\"768\" height=\"1024\" src=\"https:\/\/www.bitacoracdmx.com\/wp-content\/uploads\/2026\/03\/WhatsApp-Image-2026-03-11-at-3.01.50-PM-768x1024.jpeg\" alt=\"\" class=\"wp-image-62257\" style=\"width:850px;height:auto\"\/><\/figure>\n\n\n\n<p>Amaro explic\u00f3 que el espect\u00e1culo busca recrear la grandeza musical del llamado Cantante de los Cantantes, pero desde una perspectiva sinf\u00f3nica, fusionando la esencia de la salsa cl\u00e1sica con arreglos orquestales que amplifican la fuerza emocional de las canciones que marcaron a varias generaciones.<\/p>\n\n\n\n<p>Un homenaje con profundo respeto<\/p>\n\n\n\n<p>Durante su intervenci\u00f3n, Joseph Amaro dej\u00f3 claro que su intenci\u00f3n no es imitar ni sustituir la figura de Lavoe, sino honrar su legado con respeto y admiraci\u00f3n.<\/p>\n\n\n\n<p>\u201cEl respeto que siento por H\u00e9ctor Lavoe es inmenso. Para m\u00ed no es solo un cantante, es una leyenda, una voz que cambi\u00f3 la historia de la salsa. Este proyecto nace precisamente desde ese respeto y desde el amor que miles de personas seguimos sintiendo por su m\u00fasica\u201d, expres\u00f3 ante periodistas.<\/p>\n\n\n\n<p>El artista tambi\u00e9n record\u00f3 que la influencia de Lavoe sigue viva en la m\u00fasica latina y que muchas de sus interpretaciones contin\u00faan siendo referencia obligada para cantantes de salsa alrededor del mundo.<\/p>\n\n\n\n<figure class=\"wp-block-image size-large\"><img loading=\"lazy\" decoding=\"async\" width=\"1024\" height=\"768\" src=\"https:\/\/www.bitacoracdmx.com\/wp-content\/uploads\/2026\/03\/WhatsApp-Image-2026-03-11-at-3.01.51-PM-1-1024x768.jpeg\" alt=\"\" class=\"wp-image-62258\"\/><\/figure>\n\n\n\n<p>Salsa y sinf\u00f3nica en un mismo escenario<\/p>\n\n\n\n<p>\u201cLAVOE Sinf\u00f3nico\u201d ser\u00e1 un espect\u00e1culo de gran formato que combinar\u00e1 orquesta sinf\u00f3nica, banda salsera y producci\u00f3n esc\u00e9nica, con el objetivo de recrear la atm\u00f3sfera de los grandes conciertos dedicados al repertorio del artista puertorrique\u00f1o.<\/p>\n\n\n\n<p>Entre los temas que podr\u00edan formar parte del repertorio destacan cl\u00e1sicos asociados a la carrera de Lavoe como \u201cEl Cantante\u201d, \u201cPeri\u00f3dico de Ayer\u201d o \u201cMi Gente\u201d, canciones que siguen siendo pilares de la salsa internacional.<\/p>\n\n\n\n<p>Amaro adelant\u00f3 que el concierto estar\u00e1 acompa\u00f1ado por arreglos musicales especialmente preparados para esta presentaci\u00f3n, con la intenci\u00f3n de ofrecer una experiencia distinta a los tradicionales tributos salseros.<\/p>\n\n\n\n<p>\u201cQueremos que el p\u00fablico escuche estas canciones como nunca antes, con una dimensi\u00f3n orquestal que resalte la emoci\u00f3n y la historia detr\u00e1s de cada tema\u201d, coment\u00f3.<\/p>\n\n\n\n<p><a href=\"https:\/\/www.facebook.com\/hashtag\/lavoesinfonico?__eep__=6&amp;__cft__[0]=AZZLQtiY95Td1UqX0uS7JatXdDYzmI_YPkHTHrI6Mk7GMi3fI9wFEXD2vo3eFPR2aajKgohljujru2qiJNVwlTX4Q92mDky6Y3UHvjOp6w27afvTRO9V1oChR5gV401sjMzF0_mrQBt5tZdnht1SXpOG&amp;__tn__=*NK-R\">#LavoeSinfonico<\/a><\/p>\n\n\n\n<p><a href=\"https:\/\/www.facebook.com\/hashtag\/auditorionacional?__eep__=6&amp;__cft__[0]=AZZLQtiY95Td1UqX0uS7JatXdDYzmI_YPkHTHrI6Mk7GMi3fI9wFEXD2vo3eFPR2aajKgohljujru2qiJNVwlTX4Q92mDky6Y3UHvjOp6w27afvTRO9V1oChR5gV401sjMzF0_mrQBt5tZdnht1SXpOG&amp;__tn__=*NK-R\">#AuditorioNacional<\/a><\/p>\n\n\n\n<p><a href=\"https:\/\/www.facebook.com\/hashtag\/ticketmaster?__eep__=6&amp;__cft__[0]=AZZLQtiY95Td1UqX0uS7JatXdDYzmI_YPkHTHrI6Mk7GMi3fI9wFEXD2vo3eFPR2aajKgohljujru2qiJNVwlTX4Q92mDky6Y3UHvjOp6w27afvTRO9V1oChR5gV401sjMzF0_mrQBt5tZdnht1SXpOG&amp;__tn__=*NK-R\">#ticketmaster<\/a><\/p>\n\n\n\n<p><a href=\"https:\/\/www.facebook.com\/hashtag\/cdmx?__eep__=6&amp;__cft__[0]=AZZLQtiY95Td1UqX0uS7JatXdDYzmI_YPkHTHrI6Mk7GMi3fI9wFEXD2vo3eFPR2aajKgohljujru2qiJNVwlTX4Q92mDky6Y3UHvjOp6w27afvTRO9V1oChR5gV401sjMzF0_mrQBt5tZdnht1SXpOG&amp;__tn__=*NK-R\">#CDMX<\/a><\/p>\n\n\n\n<p><a href=\"https:\/\/www.facebook.com\/hashtag\/bitacoracdmx?__eep__=6&amp;__cft__[0]=AZZLQtiY95Td1UqX0uS7JatXdDYzmI_YPkHTHrI6Mk7GMi3fI9wFEXD2vo3eFPR2aajKgohljujru2qiJNVwlTX4Q92mDky6Y3UHvjOp6w27afvTRO9V1oChR5gV401sjMzF0_mrQBt5tZdnht1SXpOG&amp;__tn__=*NK-R\">#bitacoracdmx<\/a><\/p>\n","protected":false},"excerpt":{"rendered":"<p>Por: Cristy Padr\u00f3n Fotos: Mary Miranda En rueda de prensa realizada este mi\u00e9rcoles en el Auditorio Nacional, el cantante Joseph Amaro confirm\u00f3 oficialmente la presentaci\u00f3n de su espect\u00e1culo \u201cLAVOE Sinf\u00f3nico\u201d, programado para el 5 de abril de 2026 en el emblem\u00e1tico recinto capitalino. Durante el encuentro con medios, el int\u00e9rprete habl\u00f3 con emoci\u00f3n sobre el proyecto musical que rinde homenaje a uno de los m\u00e1ximos exponentes de la salsa, el legendario H\u00e9ctor Lavoe, a quien calific\u00f3 como \u201cuna figura irrepetible en la historia de la m\u00fasica latina\u201d. Amaro explic\u00f3 que el espect\u00e1culo busca recrear la grandeza musical del llamado Cantante [&hellip;]<\/p>\n","protected":false},"author":1,"featured_media":62256,"comment_status":"closed","ping_status":"closed","sticky":false,"template":"","format":"standard","meta":{"footnotes":""},"categories":[9,11],"tags":[],"_links":{"self":[{"href":"https:\/\/www.bitacoracdmx.com\/index.php?rest_route=\/wp\/v2\/posts\/62255"}],"collection":[{"href":"https:\/\/www.bitacoracdmx.com\/index.php?rest_route=\/wp\/v2\/posts"}],"about":[{"href":"https:\/\/www.bitacoracdmx.com\/index.php?rest_route=\/wp\/v2\/types\/post"}],"author":[{"embeddable":true,"href":"https:\/\/www.bitacoracdmx.com\/index.php?rest_route=\/wp\/v2\/users\/1"}],"replies":[{"embeddable":true,"href":"https:\/\/www.bitacoracdmx.com\/index.php?rest_route=%2Fwp%2Fv2%2Fcomments&post=62255"}],"version-history":[{"count":1,"href":"https:\/\/www.bitacoracdmx.com\/index.php?rest_route=\/wp\/v2\/posts\/62255\/revisions"}],"predecessor-version":[{"id":62259,"href":"https:\/\/www.bitacoracdmx.com\/index.php?rest_route=\/wp\/v2\/posts\/62255\/revisions\/62259"}],"wp:featuredmedia":[{"embeddable":true,"href":"https:\/\/www.bitacoracdmx.com\/index.php?rest_route=\/wp\/v2\/media\/62256"}],"wp:attachment":[{"href":"https:\/\/www.bitacoracdmx.com\/index.php?rest_route=%2Fwp%2Fv2%2Fmedia&parent=62255"}],"wp:term":[{"taxonomy":"category","embeddable":true,"href":"https:\/\/www.bitacoracdmx.com\/index.php?rest_route=%2Fwp%2Fv2%2Fcategories&post=62255"},{"taxonomy":"post_tag","embeddable":true,"href":"https:\/\/www.bitacoracdmx.com\/index.php?rest_route=%2Fwp%2Fv2%2Ftags&post=62255"}],"curies":[{"name":"wp","href":"https:\/\/api.w.org\/{rel}","templated":true}]}}