{"id":62261,"date":"2026-03-13T00:52:52","date_gmt":"2026-03-13T00:52:52","guid":{"rendered":"https:\/\/www.bitacoracdmx.com\/?p=62261"},"modified":"2026-03-13T00:52:55","modified_gmt":"2026-03-13T00:52:55","slug":"madre-perla-presenta-su-sencillo-si-pudieras-oir-y-confirma-participacion-en-el-vive-latino-2026","status":"publish","type":"post","link":"https:\/\/www.bitacoracdmx.com\/?p=62261","title":{"rendered":"Madre Perla presenta su sencillo \u201cSi pudieras o\u00edr\u201d y confirma participaci\u00f3n en el Vive Latino 2026"},"content":{"rendered":"\n<p><\/p>\n\n\n\n<p>Por: Cristy Padr\u00f3n<\/p>\n\n\n\n<p>En una rueda de prensa realizada este martes, la banda mexicana Madre Perla anunci\u00f3 el lanzamiento de su m\u00e1s reciente sencillo, \u201cSi pudieras o\u00edr\u201d, tema que formar\u00e1 parte de un pr\u00f3ximo EP grabado en vivo. Durante el encuentro con medios, la agrupaci\u00f3n tambi\u00e9n confirm\u00f3 oficialmente su participaci\u00f3n en el Festival Vive Latino 2026, uno de los encuentros musicales m\u00e1s importantes de Latinoam\u00e9rica.<\/p>\n\n\n\n<p>El nuevo sencillo fue presentado como la carta de presentaci\u00f3n de este proyecto especial, que busca capturar la esencia del grupo sobre el escenario. De acuerdo con los integrantes de la banda, el EP incluir\u00e1 versiones en directo de algunas de sus canciones, registradas durante presentaciones recientes, con el objetivo de transmitir la energ\u00eda y la conexi\u00f3n que mantienen con el p\u00fablico en sus conciertos.<\/p>\n\n\n\n<p>\u201cSi pudieras o\u00edr\u201d destaca por su carga emocional y por mostrar una evoluci\u00f3n en el sonido de Madre Perla, combinando su estilo caracter\u00edstico con una interpretaci\u00f3n m\u00e1s \u00edntima propia del formato en vivo.<\/p>\n\n\n\n<p>Adem\u00e1s del anuncio musical, la banda confirm\u00f3 que formar\u00e1 parte del cartel del Festival Vive Latino 2026, que se celebrar\u00e1 en el Foro Sol de la Ciudad de M\u00e9xico. Para la agrupaci\u00f3n, esta participaci\u00f3n representa un momento clave dentro de su trayectoria.<\/p>\n\n\n\n<p>\u201cEs un sue\u00f1o poder tocar en Vive Latino. Durante a\u00f1os vimos ese escenario como fans, y ahora estar ah\u00ed con nuestra m\u00fasica es algo muy especial\u201d, se\u00f1alaron durante la conferencia.<\/p>\n\n\n\n<p>Con el lanzamiento de \u201cSi pudieras o\u00edr\u201d y el anuncio de su presencia en el Festival Vive Latino 2026, Madre Perla se prepara para una nueva etapa en su carrera, marcada por la consolidaci\u00f3n de su propuesta musical y por su llegada a uno de los escenarios m\u00e1s importantes del circuito musical en espa\u00f1ol.<\/p>\n\n\n\n<p><a href=\"https:\/\/www.facebook.com\/hashtag\/madreperla?__eep__=6&amp;__cft__[0]=AZbWlwi16KEDj_PWj1urWNAOEIxKjsGtWRKdufG7DErDd365pl1NNbioCW8NaiFFvJXxE1IiNSg52OahI7LmbNKdvLDhW-jf9UR-iKdMgeyPOLp8zuQwX5mTpMqKVlECmpSf_64VbkxWGq7l4oFB0puX&amp;__tn__=*NK-R\">#madreperla<\/a><\/p>\n\n\n\n<p><a href=\"https:\/\/www.facebook.com\/hashtag\/vivelatino?__eep__=6&amp;__cft__[0]=AZbWlwi16KEDj_PWj1urWNAOEIxKjsGtWRKdufG7DErDd365pl1NNbioCW8NaiFFvJXxE1IiNSg52OahI7LmbNKdvLDhW-jf9UR-iKdMgeyPOLp8zuQwX5mTpMqKVlECmpSf_64VbkxWGq7l4oFB0puX&amp;__tn__=*NK-R\">#ViveLatino<\/a><\/p>\n\n\n\n<p><a href=\"https:\/\/www.facebook.com\/hashtag\/vivelatino2026?__eep__=6&amp;__cft__[0]=AZbWlwi16KEDj_PWj1urWNAOEIxKjsGtWRKdufG7DErDd365pl1NNbioCW8NaiFFvJXxE1IiNSg52OahI7LmbNKdvLDhW-jf9UR-iKdMgeyPOLp8zuQwX5mTpMqKVlECmpSf_64VbkxWGq7l4oFB0puX&amp;__tn__=*NK-R\">#vivelatino2026<\/a><\/p>\n\n\n\n<p><a href=\"https:\/\/www.facebook.com\/hashtag\/estadiognpseguros?__eep__=6&amp;__cft__[0]=AZbWlwi16KEDj_PWj1urWNAOEIxKjsGtWRKdufG7DErDd365pl1NNbioCW8NaiFFvJXxE1IiNSg52OahI7LmbNKdvLDhW-jf9UR-iKdMgeyPOLp8zuQwX5mTpMqKVlECmpSf_64VbkxWGq7l4oFB0puX&amp;__tn__=*NK-R\">#EstadioGNPSeguros<\/a><\/p>\n\n\n\n<p><a href=\"https:\/\/www.facebook.com\/hashtag\/ocesa?__eep__=6&amp;__cft__[0]=AZbWlwi16KEDj_PWj1urWNAOEIxKjsGtWRKdufG7DErDd365pl1NNbioCW8NaiFFvJXxE1IiNSg52OahI7LmbNKdvLDhW-jf9UR-iKdMgeyPOLp8zuQwX5mTpMqKVlECmpSf_64VbkxWGq7l4oFB0puX&amp;__tn__=*NK-R\">#Ocesa<\/a><\/p>\n\n\n\n<p><a href=\"https:\/\/www.facebook.com\/hashtag\/ticketmaster?__eep__=6&amp;__cft__[0]=AZbWlwi16KEDj_PWj1urWNAOEIxKjsGtWRKdufG7DErDd365pl1NNbioCW8NaiFFvJXxE1IiNSg52OahI7LmbNKdvLDhW-jf9UR-iKdMgeyPOLp8zuQwX5mTpMqKVlECmpSf_64VbkxWGq7l4oFB0puX&amp;__tn__=*NK-R\">#ticketmaster<\/a><\/p>\n\n\n\n<p><a href=\"https:\/\/www.facebook.com\/hashtag\/cdmx?__eep__=6&amp;__cft__[0]=AZbWlwi16KEDj_PWj1urWNAOEIxKjsGtWRKdufG7DErDd365pl1NNbioCW8NaiFFvJXxE1IiNSg52OahI7LmbNKdvLDhW-jf9UR-iKdMgeyPOLp8zuQwX5mTpMqKVlECmpSf_64VbkxWGq7l4oFB0puX&amp;__tn__=*NK-R\">#CDMX<\/a><\/p>\n\n\n\n<p><a href=\"https:\/\/www.facebook.com\/hashtag\/bitacoracdmx?__eep__=6&amp;__cft__[0]=AZbWlwi16KEDj_PWj1urWNAOEIxKjsGtWRKdufG7DErDd365pl1NNbioCW8NaiFFvJXxE1IiNSg52OahI7LmbNKdvLDhW-jf9UR-iKdMgeyPOLp8zuQwX5mTpMqKVlECmpSf_64VbkxWGq7l4oFB0puX&amp;__tn__=*NK-R\">#bitacoracdmx<\/a><\/p>\n","protected":false},"excerpt":{"rendered":"<p>Por: Cristy Padr\u00f3n En una rueda de prensa realizada este martes, la banda mexicana Madre Perla anunci\u00f3 el lanzamiento de su m\u00e1s reciente sencillo, \u201cSi pudieras o\u00edr\u201d, tema que formar\u00e1 parte de un pr\u00f3ximo EP grabado en vivo. Durante el encuentro con medios, la agrupaci\u00f3n tambi\u00e9n confirm\u00f3 oficialmente su participaci\u00f3n en el Festival Vive Latino 2026, uno de los encuentros musicales m\u00e1s importantes de Latinoam\u00e9rica. El nuevo sencillo fue presentado como la carta de presentaci\u00f3n de este proyecto especial, que busca capturar la esencia del grupo sobre el escenario. De acuerdo con los integrantes de la banda, el EP incluir\u00e1 [&hellip;]<\/p>\n","protected":false},"author":1,"featured_media":62262,"comment_status":"closed","ping_status":"closed","sticky":false,"template":"","format":"standard","meta":{"footnotes":""},"categories":[9,11],"tags":[],"_links":{"self":[{"href":"https:\/\/www.bitacoracdmx.com\/index.php?rest_route=\/wp\/v2\/posts\/62261"}],"collection":[{"href":"https:\/\/www.bitacoracdmx.com\/index.php?rest_route=\/wp\/v2\/posts"}],"about":[{"href":"https:\/\/www.bitacoracdmx.com\/index.php?rest_route=\/wp\/v2\/types\/post"}],"author":[{"embeddable":true,"href":"https:\/\/www.bitacoracdmx.com\/index.php?rest_route=\/wp\/v2\/users\/1"}],"replies":[{"embeddable":true,"href":"https:\/\/www.bitacoracdmx.com\/index.php?rest_route=%2Fwp%2Fv2%2Fcomments&post=62261"}],"version-history":[{"count":1,"href":"https:\/\/www.bitacoracdmx.com\/index.php?rest_route=\/wp\/v2\/posts\/62261\/revisions"}],"predecessor-version":[{"id":62263,"href":"https:\/\/www.bitacoracdmx.com\/index.php?rest_route=\/wp\/v2\/posts\/62261\/revisions\/62263"}],"wp:featuredmedia":[{"embeddable":true,"href":"https:\/\/www.bitacoracdmx.com\/index.php?rest_route=\/wp\/v2\/media\/62262"}],"wp:attachment":[{"href":"https:\/\/www.bitacoracdmx.com\/index.php?rest_route=%2Fwp%2Fv2%2Fmedia&parent=62261"}],"wp:term":[{"taxonomy":"category","embeddable":true,"href":"https:\/\/www.bitacoracdmx.com\/index.php?rest_route=%2Fwp%2Fv2%2Fcategories&post=62261"},{"taxonomy":"post_tag","embeddable":true,"href":"https:\/\/www.bitacoracdmx.com\/index.php?rest_route=%2Fwp%2Fv2%2Ftags&post=62261"}],"curies":[{"name":"wp","href":"https:\/\/api.w.org\/{rel}","templated":true}]}}