{"id":62277,"date":"2026-03-13T03:58:26","date_gmt":"2026-03-13T03:58:26","guid":{"rendered":"https:\/\/www.bitacoracdmx.com\/?p=62277"},"modified":"2026-03-13T03:58:28","modified_gmt":"2026-03-13T03:58:28","slug":"tras-10-anos-de-ausencia-the-growlers-regresa-a-la-capital-mexicana-con-un-espiritu-revitalizado","status":"publish","type":"post","link":"https:\/\/www.bitacoracdmx.com\/?p=62277","title":{"rendered":"Tras 10 a\u00f1os de ausencia, THE GROWLERS regresa a la CAPITAL MEXICANA con un ESP\u00cdRITU REVITALIZADO"},"content":{"rendered":"\n<p><\/p>\n\n\n\n<p>REDACCI\u00d3N<\/p>\n\n\n\n<p><span style=\"font-weight: bolder; color: rgb(33, 43, 53); font-size: 3.2rem; text-align: center; font-family: Arial; white-space-collapse: collapse;\">6 DE JUNIO, 2026 \u2013 TEATRO METROP\u00d3LITAN\u00a0<\/span><div class=\"pr-story--element-space\" style=\"box-sizing: border-box; padding: 0px; margin: 0px 0px 30px; outline-style: none; outline-width: initial; color: rgba(0, 0, 0, 0.4); font-family: Arial; font-size: 16px; white-space-collapse: collapse;\"><div class=\"pr-story-lead\" style=\"box-sizing: border-box; padding: 0px; margin: 0px 0px 30px; outline-style: none; outline-width: initial;\"><p class=\"pr-story--lead-sans pr-header-font\" style=\"box-sizing: border-box; padding: 0px; margin: 0px; outline: none; line-height: 1.4; color: rgb(33, 43, 53); font-size: 3.2rem; text-align: center;\"><span style=\"box-sizing: border-box; padding: 0px; margin: 0px; outline: none; font-weight: bolder;\">PREVENTA BANAMEX: 19 DE MARZO<\/span><\/p><\/div><\/div><div class=\"pr-story--element-space\" style=\"box-sizing: border-box; padding: 0px; margin: 0px 0px 30px; outline-style: none; outline-width: initial; color: rgba(0, 0, 0, 0.4); font-family: Arial; font-size: 16px; white-space-collapse: collapse;\"><div class=\"pr-story-paragraph\" style=\"box-sizing: border-box; padding: 0px; margin: 0px; outline-style: none; outline-width: initial;\"><div class=\"pr-story--text pr-text-font\" style=\"box-sizing: border-box; padding: 0px; margin: 0px; outline-style: none; outline-width: initial; color: rgb(33, 43, 53); line-height: 1.65; font-size: 2rem; text-align: justify;\">Pocas bandas poseen la singularidad y el esp\u00edritu disruptivo de The Growlers, un referente indiscutible del rock alternativo que, tras casi una d\u00e9cada lejos de los escenarios de la Ciudad de M\u00e9xico, marca su esperado regreso con una gira mundial que recorrer\u00e1 Australia, Reino Unido, Alemania, M\u00e9xico y otros pa\u00edses. Despu\u00e9s de seis a\u00f1os sin actividad en vivo y en medio de una nueva etapa creativa impulsada por m\u00fasica reciente, una gira global y el esp\u00edritu totalmente revitalizado, el grupo californiano se reencontrar\u00e1 con su p\u00fablico en un concierto programado para el 6 de junio en el Teatro Metrop\u00f3litan, bajo una premisa muy sencilla:\u00a0<em style=\"box-sizing: border-box; padding: 0px; margin: 0px; outline: none;\">The Growlers are back!<\/em><\/div><\/div><\/div><div class=\"pr-story--element-space\" style=\"box-sizing: border-box; padding: 0px; margin: 0px 0px 30px; outline-style: none; outline-width: initial; color: rgba(0, 0, 0, 0.4); font-family: Arial; font-size: 16px; white-space-collapse: collapse;\"><div class=\"pr-story-paragraph\" style=\"box-sizing: border-box; padding: 0px; margin: 0px; outline-style: none; outline-width: initial;\"><div class=\"pr-story--text pr-text-font\" style=\"box-sizing: border-box; padding: 0px; margin: 0px; outline-style: none; outline-width: initial; color: rgb(33, 43, 53); line-height: 1.65; font-size: 2rem; text-align: justify;\">A lo largo de su trayectoria, The Growlers han construido una identidad musical sin comparaci\u00f3n, un paradigma \u00fanico que cruza el surf, la psicodelia, el garage y la peculiar esencia californiana que los convierte en un fen\u00f3meno de culto. En el centro de ese imaginario permanece Brooks Nielsen, fundador y l\u00edder del proyecto, cuya voz inconfundible y sensibilidad pop retorcida, han guiado a la banda \u201c<em style=\"box-sizing: border-box; padding: 0px; margin: 0px; outline: none;\">desde sus d\u00edas como inadaptados de bares, hasta convertirse en un referente internacional\u201d,<\/em>\u00a0seg\u00fan afirma el grupo. La combinaci\u00f3n de su sonido \u00fanico y su est\u00e9tica desenfadada, les ha otorgado un lugar especial dentro del panorama independiente, generando una devoci\u00f3n sostenida en audiencias de todas partes del mundo.<\/div><\/div><\/div><div class=\"pr-story--element-space\" style=\"box-sizing: border-box; padding: 0px; margin: 0px 0px 30px; outline-style: none; outline-width: initial; color: rgba(0, 0, 0, 0.4); font-family: Arial; font-size: 16px; white-space-collapse: collapse;\"><div class=\"pr-story-paragraph\" style=\"box-sizing: border-box; padding: 0px; margin: 0px; outline-style: none; outline-width: initial;\"><div class=\"pr-story--text pr-text-font\" style=\"box-sizing: border-box; padding: 0px; margin: 0px; outline-style: none; outline-width: initial; color: rgb(33, 43, 53); line-height: 1.65; font-size: 2rem; text-align: justify;\">Este regreso llega acompa\u00f1ado por nueva m\u00fasica que anuncia el comienzo de una etapa particularmente significativa para la banda. Sus dos recientes lanzamientos, \u201cCrisis\u201d y \u201cFeel My Funk\u201d, presentan un cap\u00edtulo renovado que conserva la esencia que siempre los ha distinguido, mientras introduce matices frescos que expanden su propuesta sonora.<\/div><\/div><\/div><div class=\"pr-story--element-space\" style=\"box-sizing: border-box; padding: 0px; margin: 0px 0px 30px; outline-style: none; outline-width: initial; color: rgba(0, 0, 0, 0.4); font-family: Arial; font-size: 16px; white-space-collapse: collapse;\"><div class=\"pr-story-paragraph\" style=\"box-sizing: border-box; padding: 0px; margin: 0px; outline-style: none; outline-width: initial;\"><div class=\"pr-story--text pr-text-font\" style=\"box-sizing: border-box; padding: 0px; margin: 0px; outline-style: none; outline-width: initial; color: rgb(33, 43, 53); line-height: 1.65; font-size: 2rem; text-align: justify;\">\u00bfQu\u00e9 les espera a los fans de The Growlers?\u00a0<em style=\"box-sizing: border-box; padding: 0px; margin: 0px; outline: none;\">Para los fans mexicanos, el concierto en el Teatro Metrop\u00f3litan ser\u00e1 una oportunidad \u00fanica para escuchar estas canciones en vivo por primera vez, junto con los temas que han marcado la historia de The Growlers y que los han acompa\u00f1ado en cada una de sus transformaciones.<\/em><em style=\"box-sizing: border-box; padding: 0px; margin: 0px; outline: none;\">\u200b<\/em><\/div><\/div><\/div><div class=\"pr-story--element-space\" style=\"box-sizing: border-box; padding: 0px; margin: 0px 0px 30px; outline-style: none; outline-width: initial; color: rgba(0, 0, 0, 0.4); font-family: Arial; font-size: 16px; white-space-collapse: collapse;\"><div class=\"pr-story-paragraph\" style=\"box-sizing: border-box; padding: 0px; margin: 0px; outline-style: none; outline-width: initial;\"><div class=\"pr-story--text pr-text-font\" style=\"box-sizing: border-box; padding: 0px; margin: 0px; outline-style: none; outline-width: initial; color: rgb(33, 43, 53); line-height: 1.65; font-size: 2rem; text-align: justify;\">Despu\u00e9s de a\u00f1os en silencio y lejos de los escenarios, la expectativa por su regreso es palpable. Entretanto, la Ciudad de M\u00e9xico \u2014una plaza hist\u00f3ricamente significativa para la banda y la segunda ciudad del mundo con mayor cantidad de escuchas de The Growlers\u2014 se prepara para recibirlos con un show que promete no s\u00f3lo cargar a la capital de energ\u00eda, sino tambi\u00e9n, de fortalecer el v\u00ednculo directo entre The Growlers y el p\u00fablico mexicano que los ha acompa\u00f1ado desde sus primeras giras internacionales.<\/div><\/div><\/div><div class=\"pr-story--element-space\" style=\"box-sizing: border-box; padding: 0px; margin: 0px 0px 30px; outline-style: none; outline-width: initial; color: rgba(0, 0, 0, 0.4); font-family: Arial; font-size: 16px; white-space-collapse: collapse;\"><div class=\"pr-story-paragraph\" style=\"box-sizing: border-box; padding: 0px; margin: 0px; outline-style: none; outline-width: initial;\"><div class=\"pr-story--text pr-text-font\" style=\"box-sizing: border-box; padding: 0px; margin: 0px; outline-style: none; outline-width: initial; color: rgb(33, 43, 53); line-height: 1.65; font-size: 2rem; text-align: justify;\">La Preventa Banamex comenzar\u00e1 el 19 de marzo, mientras que la Venta General se liberar\u00e1 un d\u00eda despu\u00e9s, el 20 de marzo a las 11:00 horas a trav\u00e9s de Ticketmaster o en la taquilla del inmueble. Por su parte, la Preventa Artista tendr\u00e1 lugar el 18 de marzo a trav\u00e9s de\u00a0<a title=\"\" style=\"box-sizing: border-box; padding: 0px; margin: 0px; background-color: transparent; color: rgb(0, 0, 0); transition-duration: 0.2s; transition-timing-function: ease-in-out; transition-property: all; opacity: 0.6; border-top: none; border-right: none; border-left: none; border-image: initial; border-bottom: 1px dotted;\" href=\"https:\/\/thegrowlers.com\/\" target=\"_blank\" rel=\"noopener\">TheGrowlers.com<\/a><\/div><\/div><\/div><\/p>\n\n\n\n<p><a href=\"https:\/\/www.facebook.com\/hashtag\/thegrowlers?__eep__=6&amp;__cft__[0]=AZaourkstCYAkbfN5RGJTZtZ89Dtu-jMTaqdi3kalKatwZTM8w5FQicyb8cv7KQPNGKN99Wf7VgNW3ZlsYUe4edEjL52KkKnRh7Xisn2O3ShO5ey7_oTSUuDLtK7544aBQygyeWwV90F7fWlChN10Mgm&amp;__tn__=*NK-R\">#TheGrowlers<\/a><\/p>\n\n\n\n<p><a href=\"https:\/\/www.facebook.com\/hashtag\/teatrometropolitan?__eep__=6&amp;__cft__[0]=AZaourkstCYAkbfN5RGJTZtZ89Dtu-jMTaqdi3kalKatwZTM8w5FQicyb8cv7KQPNGKN99Wf7VgNW3ZlsYUe4edEjL52KkKnRh7Xisn2O3ShO5ey7_oTSUuDLtK7544aBQygyeWwV90F7fWlChN10Mgm&amp;__tn__=*NK-R\">#TeatroMetropolitan<\/a><\/p>\n\n\n\n<p><a href=\"https:\/\/www.facebook.com\/hashtag\/ocesa?__eep__=6&amp;__cft__[0]=AZaourkstCYAkbfN5RGJTZtZ89Dtu-jMTaqdi3kalKatwZTM8w5FQicyb8cv7KQPNGKN99Wf7VgNW3ZlsYUe4edEjL52KkKnRh7Xisn2O3ShO5ey7_oTSUuDLtK7544aBQygyeWwV90F7fWlChN10Mgm&amp;__tn__=*NK-R\">#Ocesa<\/a><\/p>\n\n\n\n<p><a href=\"https:\/\/www.facebook.com\/hashtag\/ticketmaster?__eep__=6&amp;__cft__[0]=AZaourkstCYAkbfN5RGJTZtZ89Dtu-jMTaqdi3kalKatwZTM8w5FQicyb8cv7KQPNGKN99Wf7VgNW3ZlsYUe4edEjL52KkKnRh7Xisn2O3ShO5ey7_oTSUuDLtK7544aBQygyeWwV90F7fWlChN10Mgm&amp;__tn__=*NK-R\">#ticketmaster<\/a><\/p>\n\n\n\n<p><a href=\"https:\/\/www.facebook.com\/hashtag\/cdmx?__eep__=6&amp;__cft__[0]=AZaourkstCYAkbfN5RGJTZtZ89Dtu-jMTaqdi3kalKatwZTM8w5FQicyb8cv7KQPNGKN99Wf7VgNW3ZlsYUe4edEjL52KkKnRh7Xisn2O3ShO5ey7_oTSUuDLtK7544aBQygyeWwV90F7fWlChN10Mgm&amp;__tn__=*NK-R\">#CDMX<\/a><\/p>\n\n\n\n<p><a href=\"https:\/\/www.facebook.com\/hashtag\/bitacoracdmx?__eep__=6&amp;__cft__[0]=AZaourkstCYAkbfN5RGJTZtZ89Dtu-jMTaqdi3kalKatwZTM8w5FQicyb8cv7KQPNGKN99Wf7VgNW3ZlsYUe4edEjL52KkKnRh7Xisn2O3ShO5ey7_oTSUuDLtK7544aBQygyeWwV90F7fWlChN10Mgm&amp;__tn__=*NK-R\">#bitacoracdmx<\/a><\/p>\n","protected":false},"excerpt":{"rendered":"<p>REDACCI\u00d3N 6 DE JUNIO, 2026 \u2013 TEATRO METROP\u00d3LITAN\u00a0 PREVENTA BANAMEX: 19 DE MARZO Pocas bandas poseen la singularidad y el esp\u00edritu disruptivo de The Growlers, un referente indiscutible del rock alternativo que, tras casi una d\u00e9cada lejos de los escenarios de la Ciudad de M\u00e9xico, marca su esperado regreso con una gira mundial que recorrer\u00e1 Australia, Reino Unido, Alemania, M\u00e9xico y otros pa\u00edses. Despu\u00e9s de seis a\u00f1os sin actividad en vivo y en medio de una nueva etapa creativa impulsada por m\u00fasica reciente, una gira global y el esp\u00edritu totalmente revitalizado, el grupo californiano se reencontrar\u00e1 con su p\u00fablico en [&hellip;]<\/p>\n","protected":false},"author":1,"featured_media":62278,"comment_status":"closed","ping_status":"closed","sticky":false,"template":"","format":"standard","meta":{"footnotes":""},"categories":[9,11],"tags":[],"_links":{"self":[{"href":"https:\/\/www.bitacoracdmx.com\/index.php?rest_route=\/wp\/v2\/posts\/62277"}],"collection":[{"href":"https:\/\/www.bitacoracdmx.com\/index.php?rest_route=\/wp\/v2\/posts"}],"about":[{"href":"https:\/\/www.bitacoracdmx.com\/index.php?rest_route=\/wp\/v2\/types\/post"}],"author":[{"embeddable":true,"href":"https:\/\/www.bitacoracdmx.com\/index.php?rest_route=\/wp\/v2\/users\/1"}],"replies":[{"embeddable":true,"href":"https:\/\/www.bitacoracdmx.com\/index.php?rest_route=%2Fwp%2Fv2%2Fcomments&post=62277"}],"version-history":[{"count":1,"href":"https:\/\/www.bitacoracdmx.com\/index.php?rest_route=\/wp\/v2\/posts\/62277\/revisions"}],"predecessor-version":[{"id":62279,"href":"https:\/\/www.bitacoracdmx.com\/index.php?rest_route=\/wp\/v2\/posts\/62277\/revisions\/62279"}],"wp:featuredmedia":[{"embeddable":true,"href":"https:\/\/www.bitacoracdmx.com\/index.php?rest_route=\/wp\/v2\/media\/62278"}],"wp:attachment":[{"href":"https:\/\/www.bitacoracdmx.com\/index.php?rest_route=%2Fwp%2Fv2%2Fmedia&parent=62277"}],"wp:term":[{"taxonomy":"category","embeddable":true,"href":"https:\/\/www.bitacoracdmx.com\/index.php?rest_route=%2Fwp%2Fv2%2Fcategories&post=62277"},{"taxonomy":"post_tag","embeddable":true,"href":"https:\/\/www.bitacoracdmx.com\/index.php?rest_route=%2Fwp%2Fv2%2Ftags&post=62277"}],"curies":[{"name":"wp","href":"https:\/\/api.w.org\/{rel}","templated":true}]}}