{"id":62295,"date":"2026-03-19T02:50:53","date_gmt":"2026-03-19T02:50:53","guid":{"rendered":"https:\/\/www.bitacoracdmx.com\/?p=62295"},"modified":"2026-03-19T02:50:54","modified_gmt":"2026-03-19T02:50:54","slug":"rawayana-anuncia-la-segunda-fase-de-su-donde-es-el-after-world-tour-nuevos-shows-en-estados-unidos-canada-y-europa-se-suman-a-los-previamente-anunciados-en-america-latina-y-espana","status":"publish","type":"post","link":"https:\/\/www.bitacoracdmx.com\/?p=62295","title":{"rendered":"RAWAYANA anuncia la SEGUNDA FASE de su \u00bfD\u00d3NDE ES EL AFTER? WORLD TOUR\u00a0nuevos shows en ESTADOS UNIDOS, CANAD\u00c1  y EUROPA\u00a0se suman a los previamente anunciados en AM\u00c9RICA LATINA y ESPA\u00d1A\u00a0"},"content":{"rendered":"\n<p><\/p>\n\n\n\n<p>REDACCI\u00d3N<\/p>\n\n\n\n<p><strong>\u00a0<\/strong>La banda ganadora del GRAMMY\u00ae y del Latin GRAMMY\u00ae\u00a0<strong>Rawayana<\/strong>\u00a0anunci\u00f3 hoy\u00a0<strong>las fases por Norteam\u00e9rica y Europa<\/strong>\u00a0de su\u00a0<strong>\u00bfD\u00f3nde es el After? World Tour<\/strong>, sumando una extensa serie de conciertos por todo\u00a0<strong>Estados<\/strong>\u00a0<strong>Unidos<\/strong>\u00a0y\u00a0<strong>Canad\u00e1<\/strong>\u00a0este oto\u00f1o junto con o<strong>cho nuevas fechas reveladas para Europa en septiembre<\/strong>. Los nuevos shows anunciados expanden la gira mundial siguiendo la fase previamente anunciada por\u00a0<strong>Am\u00e9rica Latina y Espa\u00f1a<\/strong>, y las paradas reci\u00e9n agregadas en\u00a0<strong>Puerto<\/strong>\u00a0<strong>Rico<\/strong>\u00a0y la\u00a0<strong>Rep\u00fablica<\/strong>\u00a0<strong>Dominicana<\/strong>\u00a0<br>\u00a0<br>Promovida por Live Nation y Rimas Nation, la fase Norteamericana arranca el 15 de octubre en San Francisco, CA, en el Bill Graham Civic Auditorium y viajar\u00e1 a ciudades principales, incluyendo Atlanta, Toronto, Brooklyn, Chicago, Los \u00c1ngeles, Miami y m\u00e1s. Antes de la gira por Norteam\u00e9rica, Rawayana llevar\u00e1 la gira a Europa este septiembre, con nuevas presentaciones anunciadas en\u00a0<strong>Valencia<\/strong>,\u00a0<strong>Mil\u00e1n<\/strong>,\u00a0<strong>Z\u00farich<\/strong>,\u00a0<strong>Berl\u00edn<\/strong>,\u00a0<strong>\u00c1msterdam<\/strong>,\u00a0<strong>Par\u00eds<\/strong>,\u00a0<strong>Londres<\/strong>\u00a0y\u00a0<strong>Madrid<\/strong>, lo que marcar\u00e1 una de las giras m\u00e1s extensas de la banda por Europa a la fecha.<br><br>En la gira,\u00a0<strong>Rawayana<\/strong>\u00a0llevar\u00e1 al escenario su aclamado nuevo \u00e1lbum de estudio,\u00a0<strong>\u00bfD\u00f3nde Es El After?<\/strong>, un ambicioso proyecto de 23 canciones en el que se embarca en un viaje sensorial que nace de la constante b\u00fasqueda humana de experiencias que superen lo vivido.<\/p>\n\n\n\n<p>El LP incluye los \u00e9xitos virales \u201c<strong>Ingl\u00e9s<\/strong><strong>en<\/strong><strong>Miami<\/strong>\u201d junto a&nbsp;<strong>Manuel<\/strong><strong>Turizo<\/strong>&nbsp;y \u201c<strong>Domingo<\/strong><strong>Familiar<\/strong>\u201d con&nbsp;<strong>Jowell<\/strong><strong>&amp;<\/strong><strong>Randy<\/strong>, adem\u00e1s de los sencillos \u201c<strong>La Noche Que No Hab\u00eda Uber<\/strong>\u201d, con el que&nbsp;<strong>Rawayana<\/strong>&nbsp;debut\u00f3 en la prestigiosa vitrina de&nbsp;<a href=\"https:\/\/www.youtube.com\/watch?v=WzB22R3__Y8\" target=\"_blank\" rel=\"noreferrer noopener\"><strong>Gallery Sessions<\/strong><\/a>, y \u201c<strong>Reyimiller<\/strong>\u201d, que tambi\u00e9n marc\u00f3 el debut de la agrupaci\u00f3n en&nbsp;<a href=\"https:\/\/youtu.be\/qoks2mx5YSM?si=apxRMuIqTKyo8AZW\" target=\"_blank\" rel=\"noreferrer noopener\"><strong>COLORS<\/strong><\/a>, una de las plataformas musicales m\u00e1s reconocidas a nivel mundial.<br><br>La producci\u00f3n debut\u00f3 en la posici\u00f3n&nbsp;<strong>#2<\/strong>&nbsp;del chart&nbsp;<strong>Top Albums Debut Global<\/strong>&nbsp;de&nbsp;<strong>Spotify<\/strong>, en el puesto&nbsp;<strong>#1&nbsp;<\/strong>del<strong>&nbsp;Top Album Debuts USA&nbsp;<\/strong>de&nbsp;<strong>Spotify<\/strong>, y el \u00e9xito \u201c<strong>Ingl\u00e9s<\/strong><strong>en<\/strong><strong>Miami<\/strong>\u201d alcanz\u00f3 el puesto&nbsp;<strong>#8<\/strong>&nbsp;del&nbsp;<strong>Top<\/strong><strong>Songs<\/strong><strong>Debut<\/strong><strong>USA<\/strong>&nbsp;de la misma plataforma en su primera semana.<br><br><strong>BOLETOS<\/strong>: Los boletos estar\u00e1n disponibles a partir de una preventa del artista, que comienza el martes 17 de marzo a las 10 AM, hora local. Las preventas adicionales se llevar\u00e1n a cabo antes del inicio de la venta general, que inicia el jueves 19 de marzo a las 10 AM, hora local, en&nbsp;<a href=\"http:\/\/dondeeselafter.com\/\" target=\"_blank\" rel=\"noreferrer noopener\">dondeeselafter.com&nbsp;<\/a><\/p>\n\n\n\n<p><strong>VIP<\/strong>: El tour tambi\u00e9n ofrecer\u00e1 un paquete y una experiencia VIP para que los fan\u00e1ticos lleven su experiencia en el concierto al siguiente nivel. El paquete incluye un boleto de admisi\u00f3n general con acceso prioritario al piso, un voucher de transporte compartido para usar la noche del show, un art\u00edculo de regalo VIP especialmente dise\u00f1ado, entrada anticipada al recinto y m\u00e1s. Para m\u00e1s informaci\u00f3n, visita&nbsp;<a href=\"http:\/\/vipnation.com\/\" target=\"_blank\" rel=\"noreferrer noopener\">vipnation.com<\/a>.<br><br><strong>FECHAS DE \u00bfD\u00d3NDE ES EL AFTER? WORLD TOUR:<\/strong><br>^Fechas Previamente Anunciadas | *No Es Una Fecha de Live Nation<\/p>\n\n\n\n<p>Apr 17, Bogota, CO \u2014 Movistar Arena^ &nbsp;<br>Apr 23, Bogota, CO \u2014 Movistar Arena^<br>May 15, Madrid, ES \u2013 Movistar Arena^&nbsp;<br>May 16, Madrid, ES \u2014 Movistar Arena^&nbsp;<br>May 17, Barcelona, ES \u2014 Palau St Jordi^<br>Jun 3, Merida, MX \u2014 Foro GNP^<br>Jun 7, Mexico City, MX \u2014 Palacio de los Deportes^<br>Jun 9, Monterrey, MX \u2014 Auditorio Banamex^<br>Jun 10, Guadalajara, MX \u2014 Auditorio Telmex^<br><strong>Jun 19, San Salvador, SV \u2014 Complejo Cuscatlan<br>Jun 20, Tegucigalpa, HN \u2014 Coliseo Nacional de Ingenieros<br>Jun 26, Panama City, PA \u2014 Plaza Amador<br>Jun 27, San Jose, CR \u2014 Parque Viva<\/strong><br>Aug 15, Lima, PE \u2014 Costa 21^<br>Aug 20, Buenos Aires, ARG \u2014 Movistar Arena^&nbsp;<br>Aug 21, Buenos Aires, ARG \u2014 Movistar Arena^&nbsp;<br>Aug 22, Santiago, CL \u2014 Movistar Arena^<br>Aug 23, Santiago, CL \u2014 Movistar Arena^<br>Aug 24, Santiago, CL \u2014 Movistar Arena^&nbsp;<br>Aug 27, Quito, EC \u2014 Coliseo Ruminahui^<br>Aug 29, Guayaquil, EC \u2014 Coliseo Voltaire^<br><strong>Sep 6, Valencia, ES \u2014 Roig Arena<br>Sep 11, Milan, IT \u2014 Fabrique<br>Sep 12, Zurich, CH \u2014 X-tra<br>Sep 14, Berlin, DE \u2014 Columbiahalle<br>Sep 18, Amsterdam, NL \u2014 Melkweg<br>Sep 19, Paris, FR \u2014 Bataclan<br>Sep 21, London, GB \u2014 Brixton Academy<br>Sep 28, Madrid, ES \u2014 Movistar Arena<br>Oct 3, Santiago, RD \u2014 Gran Arena Del Cibao*<br>Oct 15, San Francisco, CA \u2014 Bill Graham Civic Auditorium<br>Oct 18, Denver, CO \u2014 Fillmore Auditorium<br>Oct 21, Nashville, TN \u2014 The Truth<br>Oct 23, Atlanta, GA \u2014 Synovus Bank Amphitheater at Chastain Park<br>Oct 24, Charlotte, NC \u2014 The Fillmore Charlotte<br>Oct 27, Toronto, ON \u2014 Coca-Cola Coliseum<br>Oct 28, Montreal, QC \u2014 Olympia de Montreal<br>Oct 30, Boston, MA \u2014 MGM Music Hall at Fenway<br>Oct 31, Brooklyn, NY \u2014 Barclays Center<br>Nov 1, Philadelphia, PA \u2014 The Met<br>Nov 4, Washington, DC \u2014 The Theater at MGM National Harbour<br>Nov 7, Chicago, IL \u2014 Aragon Ballroom<br>Nov 15, Los Angeles, CA \u2014 The Kia Forum<br>Nov 18, Houston, TX \u2014 713 Music Hall<br>Nov 21, Irving, TX \u2014 The Pavilion at Toyota Music Factory<br>Nov 22, Austin, TX \u2014 ACL Live \u2013 Moody Theater<br>Nov 28, San Juan, PR \u2014 Coliseo de Puerto Rico*<br>Dec 3, Orlando, FL \u2014 Kia Center<br>Dec 5, Miami, FL \u2014 Kaseya Center<\/strong><\/p>\n\n\n\n<p><a href=\"https:\/\/www.facebook.com\/hashtag\/rawayana?__eep__=6&amp;__cft__[0]=AZY88LtfVplFM61DKXKorxbv2PEZ5r6aaOJnDCSI1vIJIjhclzyOV0IdOIhWkGUMLSbWGMTWyf0MW3tZZAX-OUxYXt_YORVpWs15gQX1i1yGaKe4p-bpc-hqdGlxj5VaPVXedW6oH0wlBsGBnqfYRmhg&amp;__tn__=*NK-R\">#rawayana<\/a><\/p>\n\n\n\n<p><a href=\"https:\/\/www.facebook.com\/hashtag\/palaciodelosdeportes?__eep__=6&amp;__cft__[0]=AZY88LtfVplFM61DKXKorxbv2PEZ5r6aaOJnDCSI1vIJIjhclzyOV0IdOIhWkGUMLSbWGMTWyf0MW3tZZAX-OUxYXt_YORVpWs15gQX1i1yGaKe4p-bpc-hqdGlxj5VaPVXedW6oH0wlBsGBnqfYRmhg&amp;__tn__=*NK-R\">#palaciodelosdeportes<\/a><\/p>\n\n\n\n<p><a href=\"https:\/\/www.facebook.com\/hashtag\/ticketmaster?__eep__=6&amp;__cft__[0]=AZY88LtfVplFM61DKXKorxbv2PEZ5r6aaOJnDCSI1vIJIjhclzyOV0IdOIhWkGUMLSbWGMTWyf0MW3tZZAX-OUxYXt_YORVpWs15gQX1i1yGaKe4p-bpc-hqdGlxj5VaPVXedW6oH0wlBsGBnqfYRmhg&amp;__tn__=*NK-R\">#ticketmaster<\/a><\/p>\n\n\n\n<p><a href=\"https:\/\/www.facebook.com\/hashtag\/cdmx?__eep__=6&amp;__cft__[0]=AZY88LtfVplFM61DKXKorxbv2PEZ5r6aaOJnDCSI1vIJIjhclzyOV0IdOIhWkGUMLSbWGMTWyf0MW3tZZAX-OUxYXt_YORVpWs15gQX1i1yGaKe4p-bpc-hqdGlxj5VaPVXedW6oH0wlBsGBnqfYRmhg&amp;__tn__=*NK-R\">#CDMX<\/a><\/p>\n\n\n\n<p><a href=\"https:\/\/www.facebook.com\/hashtag\/bitacoracdmx?__eep__=6&amp;__cft__[0]=AZY88LtfVplFM61DKXKorxbv2PEZ5r6aaOJnDCSI1vIJIjhclzyOV0IdOIhWkGUMLSbWGMTWyf0MW3tZZAX-OUxYXt_YORVpWs15gQX1i1yGaKe4p-bpc-hqdGlxj5VaPVXedW6oH0wlBsGBnqfYRmhg&amp;__tn__=*NK-R\">#bitacoracdmx<\/a><\/p>\n","protected":false},"excerpt":{"rendered":"<p>REDACCI\u00d3N \u00a0La banda ganadora del GRAMMY\u00ae y del Latin GRAMMY\u00ae\u00a0Rawayana\u00a0anunci\u00f3 hoy\u00a0las fases por Norteam\u00e9rica y Europa\u00a0de su\u00a0\u00bfD\u00f3nde es el After? World Tour, sumando una extensa serie de conciertos por todo\u00a0Estados\u00a0Unidos\u00a0y\u00a0Canad\u00e1\u00a0este oto\u00f1o junto con ocho nuevas fechas reveladas para Europa en septiembre. Los nuevos shows anunciados expanden la gira mundial siguiendo la fase previamente anunciada por\u00a0Am\u00e9rica Latina y Espa\u00f1a, y las paradas reci\u00e9n agregadas en\u00a0Puerto\u00a0Rico\u00a0y la\u00a0Rep\u00fablica\u00a0Dominicana\u00a0\u00a0Promovida por Live Nation y Rimas Nation, la fase Norteamericana arranca el 15 de octubre en San Francisco, CA, en el Bill Graham Civic Auditorium y viajar\u00e1 a ciudades principales, incluyendo Atlanta, Toronto, Brooklyn, Chicago, Los [&hellip;]<\/p>\n","protected":false},"author":1,"featured_media":62296,"comment_status":"closed","ping_status":"closed","sticky":false,"template":"","format":"standard","meta":{"footnotes":""},"categories":[9,11],"tags":[],"_links":{"self":[{"href":"https:\/\/www.bitacoracdmx.com\/index.php?rest_route=\/wp\/v2\/posts\/62295"}],"collection":[{"href":"https:\/\/www.bitacoracdmx.com\/index.php?rest_route=\/wp\/v2\/posts"}],"about":[{"href":"https:\/\/www.bitacoracdmx.com\/index.php?rest_route=\/wp\/v2\/types\/post"}],"author":[{"embeddable":true,"href":"https:\/\/www.bitacoracdmx.com\/index.php?rest_route=\/wp\/v2\/users\/1"}],"replies":[{"embeddable":true,"href":"https:\/\/www.bitacoracdmx.com\/index.php?rest_route=%2Fwp%2Fv2%2Fcomments&post=62295"}],"version-history":[{"count":1,"href":"https:\/\/www.bitacoracdmx.com\/index.php?rest_route=\/wp\/v2\/posts\/62295\/revisions"}],"predecessor-version":[{"id":62297,"href":"https:\/\/www.bitacoracdmx.com\/index.php?rest_route=\/wp\/v2\/posts\/62295\/revisions\/62297"}],"wp:featuredmedia":[{"embeddable":true,"href":"https:\/\/www.bitacoracdmx.com\/index.php?rest_route=\/wp\/v2\/media\/62296"}],"wp:attachment":[{"href":"https:\/\/www.bitacoracdmx.com\/index.php?rest_route=%2Fwp%2Fv2%2Fmedia&parent=62295"}],"wp:term":[{"taxonomy":"category","embeddable":true,"href":"https:\/\/www.bitacoracdmx.com\/index.php?rest_route=%2Fwp%2Fv2%2Fcategories&post=62295"},{"taxonomy":"post_tag","embeddable":true,"href":"https:\/\/www.bitacoracdmx.com\/index.php?rest_route=%2Fwp%2Fv2%2Ftags&post=62295"}],"curies":[{"name":"wp","href":"https:\/\/api.w.org\/{rel}","templated":true}]}}