{"id":62298,"date":"2026-03-19T03:10:19","date_gmt":"2026-03-19T03:10:19","guid":{"rendered":"https:\/\/www.bitacoracdmx.com\/?p=62298"},"modified":"2026-03-19T03:10:21","modified_gmt":"2026-03-19T03:10:21","slug":"lukas-urkijo-presenta-18-su-primer-album-de-estudio","status":"publish","type":"post","link":"https:\/\/www.bitacoracdmx.com\/?p=62298","title":{"rendered":"LUKAS URKIJO presenta \u201c18\u201d, su PRIMER \u00c1LBUM de ESTUDIO"},"content":{"rendered":"\n<p><\/p>\n\n\n\n<p>REDACCI\u00d3N<\/p>\n\n\n\n<p>EL ARTISTA CELEBRA SU MAYOR\u00cdA DE EDAD CON UN PROYECTO DE 12<\/p>\n\n\n\n<p>El cantante, actor y creador de contenido, LUKAS URKIJO, da un paso decisivo en su carrera musical con el lanzamiento de su primer \u00e1lbum de estudio titulado \u201c18\u201d, ya disponible en todas las plataformas digitales.<\/p>\n\n\n\n<p>Este nuevo material est\u00e1 conformado por 12 tracks y representa una etapa profundamente significativa en la vida del artista, quien recientemente alcanz\u00f3 la mayor\u00eda de edad. El disco fue producido por SAIBU, en los que Lukas participa como coautor en su totalidad, reafirmando su compromiso creativo y su involucramiento art\u00edstico en cada una de las canciones. Adem\u00e1s, el \u00e1lbum incluye una colaboraci\u00f3n especial con Donovan Morales, sumando una nueva dimensi\u00f3n sonora al proyecto.<\/p>\n\n\n\n<p>\u201c18\u201d es un material profundamente personal que narra los \u00faltimos tres a\u00f1os de la vida de Lukas, retratando su proceso de crecimiento, el paso de la ni\u00f1ez a la adolescencia y las emociones que han marcado esta etapa. El nombre del \u00e1lbum no solo hace referencia a su reciente mayor\u00eda de edad, sino tambi\u00e9n a una evoluci\u00f3n art\u00edstica en la que explora nuevas emociones, sonidos y narrativas, consolidando su identidad dentro del pop latino.<\/p>\n\n\n\n<p>Este proyecto muestra la madurez, versatilidad y crecimiento de Lukas Urkijo, quien ha logrado conectar con una audiencia cada vez m\u00e1s amplia gracias a su autenticidad y cercan\u00eda. A lo largo del \u00e1lbum, el artista presenta una propuesta fresca y honesta, reafirmando su lugar como una de las promesas m\u00e1s s\u00f3lidas de la nueva generaci\u00f3n.<\/p>\n\n\n\n<p>Este lanzamiento llega despu\u00e9s de su exitoso debut como solista con el sencillo \u201cIndescifrable\u201d, tema que marc\u00f3 el inicio de esta nueva etapa en su carrera. La canci\u00f3n, disponible en todas las plataformas digitales junto a su video oficial en YouTube, destaca por su energ\u00eda, sensibilidad y fuerza interpretativa, cualidades que hoy se expanden a lo largo de todo el \u00e1lbum.<\/p>\n\n\n\n<p>Lukas Urkijo se ha posicionado como uno de los creadores de contenido m\u00e1s queridos por el p\u00fablico gracias a su estilo aut\u00e9ntico e ideas innovadoras. A su corta edad, ha formado parte de importantes giras, producciones televisivas y de la boyband BTW, demostrando su versatilidad art\u00edstica y su capacidad para evolucionar constantemente.<\/p>\n\n\n\n<p>Como parte de este importante lanzamiento, Lukas se prepara para presentarse en vivo el pr\u00f3ximo 20 de marzo en el Teatro Metrop\u00f3litan de la Ciudad de M\u00e9xico, donde llevar\u00e1 al escenario los temas de \u201c18\u201d en un show que promete ser uno de los momentos m\u00e1s importantes de su carrera hasta ahora. De la mano de Icon Entertainment, Lukas Urkijo contin\u00faa consolidando un proyecto s\u00f3lido que apunta a convertirse en un referente dentro de la nueva era del pop latino.<\/p>\n\n\n\n<p>\u00a1Sigue a Lukas en todas sus redes sociales y plataformas digitales!<\/p>\n\n\n\n<p><a href=\"https:\/\/www.facebook.com\/hashtag\/lukasurkijo?__eep__=6&amp;__cft__[0]=AZYSmKymQzlgcUwgnEst-amgODCwlhrGJuL2T_eEyv61Yrh5ABQ71p7y8v2HFQ9mdCHfGDk6EQEl00Hkv0c8saMhYvGIGyaN74w24wRibyAeirA_D8DlW200jlrUe3C_TIDK6wkNE2gIg06XSX-BG4Zk&amp;__tn__=*NK-R\">#lukasurkijo<\/a><\/p>\n\n\n\n<p><a href=\"https:\/\/www.facebook.com\/hashtag\/lanzamientomusical?__eep__=6&amp;__cft__[0]=AZYSmKymQzlgcUwgnEst-amgODCwlhrGJuL2T_eEyv61Yrh5ABQ71p7y8v2HFQ9mdCHfGDk6EQEl00Hkv0c8saMhYvGIGyaN74w24wRibyAeirA_D8DlW200jlrUe3C_TIDK6wkNE2gIg06XSX-BG4Zk&amp;__tn__=*NK-R\">#LanzamientoMusical<\/a><\/p>\n\n\n\n<p><a href=\"https:\/\/www.facebook.com\/hashtag\/cdmx?__eep__=6&amp;__cft__[0]=AZYSmKymQzlgcUwgnEst-amgODCwlhrGJuL2T_eEyv61Yrh5ABQ71p7y8v2HFQ9mdCHfGDk6EQEl00Hkv0c8saMhYvGIGyaN74w24wRibyAeirA_D8DlW200jlrUe3C_TIDK6wkNE2gIg06XSX-BG4Zk&amp;__tn__=*NK-R\">#CDMX<\/a><\/p>\n\n\n\n<p><a href=\"https:\/\/www.facebook.com\/hashtag\/bitacoracdmx?__eep__=6&amp;__cft__[0]=AZYSmKymQzlgcUwgnEst-amgODCwlhrGJuL2T_eEyv61Yrh5ABQ71p7y8v2HFQ9mdCHfGDk6EQEl00Hkv0c8saMhYvGIGyaN74w24wRibyAeirA_D8DlW200jlrUe3C_TIDK6wkNE2gIg06XSX-BG4Zk&amp;__tn__=*NK-R\">#bitacoracdmx<\/a><\/p>\n","protected":false},"excerpt":{"rendered":"<p>REDACCI\u00d3N EL ARTISTA CELEBRA SU MAYOR\u00cdA DE EDAD CON UN PROYECTO DE 12 El cantante, actor y creador de contenido, LUKAS URKIJO, da un paso decisivo en su carrera musical con el lanzamiento de su primer \u00e1lbum de estudio titulado \u201c18\u201d, ya disponible en todas las plataformas digitales. Este nuevo material est\u00e1 conformado por 12 tracks y representa una etapa profundamente significativa en la vida del artista, quien recientemente alcanz\u00f3 la mayor\u00eda de edad. El disco fue producido por SAIBU, en los que Lukas participa como coautor en su totalidad, reafirmando su compromiso creativo y su involucramiento art\u00edstico en cada [&hellip;]<\/p>\n","protected":false},"author":1,"featured_media":62299,"comment_status":"closed","ping_status":"closed","sticky":false,"template":"","format":"standard","meta":{"footnotes":""},"categories":[9,11],"tags":[],"_links":{"self":[{"href":"https:\/\/www.bitacoracdmx.com\/index.php?rest_route=\/wp\/v2\/posts\/62298"}],"collection":[{"href":"https:\/\/www.bitacoracdmx.com\/index.php?rest_route=\/wp\/v2\/posts"}],"about":[{"href":"https:\/\/www.bitacoracdmx.com\/index.php?rest_route=\/wp\/v2\/types\/post"}],"author":[{"embeddable":true,"href":"https:\/\/www.bitacoracdmx.com\/index.php?rest_route=\/wp\/v2\/users\/1"}],"replies":[{"embeddable":true,"href":"https:\/\/www.bitacoracdmx.com\/index.php?rest_route=%2Fwp%2Fv2%2Fcomments&post=62298"}],"version-history":[{"count":1,"href":"https:\/\/www.bitacoracdmx.com\/index.php?rest_route=\/wp\/v2\/posts\/62298\/revisions"}],"predecessor-version":[{"id":62300,"href":"https:\/\/www.bitacoracdmx.com\/index.php?rest_route=\/wp\/v2\/posts\/62298\/revisions\/62300"}],"wp:featuredmedia":[{"embeddable":true,"href":"https:\/\/www.bitacoracdmx.com\/index.php?rest_route=\/wp\/v2\/media\/62299"}],"wp:attachment":[{"href":"https:\/\/www.bitacoracdmx.com\/index.php?rest_route=%2Fwp%2Fv2%2Fmedia&parent=62298"}],"wp:term":[{"taxonomy":"category","embeddable":true,"href":"https:\/\/www.bitacoracdmx.com\/index.php?rest_route=%2Fwp%2Fv2%2Fcategories&post=62298"},{"taxonomy":"post_tag","embeddable":true,"href":"https:\/\/www.bitacoracdmx.com\/index.php?rest_route=%2Fwp%2Fv2%2Ftags&post=62298"}],"curies":[{"name":"wp","href":"https:\/\/api.w.org\/{rel}","templated":true}]}}