{"id":62301,"date":"2026-03-19T03:18:29","date_gmt":"2026-03-19T03:18:29","guid":{"rendered":"https:\/\/www.bitacoracdmx.com\/?p=62301"},"modified":"2026-03-19T03:18:33","modified_gmt":"2026-03-19T03:18:33","slug":"olivia-wald-presenta-en-mexico-su-album-debut-cuerpo-en-playhaus-by-totalplay","status":"publish","type":"post","link":"https:\/\/www.bitacoracdmx.com\/?p=62301","title":{"rendered":"OLIVIA WALD presenta en M\u00c9XICO su \u00e1lbum debut CUERPO EN PLAYHAUS BY TOTALPLAY"},"content":{"rendered":"\n<p><\/p>\n\n\n\n<p>REDACCI\u00d3N<\/p>\n\n\n\n<p>*Se presenta con un showcase especial este Jueves 19 de Marzo de3 2026 en la Playhaus de Totalplay<\/p>\n\n\n\n<p>La cantante argentina Olivia Wald, una de las voces emergentes del nuevo pop latino, presentar\u00e1 su disco debut Cuerpo este jueves 19 de marzo a las 16:00 horas en Playhaus by Totalplay, en la Ciudad de M\u00e9xico. El encuentro marcar\u00e1 su primer acercamiento directo con el p\u00fablico mexicano para compartir un material que ha impulsado con fuerza su crecimiento dentro de la escena musical hispanoamericana.<\/p>\n\n\n\n<p>Nacida en Buenos Aires en 1996, Olivia Waldhorn \u2014nombre real de la artista\u2014 ha construido una carrera en ascenso gracias a una propuesta pop cargada de sensibilidad emocional y una fuerte presencia esc\u00e9nica. Antes de emprender su camino como solista, form\u00f3 parte de la banda de cumbia Acantilados, experiencia que le permiti\u00f3 desarrollar su oficio musical y conocer de cerca la din\u00e1mica del escenario y el estudio.<\/p>\n\n\n\n<p>Su consolidaci\u00f3n lleg\u00f3 con Cuerpo, \u00e1lbum debut publicado en 2025 y concebido como un ejercicio de introspecci\u00f3n donde la cantante explora emociones como el deseo, la ansiedad y las tensiones entre lo que dicta el coraz\u00f3n y lo que finalmente decide el cuerpo. El disco contiene nueve canciones que retratan distintos estados emocionales y que han conectado con una audiencia creciente en plataformas digitales.<\/p>\n\n\n\n<p>Uno de los temas que impuls\u00f3 su visibilidad fue \u201cEn la cara\u201d, canci\u00f3n que se volvi\u00f3 viral en redes sociales y que posteriormente tuvo nuevas versiones, entre ellas una interpretaci\u00f3n en vivo junto al grupo argentino Q\u2019 Lokura en el Movistar Arena y un remix con Rusherking. Este impulso la llev\u00f3 a consolidar su presencia en la industria, reconocimiento que qued\u00f3 refrendado con el Premio Gardel 2025 a Mejor Nuevo Artista.<\/p>\n\n\n\n<p>La presentaci\u00f3n en Playhaus by Totalplay permitir\u00e1 a la cantante compartir este repertorio en un formato cercano, mostrando el universo creativo que ha dado forma a su primer trabajo discogr\u00e1fico.<\/p>\n\n\n\n<p>La realizaci\u00f3n de este encuentro en la capital mexicana tambi\u00e9n responde a la visi\u00f3n de Artemisa Producciones, promotora que ha destacado por su capacidad para detectar propuestas frescas dentro del panorama musical contempor\u00e1neo. La presencia de Olivia Wald forma parte de esa apuesta por artistas con identidad propia y discurso generacional, reafirmando el inter\u00e9s de la promotora por acercar al p\u00fablico mexicano a nuevas voces del pop latino.<\/p>\n\n\n\n<p>Con una base de seguidores que contin\u00faa creciendo y un debut discogr\u00e1fico que ha despertado inter\u00e9s en distintos pa\u00edses de Am\u00e9rica Latina, Olivia Wald llega a M\u00e9xico en un momento clave de su carrera para presentar un proyecto que apuesta por la honestidad emocional y por una narrativa musical que conecta de forma directa con su audiencia.<\/p>\n\n\n\n<p><a href=\"https:\/\/www.facebook.com\/hashtag\/oliviawald?__eep__=6&amp;__cft__[0]=AZb8XeyLojMNWieP_Su4BD38v9f_PC6fYfUUlnyVEtFD3mmylgCsCTOfrrOZgJdF7Z7vpK3x3shfwKzlEknt71roU4-LI_kVQEcNcl2RYs6kZmP9KbNnMRDPhKRaJks1-WuDbbUmXQ5xwPHLvyxBxhgi&amp;__tn__=*NK-R\">#OliviaWald<\/a><\/p>\n\n\n\n<p><a href=\"https:\/\/www.facebook.com\/hashtag\/playhaus?__eep__=6&amp;__cft__[0]=AZb8XeyLojMNWieP_Su4BD38v9f_PC6fYfUUlnyVEtFD3mmylgCsCTOfrrOZgJdF7Z7vpK3x3shfwKzlEknt71roU4-LI_kVQEcNcl2RYs6kZmP9KbNnMRDPhKRaJks1-WuDbbUmXQ5xwPHLvyxBxhgi&amp;__tn__=*NK-R\">#PlayHaus<\/a><\/p>\n\n\n\n<p><a href=\"https:\/\/www.facebook.com\/hashtag\/totalplay?__eep__=6&amp;__cft__[0]=AZb8XeyLojMNWieP_Su4BD38v9f_PC6fYfUUlnyVEtFD3mmylgCsCTOfrrOZgJdF7Z7vpK3x3shfwKzlEknt71roU4-LI_kVQEcNcl2RYs6kZmP9KbNnMRDPhKRaJks1-WuDbbUmXQ5xwPHLvyxBxhgi&amp;__tn__=*NK-R\">#TOTALPLAY<\/a><\/p>\n\n\n\n<p><a href=\"https:\/\/www.facebook.com\/hashtag\/lanzamientomusical?__eep__=6&amp;__cft__[0]=AZb8XeyLojMNWieP_Su4BD38v9f_PC6fYfUUlnyVEtFD3mmylgCsCTOfrrOZgJdF7Z7vpK3x3shfwKzlEknt71roU4-LI_kVQEcNcl2RYs6kZmP9KbNnMRDPhKRaJks1-WuDbbUmXQ5xwPHLvyxBxhgi&amp;__tn__=*NK-R\">#LanzamientoMusical<\/a><\/p>\n\n\n\n<p><a href=\"https:\/\/www.facebook.com\/hashtag\/cdmx?__eep__=6&amp;__cft__[0]=AZb8XeyLojMNWieP_Su4BD38v9f_PC6fYfUUlnyVEtFD3mmylgCsCTOfrrOZgJdF7Z7vpK3x3shfwKzlEknt71roU4-LI_kVQEcNcl2RYs6kZmP9KbNnMRDPhKRaJks1-WuDbbUmXQ5xwPHLvyxBxhgi&amp;__tn__=*NK-R\">#CDMX<\/a><\/p>\n\n\n\n<p><a href=\"https:\/\/www.facebook.com\/hashtag\/bitacoracdmx?__eep__=6&amp;__cft__[0]=AZb8XeyLojMNWieP_Su4BD38v9f_PC6fYfUUlnyVEtFD3mmylgCsCTOfrrOZgJdF7Z7vpK3x3shfwKzlEknt71roU4-LI_kVQEcNcl2RYs6kZmP9KbNnMRDPhKRaJks1-WuDbbUmXQ5xwPHLvyxBxhgi&amp;__tn__=*NK-R\">#bitacoracdmx<\/a><\/p>\n","protected":false},"excerpt":{"rendered":"<p>REDACCI\u00d3N *Se presenta con un showcase especial este Jueves 19 de Marzo de3 2026 en la Playhaus de Totalplay La cantante argentina Olivia Wald, una de las voces emergentes del nuevo pop latino, presentar\u00e1 su disco debut Cuerpo este jueves 19 de marzo a las 16:00 horas en Playhaus by Totalplay, en la Ciudad de M\u00e9xico. El encuentro marcar\u00e1 su primer acercamiento directo con el p\u00fablico mexicano para compartir un material que ha impulsado con fuerza su crecimiento dentro de la escena musical hispanoamericana. Nacida en Buenos Aires en 1996, Olivia Waldhorn \u2014nombre real de la artista\u2014 ha construido una [&hellip;]<\/p>\n","protected":false},"author":1,"featured_media":62302,"comment_status":"closed","ping_status":"closed","sticky":false,"template":"","format":"standard","meta":{"footnotes":""},"categories":[9,11],"tags":[],"_links":{"self":[{"href":"https:\/\/www.bitacoracdmx.com\/index.php?rest_route=\/wp\/v2\/posts\/62301"}],"collection":[{"href":"https:\/\/www.bitacoracdmx.com\/index.php?rest_route=\/wp\/v2\/posts"}],"about":[{"href":"https:\/\/www.bitacoracdmx.com\/index.php?rest_route=\/wp\/v2\/types\/post"}],"author":[{"embeddable":true,"href":"https:\/\/www.bitacoracdmx.com\/index.php?rest_route=\/wp\/v2\/users\/1"}],"replies":[{"embeddable":true,"href":"https:\/\/www.bitacoracdmx.com\/index.php?rest_route=%2Fwp%2Fv2%2Fcomments&post=62301"}],"version-history":[{"count":1,"href":"https:\/\/www.bitacoracdmx.com\/index.php?rest_route=\/wp\/v2\/posts\/62301\/revisions"}],"predecessor-version":[{"id":62303,"href":"https:\/\/www.bitacoracdmx.com\/index.php?rest_route=\/wp\/v2\/posts\/62301\/revisions\/62303"}],"wp:featuredmedia":[{"embeddable":true,"href":"https:\/\/www.bitacoracdmx.com\/index.php?rest_route=\/wp\/v2\/media\/62302"}],"wp:attachment":[{"href":"https:\/\/www.bitacoracdmx.com\/index.php?rest_route=%2Fwp%2Fv2%2Fmedia&parent=62301"}],"wp:term":[{"taxonomy":"category","embeddable":true,"href":"https:\/\/www.bitacoracdmx.com\/index.php?rest_route=%2Fwp%2Fv2%2Fcategories&post=62301"},{"taxonomy":"post_tag","embeddable":true,"href":"https:\/\/www.bitacoracdmx.com\/index.php?rest_route=%2Fwp%2Fv2%2Ftags&post=62301"}],"curies":[{"name":"wp","href":"https:\/\/api.w.org\/{rel}","templated":true}]}}