{"id":62434,"date":"2026-03-24T03:40:44","date_gmt":"2026-03-24T03:40:44","guid":{"rendered":"https:\/\/www.bitacoracdmx.com\/?p=62434"},"modified":"2026-03-24T03:40:46","modified_gmt":"2026-03-24T03:40:46","slug":"con-grandes-talentos-internacionales-y-experiencias-innovadoras-para-el-publico-noche-de-primavera-2026-congrego-a-170-mil-asistentes","status":"publish","type":"post","link":"https:\/\/www.bitacoracdmx.com\/?p=62434","title":{"rendered":"Con GRANDES TALENTOS INTERNACIONALES y EXPERIENCIAS INNOVADORAS para el P\u00daBLICO, NOCHE DE PRIMAVERA 2026 congreg\u00f3 a 170 MIL ASISTENTES"},"content":{"rendered":"\n<p><\/p>\n\n\n\n<p>REDACCI\u00d3N<\/p>\n\n\n\n<p>\u25cf Una vez m\u00e1s, la Ciudad de M\u00e9xico celebr\u00f3 con m\u00fasica en vivo el equinoccio de primavera, permiti\u00e9ndole a las y los capitalinos gozar de bandas y solistas de talla nacional e internacional<\/p>\n\n\n\n<p>\u25cf El festival ofreci\u00f3 horas ininterrumpidas de conciertos de entrada libre en el Centro Hist\u00f3rico de la capital: Monumento a la Revoluci\u00f3n, Plaza Manuel Tols\u00e1, Kiosco de la Alameda Central, Terraza del Museo del Estanquillo, el Monumento a Beethoven y el Z\u00f3calo, adem\u00e1s de la oportunidad de disfrutar de un rave y zona de acampar en el Parque Natural La Ca\u00f1ada en Los Dinamos<\/p>\n\n\n\n<p>\u25cf Esta edici\u00f3n destac\u00f3 por la participaci\u00f3n de 10 invitados provenientes de pa\u00edses como Alemania, Argentina, Canad\u00e1, Chile, Colombia, Corea, Estados Unidos, Filipinas, Francia, Marruecos, Italia y Nigeria<\/p>\n\n\n\n<p><strong>Noche de Primavera 2026<\/strong>, un festival organizado por el Gobierno de la Ciudad de M\u00e9xico, a trav\u00e9s de la&nbsp;<strong>Secretar\u00eda de Cultura capitalina<\/strong>, hizo vibrar el Centro Hist\u00f3rico con una diversidad de ritmos musicales y artistas de talla internacional desde las 11:30 horas hasta la 1 de la madrugada de este s\u00e1bado 21 y domingo 22 de marzo.<\/p>\n\n\n\n<p>La jornada logr\u00f3 congregar a&nbsp;<strong>170 mil asistentes<\/strong>, quienes celebraron en el espacio p\u00fablico la llegada del primer equinoccio del a\u00f1o.<\/p>\n\n\n\n<p>Esta edici\u00f3n destac\u00f3 por la participaci\u00f3n de 10 invitados provenientes de pa\u00edses como Canad\u00e1, Corea, Marruecos, Francia, Estados Unidos, Colombia, Argentina, Italia, Nigeria y Jap\u00f3n, quienes como artistas de talla internacional, enriquecen significativamente la propuesta del festival. Su presencia resulta favorecedora para la creaci\u00f3n de puentes culturales, pues fomenta el intercambio de ideas, estilos, propuestas y distintas perspectivas entre las escenas musicales.<\/p>\n\n\n\n<p>En la Plaza de la Constituci\u00f3n se realiz\u00f3 la cuarta edici\u00f3n del Gran Baile de Sonideras y Sonideros, en el que participaron \u201cSensaci\u00f3n Barranco\u201d, \u201cSonido Kanela\u201d, \u201cSonido Fosterman\u00eda\u201d, \u201cEl Junior Ritmo y Sorpresa\u201d, \u201cSonido Gallito\u201d y \u201cSonido C\u00f3ndor\u201d, talentos con diferentes trayectorias y experiencias que lograron avivar el \u00e1nimo de las y los asistentes, haci\u00e9ndoles bailar salsa, cumbia, high energy, entre otros, por m\u00e1s de doce horas contin\u00faas. \u201cMe parecen incre\u00edbles estos eventos porque el Estado mexicano puede garantizar nuestro derecho a la cultura y qu\u00e9 mejor que sea cultura nuestra, \u00bfno? No una cultura occidentalizada, sino algo que en el pasado se ve\u00eda como algo indeseable o de poca clase, que no deb\u00eda estar ni ocupar el espacio p\u00fablico. (\u2026) En estos momentos el Z\u00f3calo est\u00e1 llen\u00edsimo y eso solo habla de c\u00f3mo estos eventos son fruct\u00edferos porque a la gente nos gusta realmente esta m\u00fasica, nos encanta la cultura de la cumbia y del barrio\u201d, expres\u00f3 Jos\u00e9 Luis, originario del Estado de M\u00e9xico.<\/p>\n\n\n\n<p>El baile sonidero se vivi\u00f3 con una vibra contagiosa, donde cada canci\u00f3n popular fue coreada y bailada, provocando aplausos, gritos, pasos improvisados y sonrisas por todos lados. La plancha del Z\u00f3calo se mantuvo llena en todo momento, con personas entregadas al ritmo y a las mezclas de las y los sonideros.<\/p>\n\n\n\n<p>Cabe destacar que en cada n\u00famero hubo bailarines y bailarinas arriba del escenario mostrando coreograf\u00edas inolvidables.<\/p>\n\n\n\n<p>Esta expresi\u00f3n de talentos reuni\u00f3 a diferentes generaciones: j\u00f3venes, adultos y personas mayores compartiendo el mismo espacio, todas y todos unidos por el amor a la m\u00fasica y el baile. Conforme fue cayendo la noche, el Z\u00f3calo capitalino se fue llenando m\u00e1s y m\u00e1s, pues \u201cSonido C\u00f3ndor\u201d fue la estrella de la inolvidable velada.<\/p>\n\n\n\n<p>Mientras tanto, en el balc\u00f3n del Museo del Estanquillo, la gente pudo deleitarse con algunas presentaciones de \u00f3pera por parte de Chris Uribe y Diana Mata, as\u00ed como tambi\u00e9n disfrutar de hip-hop con Zticma, Danger AK, Zett e Invitado Ese O. En medio de los monumentales edificios y la cotidianidad, las y los asistentes pudieron conectar a trav\u00e9s de la m\u00fasica.<\/p>\n\n\n\n<p>\u201cLas propuestas me parecen bien, creo que es importante que no solo est\u00e9 la escena, o la representaci\u00f3n en los escenarios sea solo de la Ciudad de M\u00e9xico, sino que tambi\u00e9n se extienda hacia los otros estados de la Rep\u00fablica y que haya representaci\u00f3n de hombres y mujeres. Estoy muy agradecida con este Gobierno de que haga estos eventos y que nos permita apropiarnos del espacio p\u00fablico\u201d, expres\u00f3 Abril, quien vive en la alcald\u00eda Miguel Hidalgo.<\/p>\n\n\n\n<p>El Monumento a la Revoluci\u00f3n se convirti\u00f3 en el epicentro del rock este s\u00e1bado durante la Noche de Primavera, con una jornada musical donde el p\u00fablico core\u00f3 al un\u00edsono temas emblem\u00e1ticos del g\u00e9nero durante m\u00e1s de siete horas.<\/p>\n\n\n\n<p>La tarde cont\u00f3 con la participaci\u00f3n de bandas y artistas fundamentales como Kerigma, pioneros del rock nacional con temas como \u201cNo me hace bien\u201d; y Guillermo Brise\u00f1o, reconocido por canciones como \u201cApaga la luz\u201d, quien en esta ocasi\u00f3n estuvo acompa\u00f1ado por estudiantes de la Escuela de M\u00fasica del Rock a la Palabra, con quienes celebr\u00f3 los 20 a\u00f1os de la instituci\u00f3n.<\/p>\n\n\n\n<p>En punto de las 19:00 horas Meme del Real tom\u00f3 el control del escenario y aport\u00f3 una visi\u00f3n contempor\u00e1nea con piezas como \u201cPrincesa\u201d, \u201cEres\u201d y un popurr\u00ed de m\u00fasica popular mexicana que hicieron bailar a la multitud.<\/p>\n\n\n\n<p>M\u00e1s tarde, se present\u00f3 Cecilia Toussaint, una de las voces m\u00e1s emblem\u00e1ticas del rock mexicano con 50 a\u00f1os de carrera. Durante su concierto cant\u00f3 temas ic\u00f3nicos como \u201cAmantes\u201d, \u201cCaite cad\u00e1ver\u201d y \u201cAstr\u00e1galo\u201d, que transportaron a la Plaza de la Rep\u00fablica a los a\u00f1os 80. El cierre estuvo a cargo de Los Lobos, agrupaci\u00f3n mexicoestadounidense de alcance internacional, conocida por fusionar rock, blues y m\u00fasica tradicional, y por \u00e9xitos como \u201cLa Bamba\u201d. Su presentaci\u00f3n consolid\u00f3 una noche en la que la m\u00fasica se convirti\u00f3 en punto de encuentro, memoria y celebraci\u00f3n. \u201cDesde que anunciaron el cartel supe que iba a venir, porque no siempre se tiene la oportunidad de ver a tantos artistas en un mismo lugar. Adem\u00e1s, se agradece mucho que no se centren en un solo g\u00e9nero, sino que acerquen m\u00fasica de todo tipo para todos los gustos\u201d, coment\u00f3 Ricardo, vecino de la alcald\u00eda Miguel Hidalgo.<\/p>\n\n\n\n<p>En el Monumento a Beethoven, los \u201cHermanos Menores\u201d fueron los encargados de abrir el escenario en punto de las 16 horas con su inigualable fusi\u00f3n de rock experimental, hardcore y psicodelia, para despu\u00e9s darle paso a Bella Litsa, Black Pantera y por supuesto, al esperado y aclamado compositor y cantante argentino Santiago Motorizado.<\/p>\n\n\n\n<p>La noche concluy\u00f3 con una energ\u00eda inigualable de la presentaci\u00f3n de \u201cLa Tremenda Korte\u201d, entre ska, metales encendidos y un p\u00fablico que no dej\u00f3 de bailar ni un solo instante, cerrando el evento con una conexi\u00f3n colectiva imposible de borrar.<\/p>\n\n\n\n<p>La Plaza Manuel Tols\u00e1 fue inundada por m\u00fasica electr\u00f3nica y su cartel estuvo compuesto por Sickick, Fat Hamster &amp; Kang New, Retro Casssetta, Magnolia Coronado y Potochkine.<\/p>\n\n\n\n<p>La gente goz\u00f3 desde los ritmos m\u00e1s envolventes hasta los sets m\u00e1s elaborados, logrando una experiencia sensorial \u00fanica para bailar sin parar.<\/p>\n\n\n\n<p>Por su parte, el Kiosko de la Alameda Central fue un punto de encuentro para las y los fan\u00e1ticos de La China Sonidera, DJ Milf, Pi\u00f1ata Protest, Pablito Mix y Amandititita. En todo momento la variedad de ritmos y propuestas mantuvieron la emoci\u00f3n al m\u00e1ximo y sin duda, fue un momento musical din\u00e1mico.<\/p>\n\n\n\n<p>La Ca\u00f1ada, una experiencia innovadora que transform\u00f3 el festival en una aventura El festival no solo destac\u00f3 por su propuesta musical diferente y con la mejor m\u00fasica del mundo, sino que tambi\u00e9n ofreci\u00f3 a las y los asistentes la posibilidad de acampar en La Ca\u00f1ada, ubicada en los Dinamos. Rodeada de vegetaci\u00f3n y envuelta en la oscuridad, la audiencia disfrut\u00f3 de \u201cLos Eclipses\u201d, Sotomayor, Indus, Dishype y Centavrvs, en un atm\u00f3sfera cargada de energ\u00eda y conexi\u00f3n colectiva. Poder acampar en esta zona natural brind\u00f3 una verdadera experiencia de rave, permitiendo que el p\u00fablico pudiera sumergirse por completo en una velada de m\u00fasica, naturaleza y convivencia de una manera irrepetible.<\/p>\n\n\n\n<p>As\u00ed fue como una vez m\u00e1s la capital celebr\u00f3 la llegada de la Primavera, decorada con sus jacarandas moradas, sus hist\u00f3ricos edificios y la calidez de sus habitantes. De esta forma, el Gobierno de la Ciudad de M\u00e9xico, encabezado por Clara Brugada Molina, reafirma su compromiso con el acceso libre y la descentralizaci\u00f3n de la cultura, para que cada persona pueda ejercer sus derechos culturales con total libertad.<\/p>\n\n\n\n<p><a href=\"https:\/\/www.facebook.com\/hashtag\/nochedeprimavera2026?__eep__=6&amp;__cft__[0]=AZbyQVwGIGJHjBV4a_x8UKz2OMmDT9cXZXVA73e9oup_M28aRD0la0x4YZBgP7tj2eWlUG9J1mQOvtAM-nocYcncgd4tQ8nb7M-lASErBvQTezqk3Jx6-4BsYzVWZd8GQM_Kj9Hf4_0KukJ2VAIMKp4P&amp;__tn__=*NK-R\">#nochedeprimavera2026<\/a><\/p>\n\n\n\n<p><a href=\"https:\/\/www.facebook.com\/hashtag\/secretariadeculturacdmx?__eep__=6&amp;__cft__[0]=AZbyQVwGIGJHjBV4a_x8UKz2OMmDT9cXZXVA73e9oup_M28aRD0la0x4YZBgP7tj2eWlUG9J1mQOvtAM-nocYcncgd4tQ8nb7M-lASErBvQTezqk3Jx6-4BsYzVWZd8GQM_Kj9Hf4_0KukJ2VAIMKp4P&amp;__tn__=*NK-R\">#secretariadeculturacdmx<\/a><\/p>\n\n\n\n<p><a href=\"https:\/\/www.facebook.com\/hashtag\/cdmx?__eep__=6&amp;__cft__[0]=AZbyQVwGIGJHjBV4a_x8UKz2OMmDT9cXZXVA73e9oup_M28aRD0la0x4YZBgP7tj2eWlUG9J1mQOvtAM-nocYcncgd4tQ8nb7M-lASErBvQTezqk3Jx6-4BsYzVWZd8GQM_Kj9Hf4_0KukJ2VAIMKp4P&amp;__tn__=*NK-R\">#CDMX<\/a><\/p>\n\n\n\n<p><a href=\"https:\/\/www.facebook.com\/hashtag\/bitacoracdmx?__eep__=6&amp;__cft__[0]=AZbyQVwGIGJHjBV4a_x8UKz2OMmDT9cXZXVA73e9oup_M28aRD0la0x4YZBgP7tj2eWlUG9J1mQOvtAM-nocYcncgd4tQ8nb7M-lASErBvQTezqk3Jx6-4BsYzVWZd8GQM_Kj9Hf4_0KukJ2VAIMKp4P&amp;__tn__=*NK-R\">#bitacoracdmx<\/a><\/p>\n","protected":false},"excerpt":{"rendered":"<p>REDACCI\u00d3N \u25cf Una vez m\u00e1s, la Ciudad de M\u00e9xico celebr\u00f3 con m\u00fasica en vivo el equinoccio de primavera, permiti\u00e9ndole a las y los capitalinos gozar de bandas y solistas de talla nacional e internacional \u25cf El festival ofreci\u00f3 horas ininterrumpidas de conciertos de entrada libre en el Centro Hist\u00f3rico de la capital: Monumento a la Revoluci\u00f3n, Plaza Manuel Tols\u00e1, Kiosco de la Alameda Central, Terraza del Museo del Estanquillo, el Monumento a Beethoven y el Z\u00f3calo, adem\u00e1s de la oportunidad de disfrutar de un rave y zona de acampar en el Parque Natural La Ca\u00f1ada en Los Dinamos \u25cf Esta [&hellip;]<\/p>\n","protected":false},"author":1,"featured_media":62435,"comment_status":"closed","ping_status":"closed","sticky":false,"template":"","format":"standard","meta":{"footnotes":""},"categories":[5,4,9],"tags":[],"_links":{"self":[{"href":"https:\/\/www.bitacoracdmx.com\/index.php?rest_route=\/wp\/v2\/posts\/62434"}],"collection":[{"href":"https:\/\/www.bitacoracdmx.com\/index.php?rest_route=\/wp\/v2\/posts"}],"about":[{"href":"https:\/\/www.bitacoracdmx.com\/index.php?rest_route=\/wp\/v2\/types\/post"}],"author":[{"embeddable":true,"href":"https:\/\/www.bitacoracdmx.com\/index.php?rest_route=\/wp\/v2\/users\/1"}],"replies":[{"embeddable":true,"href":"https:\/\/www.bitacoracdmx.com\/index.php?rest_route=%2Fwp%2Fv2%2Fcomments&post=62434"}],"version-history":[{"count":1,"href":"https:\/\/www.bitacoracdmx.com\/index.php?rest_route=\/wp\/v2\/posts\/62434\/revisions"}],"predecessor-version":[{"id":62436,"href":"https:\/\/www.bitacoracdmx.com\/index.php?rest_route=\/wp\/v2\/posts\/62434\/revisions\/62436"}],"wp:featuredmedia":[{"embeddable":true,"href":"https:\/\/www.bitacoracdmx.com\/index.php?rest_route=\/wp\/v2\/media\/62435"}],"wp:attachment":[{"href":"https:\/\/www.bitacoracdmx.com\/index.php?rest_route=%2Fwp%2Fv2%2Fmedia&parent=62434"}],"wp:term":[{"taxonomy":"category","embeddable":true,"href":"https:\/\/www.bitacoracdmx.com\/index.php?rest_route=%2Fwp%2Fv2%2Fcategories&post=62434"},{"taxonomy":"post_tag","embeddable":true,"href":"https:\/\/www.bitacoracdmx.com\/index.php?rest_route=%2Fwp%2Fv2%2Ftags&post=62434"}],"curies":[{"name":"wp","href":"https:\/\/api.w.org\/{rel}","templated":true}]}}