{"id":63008,"date":"2026-04-27T02:16:16","date_gmt":"2026-04-27T02:16:16","guid":{"rendered":"https:\/\/www.bitacoracdmx.com\/?p=63008"},"modified":"2026-04-27T02:16:18","modified_gmt":"2026-04-27T02:16:18","slug":"grupo-frontera-se-encuentra-preparado-para-su-concierto-en-la-arena-cdmx-el-8-de-mayo","status":"publish","type":"post","link":"https:\/\/www.bitacoracdmx.com\/?p=63008","title":{"rendered":"GRUPO FRONTERA se encuentra preparado para su concierto en la ARENA CDMX el 8 de mayo"},"content":{"rendered":"\n<p><\/p>\n\n\n\n<p>Por: Cristy Padr\u00f3n<\/p>\n\n\n\n<p>La agrupaci\u00f3n Grupo Frontera se alista para conquistar uno de los escenarios m\u00e1s importantes de la capital con su pr\u00f3xima presentaci\u00f3n el 8 de mayo en la Arena CDMX, prometiendo una noche cargada de emociones, \u00e9xitos y conexi\u00f3n total con su p\u00fablico.<\/p>\n\n\n\n<p>El fen\u00f3meno del regional mexicano, que ha logrado posicionarse a nivel internacional con temas que fusionan lo tradicional con sonidos contempor\u00e1neos, llegar\u00e1 a la Ciudad de M\u00e9xico en uno de los momentos m\u00e1s s\u00f3lidos de su carrera. Con una base de fans en constante crecimiento, el grupo se ha convertido en uno de los actos m\u00e1s convocantes del g\u00e9nero.<\/p>\n\n\n\n<p>Se espera un espect\u00e1culo lleno de energ\u00eda, donde no faltar\u00e1n los temas que los han catapultado al \u00e9xito y que ya son coreados por miles, consolidando su impacto dentro de la escena musical actual. La Arena CDMX ser\u00e1 el punto de encuentro para una velada que promete ser inolvidable para sus seguidores.<\/p>\n\n\n\n<p>Este concierto no solo reafirma la presencia de Grupo Frontera en el pa\u00eds, sino tambi\u00e9n el auge del regional mexicano como uno de los g\u00e9neros m\u00e1s influyentes del momento.<\/p>\n\n\n\n<p><a href=\"https:\/\/www.facebook.com\/hashtag\/grupofrontera?__cft__[0]=AZZPSsSNcMORVEmiybphHtugHJskOrO9zci9Z5Ods9wvWsHrIWlzyyPKdUQix8GiJ18dDleql743esBLscjnQYLf2m47A2EroPKEkRY2qCxcHmJIkeMfYUjJzPkDKC4-cThUOIcbnKgU_nPp5agXcmdK&amp;__tn__=*NK-R\">#GrupoFrontera<\/a><\/p>\n\n\n\n<p><a href=\"https:\/\/www.facebook.com\/hashtag\/arenacdmx?__cft__[0]=AZZPSsSNcMORVEmiybphHtugHJskOrO9zci9Z5Ods9wvWsHrIWlzyyPKdUQix8GiJ18dDleql743esBLscjnQYLf2m47A2EroPKEkRY2qCxcHmJIkeMfYUjJzPkDKC4-cThUOIcbnKgU_nPp5agXcmdK&amp;__tn__=*NK-R\">#ArenaCDMX<\/a><\/p>\n\n\n\n<p><a href=\"https:\/\/www.facebook.com\/hashtag\/zignialive?__cft__[0]=AZZPSsSNcMORVEmiybphHtugHJskOrO9zci9Z5Ods9wvWsHrIWlzyyPKdUQix8GiJ18dDleql743esBLscjnQYLf2m47A2EroPKEkRY2qCxcHmJIkeMfYUjJzPkDKC4-cThUOIcbnKgU_nPp5agXcmdK&amp;__tn__=*NK-R\">#zignialive<\/a><\/p>\n\n\n\n<p><a href=\"https:\/\/www.facebook.com\/hashtag\/superboletos?__cft__[0]=AZZPSsSNcMORVEmiybphHtugHJskOrO9zci9Z5Ods9wvWsHrIWlzyyPKdUQix8GiJ18dDleql743esBLscjnQYLf2m47A2EroPKEkRY2qCxcHmJIkeMfYUjJzPkDKC4-cThUOIcbnKgU_nPp5agXcmdK&amp;__tn__=*NK-R\">#Superboletos<\/a><\/p>\n\n\n\n<p><a href=\"https:\/\/www.facebook.com\/hashtag\/cdmx?__cft__[0]=AZZPSsSNcMORVEmiybphHtugHJskOrO9zci9Z5Ods9wvWsHrIWlzyyPKdUQix8GiJ18dDleql743esBLscjnQYLf2m47A2EroPKEkRY2qCxcHmJIkeMfYUjJzPkDKC4-cThUOIcbnKgU_nPp5agXcmdK&amp;__tn__=*NK-R\">#CDMX<\/a><\/p>\n\n\n\n<p><a href=\"https:\/\/www.facebook.com\/hashtag\/bitacoracdmx?__cft__[0]=AZZPSsSNcMORVEmiybphHtugHJskOrO9zci9Z5Ods9wvWsHrIWlzyyPKdUQix8GiJ18dDleql743esBLscjnQYLf2m47A2EroPKEkRY2qCxcHmJIkeMfYUjJzPkDKC4-cThUOIcbnKgU_nPp5agXcmdK&amp;__tn__=*NK-R\">#bitacoracdmx<\/a><\/p>\n\n\n\n<p><a href=\"https:\/\/www.facebook.com\/hashtag\/regionalmexicano?__cft__[0]=AZZPSsSNcMORVEmiybphHtugHJskOrO9zci9Z5Ods9wvWsHrIWlzyyPKdUQix8GiJ18dDleql743esBLscjnQYLf2m47A2EroPKEkRY2qCxcHmJIkeMfYUjJzPkDKC4-cThUOIcbnKgU_nPp5agXcmdK&amp;__tn__=*NK-R\">#regionalmexicano<\/a><\/p>\n\n\n\n<p><a href=\"https:\/\/www.facebook.com\/hashtag\/concierto?__cft__[0]=AZZPSsSNcMORVEmiybphHtugHJskOrO9zci9Z5Ods9wvWsHrIWlzyyPKdUQix8GiJ18dDleql743esBLscjnQYLf2m47A2EroPKEkRY2qCxcHmJIkeMfYUjJzPkDKC4-cThUOIcbnKgU_nPp5agXcmdK&amp;__tn__=*NK-R\">#concierto<\/a><\/p>\n\n\n\n<p><a href=\"https:\/\/www.facebook.com\/hashtag\/m%C3%BAsicaenvivo?__cft__[0]=AZZPSsSNcMORVEmiybphHtugHJskOrO9zci9Z5Ods9wvWsHrIWlzyyPKdUQix8GiJ18dDleql743esBLscjnQYLf2m47A2EroPKEkRY2qCxcHmJIkeMfYUjJzPkDKC4-cThUOIcbnKgU_nPp5agXcmdK&amp;__tn__=*NK-R\">#M\u00fasicaEnVivo<\/a><\/p>\n\n\n\n<p><a href=\"https:\/\/www.facebook.com\/hashtag\/8demayo?__cft__[0]=AZZPSsSNcMORVEmiybphHtugHJskOrO9zci9Z5Ods9wvWsHrIWlzyyPKdUQix8GiJ18dDleql743esBLscjnQYLf2m47A2EroPKEkRY2qCxcHmJIkeMfYUjJzPkDKC4-cThUOIcbnKgU_nPp5agXcmdK&amp;__tn__=*NK-R\">#8deMayo<\/a><\/p>\n\n\n\n<p><a href=\"https:\/\/www.facebook.com\/hashtag\/eventoscdmx?__cft__[0]=AZZPSsSNcMORVEmiybphHtugHJskOrO9zci9Z5Ods9wvWsHrIWlzyyPKdUQix8GiJ18dDleql743esBLscjnQYLf2m47A2EroPKEkRY2qCxcHmJIkeMfYUjJzPkDKC4-cThUOIcbnKgU_nPp5agXcmdK&amp;__tn__=*NK-R\">#EventosCDMX<\/a><\/p>\n\n\n\n<p><a href=\"https:\/\/www.facebook.com\/hashtag\/espect%C3%A1culos?__cft__[0]=AZZPSsSNcMORVEmiybphHtugHJskOrO9zci9Z5Ods9wvWsHrIWlzyyPKdUQix8GiJ18dDleql743esBLscjnQYLf2m47A2EroPKEkRY2qCxcHmJIkeMfYUjJzPkDKC4-cThUOIcbnKgU_nPp5agXcmdK&amp;__tn__=*NK-R\">#Espect\u00e1culos<\/a><\/p>\n\n\n\n<p><a href=\"https:\/\/www.facebook.com\/hashtag\/m%C3%A9xico?__cft__[0]=AZZPSsSNcMORVEmiybphHtugHJskOrO9zci9Z5Ods9wvWsHrIWlzyyPKdUQix8GiJ18dDleql743esBLscjnQYLf2m47A2EroPKEkRY2qCxcHmJIkeMfYUjJzPkDKC4-cThUOIcbnKgU_nPp5agXcmdK&amp;__tn__=*NK-R\">#M\u00e9xico<\/a><\/p>\n","protected":false},"excerpt":{"rendered":"<p>Por: Cristy Padr\u00f3n La agrupaci\u00f3n Grupo Frontera se alista para conquistar uno de los escenarios m\u00e1s importantes de la capital con su pr\u00f3xima presentaci\u00f3n el 8 de mayo en la Arena CDMX, prometiendo una noche cargada de emociones, \u00e9xitos y conexi\u00f3n total con su p\u00fablico. El fen\u00f3meno del regional mexicano, que ha logrado posicionarse a nivel internacional con temas que fusionan lo tradicional con sonidos contempor\u00e1neos, llegar\u00e1 a la Ciudad de M\u00e9xico en uno de los momentos m\u00e1s s\u00f3lidos de su carrera. Con una base de fans en constante crecimiento, el grupo se ha convertido en uno de los actos [&hellip;]<\/p>\n","protected":false},"author":1,"featured_media":63009,"comment_status":"closed","ping_status":"closed","sticky":false,"template":"","format":"standard","meta":{"footnotes":""},"categories":[9,11],"tags":[],"_links":{"self":[{"href":"https:\/\/www.bitacoracdmx.com\/index.php?rest_route=\/wp\/v2\/posts\/63008"}],"collection":[{"href":"https:\/\/www.bitacoracdmx.com\/index.php?rest_route=\/wp\/v2\/posts"}],"about":[{"href":"https:\/\/www.bitacoracdmx.com\/index.php?rest_route=\/wp\/v2\/types\/post"}],"author":[{"embeddable":true,"href":"https:\/\/www.bitacoracdmx.com\/index.php?rest_route=\/wp\/v2\/users\/1"}],"replies":[{"embeddable":true,"href":"https:\/\/www.bitacoracdmx.com\/index.php?rest_route=%2Fwp%2Fv2%2Fcomments&post=63008"}],"version-history":[{"count":1,"href":"https:\/\/www.bitacoracdmx.com\/index.php?rest_route=\/wp\/v2\/posts\/63008\/revisions"}],"predecessor-version":[{"id":63010,"href":"https:\/\/www.bitacoracdmx.com\/index.php?rest_route=\/wp\/v2\/posts\/63008\/revisions\/63010"}],"wp:featuredmedia":[{"embeddable":true,"href":"https:\/\/www.bitacoracdmx.com\/index.php?rest_route=\/wp\/v2\/media\/63009"}],"wp:attachment":[{"href":"https:\/\/www.bitacoracdmx.com\/index.php?rest_route=%2Fwp%2Fv2%2Fmedia&parent=63008"}],"wp:term":[{"taxonomy":"category","embeddable":true,"href":"https:\/\/www.bitacoracdmx.com\/index.php?rest_route=%2Fwp%2Fv2%2Fcategories&post=63008"},{"taxonomy":"post_tag","embeddable":true,"href":"https:\/\/www.bitacoracdmx.com\/index.php?rest_route=%2Fwp%2Fv2%2Ftags&post=63008"}],"curies":[{"name":"wp","href":"https:\/\/api.w.org\/{rel}","templated":true}]}}