{"id":63011,"date":"2026-05-01T22:54:08","date_gmt":"2026-05-01T22:54:08","guid":{"rendered":"https:\/\/www.bitacoracdmx.com\/?p=63011"},"modified":"2026-05-01T22:54:10","modified_gmt":"2026-05-01T22:54:10","slug":"la-arena-cdmx-sera-el-recinto-para-recibir-la-gira-del-grupo-frontera-este-8-de-mayo","status":"publish","type":"post","link":"https:\/\/www.bitacoracdmx.com\/?p=63011","title":{"rendered":"La ARENA CDMX ser\u00e1 el recinto para recibir la gira del GRUPO FRONTERA este 8 de mayo"},"content":{"rendered":"\n<p><\/p>\n\n\n\n<p>Por: Cristy Padr\u00f3n<\/p>\n\n\n\n<p>La agrupaci\u00f3n oriunda de Texas GRUPO FRONTERA anunci\u00f3 la confirmaci\u00f3n de su retorno a los escenarios de la capital mexicana para este 8 de mayo en la Arena Ciudad de M\u00e9xico con la presentaci\u00f3n de su gira &#8220;Triste, Pero Bien Cabr\u00f3n Tour 2026&#8221;. <\/p>\n\n\n\n<p>Con este concierto, arranca su gira por territorio nacional de una de las bandas m\u00e1s influyentes del regional mexicano en la actualidad, que incluye adem\u00e1s de la CDMX ciudades como: Monterrey, Torre\u00f3n, Oaxaca, Veracruz, Guadalajara, Puebla, M\u00e9rida y Tijuana, de esta manera FRONTERA tiene tambi\u00e9n planeado realizar 27 shows por Am\u00e9rica Latina y Europa.<\/p>\n\n\n\n<figure class=\"wp-block-image size-full is-resized\"><img loading=\"lazy\" decoding=\"async\" width=\"768\" height=\"346\" src=\"https:\/\/www.bitacoracdmx.com\/wp-content\/uploads\/2026\/05\/Grupo-Frontera-768x346-1.jpg\" alt=\"\" class=\"wp-image-63116\" style=\"width:850px;height:auto\"\/><\/figure>\n\n\n\n<p>Esta nueva gira, forma parte del lanzamiento de su \u00e1lbum: &#8220;Lo Que Nos Falta Por Llorar&#8221; editado en octubre del a\u00f1o pasado que incluye el sencillo hom\u00f3nimo junto a Myke Towers. Con \u00e9xitos como: No se Va y colaboraciones con Bad Bunny, lo que augura una presentaci\u00f3n espectacular llena de recursos audiovisuales imperdibles.<\/p>\n\n\n\n<p>Tras llenar localidades por diferentes escenarios, GRUPO FRONTERA llega a la capital del pa\u00eds en pleno apogeo y aceptaci\u00f3n de su m\u00fasica entre el p\u00fablico mexicano junto a una superproducci\u00f3n que mezcla fiesta y un sonido singular que mezcla norte\u00f1o y cumbia. Esta presentaci\u00f3n tan esperada por sus fans de la Ciudad de M\u00e9xico se perfila como uno de los eventos m\u00e1s importantes del a\u00f1o a nivel regional mexicano. <\/p>\n\n\n\n<p>  <\/p>\n\n\n\n<p><a href=\"https:\/\/www.facebook.com\/hashtag\/grupofrontera?__cft__[0]=AZao2YMh3yT9zVhHUukBJyLdgpAEnXXjoCYUMawleeS5fUPgKVUdrqUfBKeADVV5eODzivb25AJqNl9ssBcB-_UU78kBxYwF7tp5RDSndk9MEFgazPK9tRZWuBD9Yt4FKI5lMxBqcFfA0fsQ5rhbn7HT&amp;__tn__=*NK-R\">#GrupoFrontera<\/a><\/p>\n\n\n\n<p><a href=\"https:\/\/www.facebook.com\/hashtag\/arenacdmx?__cft__[0]=AZao2YMh3yT9zVhHUukBJyLdgpAEnXXjoCYUMawleeS5fUPgKVUdrqUfBKeADVV5eODzivb25AJqNl9ssBcB-_UU78kBxYwF7tp5RDSndk9MEFgazPK9tRZWuBD9Yt4FKI5lMxBqcFfA0fsQ5rhbn7HT&amp;__tn__=*NK-R\">#ArenaCDMX<\/a><\/p>\n\n\n\n<p><a href=\"https:\/\/www.facebook.com\/hashtag\/zignialive?__cft__[0]=AZao2YMh3yT9zVhHUukBJyLdgpAEnXXjoCYUMawleeS5fUPgKVUdrqUfBKeADVV5eODzivb25AJqNl9ssBcB-_UU78kBxYwF7tp5RDSndk9MEFgazPK9tRZWuBD9Yt4FKI5lMxBqcFfA0fsQ5rhbn7HT&amp;__tn__=*NK-R\">#zignialive<\/a><\/p>\n\n\n\n<p><a href=\"https:\/\/www.facebook.com\/hashtag\/superboletos?__cft__[0]=AZao2YMh3yT9zVhHUukBJyLdgpAEnXXjoCYUMawleeS5fUPgKVUdrqUfBKeADVV5eODzivb25AJqNl9ssBcB-_UU78kBxYwF7tp5RDSndk9MEFgazPK9tRZWuBD9Yt4FKI5lMxBqcFfA0fsQ5rhbn7HT&amp;__tn__=*NK-R\">#Superboletos<\/a><\/p>\n\n\n\n<p><a href=\"https:\/\/www.facebook.com\/hashtag\/cdmx?__cft__[0]=AZao2YMh3yT9zVhHUukBJyLdgpAEnXXjoCYUMawleeS5fUPgKVUdrqUfBKeADVV5eODzivb25AJqNl9ssBcB-_UU78kBxYwF7tp5RDSndk9MEFgazPK9tRZWuBD9Yt4FKI5lMxBqcFfA0fsQ5rhbn7HT&amp;__tn__=*NK-R\">#CDMX<\/a><\/p>\n\n\n\n<p><a href=\"https:\/\/www.facebook.com\/hashtag\/bitacoracdmx?__cft__[0]=AZao2YMh3yT9zVhHUukBJyLdgpAEnXXjoCYUMawleeS5fUPgKVUdrqUfBKeADVV5eODzivb25AJqNl9ssBcB-_UU78kBxYwF7tp5RDSndk9MEFgazPK9tRZWuBD9Yt4FKI5lMxBqcFfA0fsQ5rhbn7HT&amp;__tn__=*NK-R\">#bitacoracdmx<\/a><\/p>\n\n\n\n<p><a href=\"https:\/\/www.facebook.com\/hashtag\/regionalmexicano?__cft__[0]=AZao2YMh3yT9zVhHUukBJyLdgpAEnXXjoCYUMawleeS5fUPgKVUdrqUfBKeADVV5eODzivb25AJqNl9ssBcB-_UU78kBxYwF7tp5RDSndk9MEFgazPK9tRZWuBD9Yt4FKI5lMxBqcFfA0fsQ5rhbn7HT&amp;__tn__=*NK-R\">#regionalmexicano<\/a><\/p>\n\n\n\n<p><a href=\"https:\/\/www.facebook.com\/hashtag\/concierto?__cft__[0]=AZao2YMh3yT9zVhHUukBJyLdgpAEnXXjoCYUMawleeS5fUPgKVUdrqUfBKeADVV5eODzivb25AJqNl9ssBcB-_UU78kBxYwF7tp5RDSndk9MEFgazPK9tRZWuBD9Yt4FKI5lMxBqcFfA0fsQ5rhbn7HT&amp;__tn__=*NK-R\">#concierto<\/a><\/p>\n\n\n\n<p><a href=\"https:\/\/www.facebook.com\/hashtag\/m%C3%BAsicaenvivo?__cft__[0]=AZao2YMh3yT9zVhHUukBJyLdgpAEnXXjoCYUMawleeS5fUPgKVUdrqUfBKeADVV5eODzivb25AJqNl9ssBcB-_UU78kBxYwF7tp5RDSndk9MEFgazPK9tRZWuBD9Yt4FKI5lMxBqcFfA0fsQ5rhbn7HT&amp;__tn__=*NK-R\">#M\u00fasicaEnVivo<\/a><\/p>\n\n\n\n<p><a href=\"https:\/\/www.facebook.com\/hashtag\/8demayo?__cft__[0]=AZao2YMh3yT9zVhHUukBJyLdgpAEnXXjoCYUMawleeS5fUPgKVUdrqUfBKeADVV5eODzivb25AJqNl9ssBcB-_UU78kBxYwF7tp5RDSndk9MEFgazPK9tRZWuBD9Yt4FKI5lMxBqcFfA0fsQ5rhbn7HT&amp;__tn__=*NK-R\">#8deMayo<\/a><\/p>\n\n\n\n<p><a href=\"https:\/\/www.facebook.com\/hashtag\/eventoscdmx?__cft__[0]=AZao2YMh3yT9zVhHUukBJyLdgpAEnXXjoCYUMawleeS5fUPgKVUdrqUfBKeADVV5eODzivb25AJqNl9ssBcB-_UU78kBxYwF7tp5RDSndk9MEFgazPK9tRZWuBD9Yt4FKI5lMxBqcFfA0fsQ5rhbn7HT&amp;__tn__=*NK-R\">#EventosCDMX<\/a><\/p>\n\n\n\n<p><a href=\"https:\/\/www.facebook.com\/hashtag\/espect%C3%A1culos?__cft__[0]=AZao2YMh3yT9zVhHUukBJyLdgpAEnXXjoCYUMawleeS5fUPgKVUdrqUfBKeADVV5eODzivb25AJqNl9ssBcB-_UU78kBxYwF7tp5RDSndk9MEFgazPK9tRZWuBD9Yt4FKI5lMxBqcFfA0fsQ5rhbn7HT&amp;__tn__=*NK-R\">#Espect\u00e1culos<\/a><\/p>\n\n\n\n<p><a href=\"https:\/\/www.facebook.com\/hashtag\/m%C3%A9xico?__cft__[0]=AZao2YMh3yT9zVhHUukBJyLdgpAEnXXjoCYUMawleeS5fUPgKVUdrqUfBKeADVV5eODzivb25AJqNl9ssBcB-_UU78kBxYwF7tp5RDSndk9MEFgazPK9tRZWuBD9Yt4FKI5lMxBqcFfA0fsQ5rhbn7HT&amp;__tn__=*NK-R\">#M\u00e9xico<\/a><\/p>\n","protected":false},"excerpt":{"rendered":"<p>Por: Cristy Padr\u00f3n La agrupaci\u00f3n oriunda de Texas GRUPO FRONTERA anunci\u00f3 la confirmaci\u00f3n de su retorno a los escenarios de la capital mexicana para este 8 de mayo en la Arena Ciudad de M\u00e9xico con la presentaci\u00f3n de su gira &#8220;Triste, Pero Bien Cabr\u00f3n Tour 2026&#8221;. Con este concierto, arranca su gira por territorio nacional de una de las bandas m\u00e1s influyentes del regional mexicano en la actualidad, que incluye adem\u00e1s de la CDMX ciudades como: Monterrey, Torre\u00f3n, Oaxaca, Veracruz, Guadalajara, Puebla, M\u00e9rida y Tijuana, de esta manera FRONTERA tiene tambi\u00e9n planeado realizar 27 shows por Am\u00e9rica Latina y Europa. [&hellip;]<\/p>\n","protected":false},"author":1,"featured_media":63115,"comment_status":"closed","ping_status":"closed","sticky":false,"template":"","format":"standard","meta":{"footnotes":""},"categories":[9,11],"tags":[],"_links":{"self":[{"href":"https:\/\/www.bitacoracdmx.com\/index.php?rest_route=\/wp\/v2\/posts\/63011"}],"collection":[{"href":"https:\/\/www.bitacoracdmx.com\/index.php?rest_route=\/wp\/v2\/posts"}],"about":[{"href":"https:\/\/www.bitacoracdmx.com\/index.php?rest_route=\/wp\/v2\/types\/post"}],"author":[{"embeddable":true,"href":"https:\/\/www.bitacoracdmx.com\/index.php?rest_route=\/wp\/v2\/users\/1"}],"replies":[{"embeddable":true,"href":"https:\/\/www.bitacoracdmx.com\/index.php?rest_route=%2Fwp%2Fv2%2Fcomments&post=63011"}],"version-history":[{"count":1,"href":"https:\/\/www.bitacoracdmx.com\/index.php?rest_route=\/wp\/v2\/posts\/63011\/revisions"}],"predecessor-version":[{"id":63117,"href":"https:\/\/www.bitacoracdmx.com\/index.php?rest_route=\/wp\/v2\/posts\/63011\/revisions\/63117"}],"wp:featuredmedia":[{"embeddable":true,"href":"https:\/\/www.bitacoracdmx.com\/index.php?rest_route=\/wp\/v2\/media\/63115"}],"wp:attachment":[{"href":"https:\/\/www.bitacoracdmx.com\/index.php?rest_route=%2Fwp%2Fv2%2Fmedia&parent=63011"}],"wp:term":[{"taxonomy":"category","embeddable":true,"href":"https:\/\/www.bitacoracdmx.com\/index.php?rest_route=%2Fwp%2Fv2%2Fcategories&post=63011"},{"taxonomy":"post_tag","embeddable":true,"href":"https:\/\/www.bitacoracdmx.com\/index.php?rest_route=%2Fwp%2Fv2%2Ftags&post=63011"}],"curies":[{"name":"wp","href":"https:\/\/api.w.org\/{rel}","templated":true}]}}