{"id":63012,"date":"2026-04-28T05:52:31","date_gmt":"2026-04-28T05:52:31","guid":{"rendered":"https:\/\/www.bitacoracdmx.com\/?p=63012"},"modified":"2026-04-28T05:52:34","modified_gmt":"2026-04-28T05:52:34","slug":"alicia-villarreal-anuncia-presentacion-en-el-auditorio-nacional-para-este-14-de-mayo","status":"publish","type":"post","link":"https:\/\/www.bitacoracdmx.com\/?p=63012","title":{"rendered":"Alicia Villarreal anuncia presentaci\u00f3n en el Auditorio Nacional para este 14 de mayo"},"content":{"rendered":"\n<p><\/p>\n\n\n\n<p>Por: Cristy Padr\u00f3n<\/p>\n\n\n\n<p>Fotos: Mary Miranda<\/p>\n\n\n\n<p>En una rueda de prensa celebrada este d\u00eda, la reconocida cantante mexicana Alicia Villarreal confirm\u00f3 oficialmente su esperado regreso a uno de los escenarios m\u00e1s importantes del pa\u00eds: el Auditorio Nacional.<\/p>\n\n\n\n<p>La int\u00e9rprete anunci\u00f3 que ser\u00e1 el pr\u00f3ximo 14 de mayo cuando se presente con su gira \u201cBendita Locura\u201d, un espect\u00e1culo que promete recorrer sus m\u00e1s grandes \u00e9xitos, as\u00ed como una producci\u00f3n renovada que conecta con nuevas generaciones sin perder la esencia que la ha consolidado como una de las figuras m\u00e1s queridas de la m\u00fasica regional mexicana.<\/p>\n\n\n\n<figure class=\"wp-block-image size-large is-resized\"><img loading=\"lazy\" decoding=\"async\" width=\"768\" height=\"1024\" src=\"https:\/\/www.bitacoracdmx.com\/wp-content\/uploads\/2026\/04\/WhatsApp-Image-2026-04-27-at-3.35.08-PM-768x1024.jpeg\" alt=\"\" class=\"wp-image-63014\" style=\"width:850px;height:auto\"\/><\/figure>\n\n\n\n<p>Durante el encuentro con medios, Alicia Villarreal comparti\u00f3 su emoci\u00f3n por reencontrarse con el p\u00fablico capitalino, destacando que este concierto tendr\u00e1 un significado especial dentro de su trayectoria. \u201cEs un escenario que impone, pero tambi\u00e9n es m\u00e1gico. Cada vez que piso el Auditorio Nacional siento una conexi\u00f3n muy fuerte con la gente\u201d, expres\u00f3.<\/p>\n\n\n\n<p>La gira \u201cBendita Locura\u201d ha sido bien recibida en diversas ciudades, caracteriz\u00e1ndose por una propuesta que mezcla nostalgia, energ\u00eda y una narrativa personal que refleja las distintas etapas de la artista. Temas emblem\u00e1ticos como \u201cTe qued\u00f3 grande la yegua\u201d, \u201cInsensible a ti\u201d y \u201cAy! Papacito\u201d no faltar\u00e1n en un repertorio que promete hacer cantar a todo el recinto.<\/p>\n\n\n\n<figure class=\"wp-block-image size-large\"><img loading=\"lazy\" decoding=\"async\" width=\"1024\" height=\"768\" src=\"https:\/\/www.bitacoracdmx.com\/wp-content\/uploads\/2026\/04\/WhatsApp-Image-2026-04-27-at-3.35.30-PM-1024x768.jpeg\" alt=\"\" class=\"wp-image-63015\"\/><\/figure>\n\n\n\n<p>Asimismo, la cantante adelant\u00f3 que el show contar\u00e1 con una producci\u00f3n visual de alto nivel, m\u00fasicos en vivo y una puesta en escena pensada para ofrecer una experiencia \u00edntima pero poderosa, reafirmando su vigencia dentro de la industria musical.<\/p>\n\n\n\n<p>Con este anuncio, Alicia Villarreal se suma a la lista de grandes artistas que contin\u00faan apostando por el Auditorio Nacional como un punto clave en sus giras, consolidando este recinto como uno de los m\u00e1s importantes de Am\u00e9rica Latina.<\/p>\n\n\n\n<figure class=\"wp-block-image size-large is-resized\"><img loading=\"lazy\" decoding=\"async\" width=\"768\" height=\"1024\" src=\"https:\/\/www.bitacoracdmx.com\/wp-content\/uploads\/2026\/04\/WhatsApp-Image-2026-04-27-at-3.35.30-PM-1-768x1024.jpeg\" alt=\"\" class=\"wp-image-63016\" style=\"width:850px;height:auto\"\/><\/figure>\n\n\n\n<p>La expectativa entre sus seguidores ya comienza a crecer, anticipando una noche llena de emoci\u00f3n, recuerdos y la inconfundible voz de una artista que ha sabido mantenerse vigente a lo largo de los a\u00f1os.<\/p>\n\n\n\n<p><a href=\"https:\/\/www.facebook.com\/hashtag\/aliciavillarreal?__cft__[0]=AZZnXkFL6A6vKfFZK6_o27cynhzAHnaF6iH9i-EA_P2P461vXKVtL6-ILibygV4IqOjAiSaeHqoRX2Cl-_PF95luPI5jZh_X3GRxDSPeuB2vHF3XVM_kM9HeMMWJCQXIIx8nRHzDSxA3Pi2kLQFu70Rn&amp;__tn__=*NK-R\">#AliciaVillarreal<\/a><\/p>\n\n\n\n<p><a href=\"https:\/\/www.facebook.com\/hashtag\/benditalocura?__cft__[0]=AZZnXkFL6A6vKfFZK6_o27cynhzAHnaF6iH9i-EA_P2P461vXKVtL6-ILibygV4IqOjAiSaeHqoRX2Cl-_PF95luPI5jZh_X3GRxDSPeuB2vHF3XVM_kM9HeMMWJCQXIIx8nRHzDSxA3Pi2kLQFu70Rn&amp;__tn__=*NK-R\">#benditalocura<\/a><\/p>\n\n\n\n<p><a href=\"https:\/\/www.facebook.com\/hashtag\/auditorionacional?__cft__[0]=AZZnXkFL6A6vKfFZK6_o27cynhzAHnaF6iH9i-EA_P2P461vXKVtL6-ILibygV4IqOjAiSaeHqoRX2Cl-_PF95luPI5jZh_X3GRxDSPeuB2vHF3XVM_kM9HeMMWJCQXIIx8nRHzDSxA3Pi2kLQFu70Rn&amp;__tn__=*NK-R\">#AuditorioNacional<\/a><\/p>\n\n\n\n<p><a href=\"https:\/\/www.facebook.com\/hashtag\/ocesa?__cft__[0]=AZZnXkFL6A6vKfFZK6_o27cynhzAHnaF6iH9i-EA_P2P461vXKVtL6-ILibygV4IqOjAiSaeHqoRX2Cl-_PF95luPI5jZh_X3GRxDSPeuB2vHF3XVM_kM9HeMMWJCQXIIx8nRHzDSxA3Pi2kLQFu70Rn&amp;__tn__=*NK-R\">#OCESA<\/a><\/p>\n\n\n\n<p><a href=\"https:\/\/www.facebook.com\/hashtag\/ticketmaster?__cft__[0]=AZZnXkFL6A6vKfFZK6_o27cynhzAHnaF6iH9i-EA_P2P461vXKVtL6-ILibygV4IqOjAiSaeHqoRX2Cl-_PF95luPI5jZh_X3GRxDSPeuB2vHF3XVM_kM9HeMMWJCQXIIx8nRHzDSxA3Pi2kLQFu70Rn&amp;__tn__=*NK-R\">#ticketmaster<\/a><\/p>\n\n\n\n<p><a href=\"https:\/\/www.facebook.com\/hashtag\/cdmx?__cft__[0]=AZZnXkFL6A6vKfFZK6_o27cynhzAHnaF6iH9i-EA_P2P461vXKVtL6-ILibygV4IqOjAiSaeHqoRX2Cl-_PF95luPI5jZh_X3GRxDSPeuB2vHF3XVM_kM9HeMMWJCQXIIx8nRHzDSxA3Pi2kLQFu70Rn&amp;__tn__=*NK-R\">#CDMX<\/a><\/p>\n\n\n\n<p><a href=\"https:\/\/www.facebook.com\/hashtag\/bitacoracdmx?__cft__[0]=AZZnXkFL6A6vKfFZK6_o27cynhzAHnaF6iH9i-EA_P2P461vXKVtL6-ILibygV4IqOjAiSaeHqoRX2Cl-_PF95luPI5jZh_X3GRxDSPeuB2vHF3XVM_kM9HeMMWJCQXIIx8nRHzDSxA3Pi2kLQFu70Rn&amp;__tn__=*NK-R\">#bitacoracdmx<\/a><\/p>\n\n\n\n<p><a href=\"https:\/\/www.facebook.com\/hashtag\/conciertos2026?__cft__[0]=AZZnXkFL6A6vKfFZK6_o27cynhzAHnaF6iH9i-EA_P2P461vXKVtL6-ILibygV4IqOjAiSaeHqoRX2Cl-_PF95luPI5jZh_X3GRxDSPeuB2vHF3XVM_kM9HeMMWJCQXIIx8nRHzDSxA3Pi2kLQFu70Rn&amp;__tn__=*NK-R\">#Conciertos2026<\/a><\/p>\n\n\n\n<p><a href=\"https:\/\/www.facebook.com\/hashtag\/regionalmexicano?__cft__[0]=AZZnXkFL6A6vKfFZK6_o27cynhzAHnaF6iH9i-EA_P2P461vXKVtL6-ILibygV4IqOjAiSaeHqoRX2Cl-_PF95luPI5jZh_X3GRxDSPeuB2vHF3XVM_kM9HeMMWJCQXIIx8nRHzDSxA3Pi2kLQFu70Rn&amp;__tn__=*NK-R\">#regionalmexicano<\/a><\/p>\n\n\n\n<p><a href=\"https:\/\/www.facebook.com\/hashtag\/musicaenvivo?__cft__[0]=AZZnXkFL6A6vKfFZK6_o27cynhzAHnaF6iH9i-EA_P2P461vXKVtL6-ILibygV4IqOjAiSaeHqoRX2Cl-_PF95luPI5jZh_X3GRxDSPeuB2vHF3XVM_kM9HeMMWJCQXIIx8nRHzDSxA3Pi2kLQFu70Rn&amp;__tn__=*NK-R\">#musicaenvivo<\/a><\/p>\n\n\n\n<p><a href=\"https:\/\/www.facebook.com\/hashtag\/espectaculos?__cft__[0]=AZZnXkFL6A6vKfFZK6_o27cynhzAHnaF6iH9i-EA_P2P461vXKVtL6-ILibygV4IqOjAiSaeHqoRX2Cl-_PF95luPI5jZh_X3GRxDSPeuB2vHF3XVM_kM9HeMMWJCQXIIx8nRHzDSxA3Pi2kLQFu70Rn&amp;__tn__=*NK-R\">#Espectaculos<\/a><\/p>\n\n\n\n<p><a href=\"https:\/\/www.facebook.com\/hashtag\/gira2026?__cft__[0]=AZZnXkFL6A6vKfFZK6_o27cynhzAHnaF6iH9i-EA_P2P461vXKVtL6-ILibygV4IqOjAiSaeHqoRX2Cl-_PF95luPI5jZh_X3GRxDSPeuB2vHF3XVM_kM9HeMMWJCQXIIx8nRHzDSxA3Pi2kLQFu70Rn&amp;__tn__=*NK-R\">#Gira2026<\/a><\/p>\n\n\n\n<p><a href=\"https:\/\/www.facebook.com\/hashtag\/agendacultural?__cft__[0]=AZZnXkFL6A6vKfFZK6_o27cynhzAHnaF6iH9i-EA_P2P461vXKVtL6-ILibygV4IqOjAiSaeHqoRX2Cl-_PF95luPI5jZh_X3GRxDSPeuB2vHF3XVM_kM9HeMMWJCQXIIx8nRHzDSxA3Pi2kLQFu70Rn&amp;__tn__=*NK-R\">#AgendaCultural<\/a><\/p>\n","protected":false},"excerpt":{"rendered":"<p>Por: Cristy Padr\u00f3n Fotos: Mary Miranda En una rueda de prensa celebrada este d\u00eda, la reconocida cantante mexicana Alicia Villarreal confirm\u00f3 oficialmente su esperado regreso a uno de los escenarios m\u00e1s importantes del pa\u00eds: el Auditorio Nacional. La int\u00e9rprete anunci\u00f3 que ser\u00e1 el pr\u00f3ximo 14 de mayo cuando se presente con su gira \u201cBendita Locura\u201d, un espect\u00e1culo que promete recorrer sus m\u00e1s grandes \u00e9xitos, as\u00ed como una producci\u00f3n renovada que conecta con nuevas generaciones sin perder la esencia que la ha consolidado como una de las figuras m\u00e1s queridas de la m\u00fasica regional mexicana. Durante el encuentro con medios, Alicia [&hellip;]<\/p>\n","protected":false},"author":1,"featured_media":63013,"comment_status":"closed","ping_status":"closed","sticky":false,"template":"","format":"standard","meta":{"footnotes":""},"categories":[9,11],"tags":[],"_links":{"self":[{"href":"https:\/\/www.bitacoracdmx.com\/index.php?rest_route=\/wp\/v2\/posts\/63012"}],"collection":[{"href":"https:\/\/www.bitacoracdmx.com\/index.php?rest_route=\/wp\/v2\/posts"}],"about":[{"href":"https:\/\/www.bitacoracdmx.com\/index.php?rest_route=\/wp\/v2\/types\/post"}],"author":[{"embeddable":true,"href":"https:\/\/www.bitacoracdmx.com\/index.php?rest_route=\/wp\/v2\/users\/1"}],"replies":[{"embeddable":true,"href":"https:\/\/www.bitacoracdmx.com\/index.php?rest_route=%2Fwp%2Fv2%2Fcomments&post=63012"}],"version-history":[{"count":1,"href":"https:\/\/www.bitacoracdmx.com\/index.php?rest_route=\/wp\/v2\/posts\/63012\/revisions"}],"predecessor-version":[{"id":63017,"href":"https:\/\/www.bitacoracdmx.com\/index.php?rest_route=\/wp\/v2\/posts\/63012\/revisions\/63017"}],"wp:featuredmedia":[{"embeddable":true,"href":"https:\/\/www.bitacoracdmx.com\/index.php?rest_route=\/wp\/v2\/media\/63013"}],"wp:attachment":[{"href":"https:\/\/www.bitacoracdmx.com\/index.php?rest_route=%2Fwp%2Fv2%2Fmedia&parent=63012"}],"wp:term":[{"taxonomy":"category","embeddable":true,"href":"https:\/\/www.bitacoracdmx.com\/index.php?rest_route=%2Fwp%2Fv2%2Fcategories&post=63012"},{"taxonomy":"post_tag","embeddable":true,"href":"https:\/\/www.bitacoracdmx.com\/index.php?rest_route=%2Fwp%2Fv2%2Ftags&post=63012"}],"curies":[{"name":"wp","href":"https:\/\/api.w.org\/{rel}","templated":true}]}}