{"id":63018,"date":"2026-04-28T06:24:48","date_gmt":"2026-04-28T06:24:48","guid":{"rendered":"https:\/\/www.bitacoracdmx.com\/?p=63018"},"modified":"2026-04-28T06:24:50","modified_gmt":"2026-04-28T06:24:50","slug":"t-a-t-u-regresa-a-la-ciudad-de-mexico-para-realizar-dos-presentaciones-en-la-maraka","status":"publish","type":"post","link":"https:\/\/www.bitacoracdmx.com\/?p=63018","title":{"rendered":"t.A.T.u  regresa a la Ciudad de M\u00e9xico para realizar dos presentaciones en la MARAKA"},"content":{"rendered":"\n<p><\/p>\n\n\n\n<p>Por: Cristy Padr\u00f3n<\/p>\n\n\n\n<p>El ic\u00f3nico d\u00fao ruso t.A.T.u. confirm\u00f3 su esperado regreso a M\u00e9xico con dos presentaciones programadas para los pr\u00f3ximos 7 y 8 de mayo en el La Maraka Centro de Espect\u00e1culos, uno de los recintos m\u00e1s emblem\u00e1ticos para shows en vivo de la capital.<\/p>\n\n\n\n<p>Durante un encuentro con medios, las integrantes se mostraron visiblemente emocionadas por reencontrarse con el p\u00fablico mexicano, destacando el cari\u00f1o especial que sienten por Latinoam\u00e9rica. \u201cNos encanta la energ\u00eda del p\u00fablico latino, siempre nos reciben con mucho amor\u201d, compartieron.<\/p>\n\n\n\n<figure class=\"wp-block-image size-full\"><img loading=\"lazy\" decoding=\"async\" width=\"948\" height=\"483\" src=\"https:\/\/www.bitacoracdmx.com\/wp-content\/uploads\/2026\/04\/WhatsApp-Image-2026-04-27-at-2.07.39-PM-1.jpg\" alt=\"\" class=\"wp-image-63020\"\/><\/figure>\n\n\n\n<p>El d\u00fao adelant\u00f3 que se encuentran preparando un espect\u00e1culo especial para este regreso, con una selecci\u00f3n de sus temas m\u00e1s representativos y una producci\u00f3n pensada para reconectar con sus seguidores. Adem\u00e1s, recordaron sus inicios en la industria musical cuando eran muy j\u00f3venes, etapa que marc\u00f3 profundamente su identidad art\u00edstica y las llev\u00f3 a escenarios internacionales, incluyendo importantes presentaciones en ciudades como Londres.<\/p>\n\n\n\n<p>Asimismo, resaltaron que uno de los pilares de su m\u00fasica ha sido siempre transmitir emociones y mensajes de amor a trav\u00e9s de sus canciones, elemento que, aseguran, seguir\u00e1 presente en esta nueva etapa.<\/p>\n\n\n\n<figure class=\"wp-block-image size-full is-resized\"><img loading=\"lazy\" decoding=\"async\" width=\"763\" height=\"738\" src=\"https:\/\/www.bitacoracdmx.com\/wp-content\/uploads\/2026\/04\/WhatsApp-Image-2026-04-27-at-2.07.39-PM.jpg\" alt=\"\" class=\"wp-image-63021\" style=\"width:850px;height:auto\"\/><\/figure>\n\n\n\n<p>El regreso de t.A.T.u. a M\u00e9xico genera gran expectativa entre sus fans, quienes esperan dos noches cargadas de nostalgia, energ\u00eda y los \u00e9xitos que marcaron a toda una generaci\u00f3n.<\/p>\n\n\n\n<p><a href=\"https:\/\/www.facebook.com\/hashtag\/tatu?__cft__[0]=AZYjEgdbhyXZB3mSzUrUvydrszC_w1Vyk3Xx-Uqj-rlcCSxy0FztoU6nRUSyazj5Ezp479qlBK11L5-QG_rmHAWPTe98xpI_q4HLlgiZQvdZIFh5L7q8EyCkLxEMQHJaAHBJjGYPAKjcvcC_4eAK-FHN&amp;__tn__=*NK-R\">#tatu<\/a><\/p>\n\n\n\n<p><a href=\"https:\/\/www.facebook.com\/hashtag\/lamaraka?__cft__[0]=AZYjEgdbhyXZB3mSzUrUvydrszC_w1Vyk3Xx-Uqj-rlcCSxy0FztoU6nRUSyazj5Ezp479qlBK11L5-QG_rmHAWPTe98xpI_q4HLlgiZQvdZIFh5L7q8EyCkLxEMQHJaAHBJjGYPAKjcvcC_4eAK-FHN&amp;__tn__=*NK-R\">#LaMaraka<\/a><\/p>\n\n\n\n<p><a href=\"https:\/\/www.facebook.com\/hashtag\/cdmx?__cft__[0]=AZYjEgdbhyXZB3mSzUrUvydrszC_w1Vyk3Xx-Uqj-rlcCSxy0FztoU6nRUSyazj5Ezp479qlBK11L5-QG_rmHAWPTe98xpI_q4HLlgiZQvdZIFh5L7q8EyCkLxEMQHJaAHBJjGYPAKjcvcC_4eAK-FHN&amp;__tn__=*NK-R\">#CDMX<\/a><\/p>\n\n\n\n<p><a href=\"https:\/\/www.facebook.com\/hashtag\/conciertos2026?__cft__[0]=AZYjEgdbhyXZB3mSzUrUvydrszC_w1Vyk3Xx-Uqj-rlcCSxy0FztoU6nRUSyazj5Ezp479qlBK11L5-QG_rmHAWPTe98xpI_q4HLlgiZQvdZIFh5L7q8EyCkLxEMQHJaAHBJjGYPAKjcvcC_4eAK-FHN&amp;__tn__=*NK-R\">#Conciertos2026<\/a><\/p>\n\n\n\n<p><a href=\"https:\/\/www.facebook.com\/hashtag\/popinternacional?__cft__[0]=AZYjEgdbhyXZB3mSzUrUvydrszC_w1Vyk3Xx-Uqj-rlcCSxy0FztoU6nRUSyazj5Ezp479qlBK11L5-QG_rmHAWPTe98xpI_q4HLlgiZQvdZIFh5L7q8EyCkLxEMQHJaAHBJjGYPAKjcvcC_4eAK-FHN&amp;__tn__=*NK-R\">#popinternacional<\/a><\/p>\n\n\n\n<p><a href=\"https:\/\/www.facebook.com\/hashtag\/musicaenvivo?__cft__[0]=AZYjEgdbhyXZB3mSzUrUvydrszC_w1Vyk3Xx-Uqj-rlcCSxy0FztoU6nRUSyazj5Ezp479qlBK11L5-QG_rmHAWPTe98xpI_q4HLlgiZQvdZIFh5L7q8EyCkLxEMQHJaAHBJjGYPAKjcvcC_4eAK-FHN&amp;__tn__=*NK-R\">#musicaenvivo<\/a><\/p>\n\n\n\n<p><a href=\"https:\/\/www.facebook.com\/hashtag\/regreso?__cft__[0]=AZYjEgdbhyXZB3mSzUrUvydrszC_w1Vyk3Xx-Uqj-rlcCSxy0FztoU6nRUSyazj5Ezp479qlBK11L5-QG_rmHAWPTe98xpI_q4HLlgiZQvdZIFh5L7q8EyCkLxEMQHJaAHBJjGYPAKjcvcC_4eAK-FHN&amp;__tn__=*NK-R\">#Regreso<\/a><\/p>\n\n\n\n<p><a href=\"https:\/\/www.facebook.com\/hashtag\/nostalgiapop?__cft__[0]=AZYjEgdbhyXZB3mSzUrUvydrszC_w1Vyk3Xx-Uqj-rlcCSxy0FztoU6nRUSyazj5Ezp479qlBK11L5-QG_rmHAWPTe98xpI_q4HLlgiZQvdZIFh5L7q8EyCkLxEMQHJaAHBJjGYPAKjcvcC_4eAK-FHN&amp;__tn__=*NK-R\">#NostalgiaPop<\/a><\/p>\n\n\n\n<p><a href=\"https:\/\/www.facebook.com\/hashtag\/fans?__cft__[0]=AZYjEgdbhyXZB3mSzUrUvydrszC_w1Vyk3Xx-Uqj-rlcCSxy0FztoU6nRUSyazj5Ezp479qlBK11L5-QG_rmHAWPTe98xpI_q4HLlgiZQvdZIFh5L7q8EyCkLxEMQHJaAHBJjGYPAKjcvcC_4eAK-FHN&amp;__tn__=*NK-R\">#fans<\/a><\/p>\n\n\n\n<p><a href=\"https:\/\/www.facebook.com\/hashtag\/agendacultural?__cft__[0]=AZYjEgdbhyXZB3mSzUrUvydrszC_w1Vyk3Xx-Uqj-rlcCSxy0FztoU6nRUSyazj5Ezp479qlBK11L5-QG_rmHAWPTe98xpI_q4HLlgiZQvdZIFh5L7q8EyCkLxEMQHJaAHBJjGYPAKjcvcC_4eAK-FHN&amp;__tn__=*NK-R\">#AgendaCultural<\/a><\/p>\n\n\n\n<p><a href=\"https:\/\/www.facebook.com\/hashtag\/bitacoracdmx?__cft__[0]=AZYjEgdbhyXZB3mSzUrUvydrszC_w1Vyk3Xx-Uqj-rlcCSxy0FztoU6nRUSyazj5Ezp479qlBK11L5-QG_rmHAWPTe98xpI_q4HLlgiZQvdZIFh5L7q8EyCkLxEMQHJaAHBJjGYPAKjcvcC_4eAK-FHN&amp;__tn__=*NK-R\">#bitacoracdmx<\/a><\/p>\n","protected":false},"excerpt":{"rendered":"<p>Por: Cristy Padr\u00f3n El ic\u00f3nico d\u00fao ruso t.A.T.u. confirm\u00f3 su esperado regreso a M\u00e9xico con dos presentaciones programadas para los pr\u00f3ximos 7 y 8 de mayo en el La Maraka Centro de Espect\u00e1culos, uno de los recintos m\u00e1s emblem\u00e1ticos para shows en vivo de la capital. Durante un encuentro con medios, las integrantes se mostraron visiblemente emocionadas por reencontrarse con el p\u00fablico mexicano, destacando el cari\u00f1o especial que sienten por Latinoam\u00e9rica. \u201cNos encanta la energ\u00eda del p\u00fablico latino, siempre nos reciben con mucho amor\u201d, compartieron. El d\u00fao adelant\u00f3 que se encuentran preparando un espect\u00e1culo especial para este regreso, con una [&hellip;]<\/p>\n","protected":false},"author":1,"featured_media":63019,"comment_status":"closed","ping_status":"closed","sticky":false,"template":"","format":"standard","meta":{"footnotes":""},"categories":[9,11],"tags":[],"_links":{"self":[{"href":"https:\/\/www.bitacoracdmx.com\/index.php?rest_route=\/wp\/v2\/posts\/63018"}],"collection":[{"href":"https:\/\/www.bitacoracdmx.com\/index.php?rest_route=\/wp\/v2\/posts"}],"about":[{"href":"https:\/\/www.bitacoracdmx.com\/index.php?rest_route=\/wp\/v2\/types\/post"}],"author":[{"embeddable":true,"href":"https:\/\/www.bitacoracdmx.com\/index.php?rest_route=\/wp\/v2\/users\/1"}],"replies":[{"embeddable":true,"href":"https:\/\/www.bitacoracdmx.com\/index.php?rest_route=%2Fwp%2Fv2%2Fcomments&post=63018"}],"version-history":[{"count":1,"href":"https:\/\/www.bitacoracdmx.com\/index.php?rest_route=\/wp\/v2\/posts\/63018\/revisions"}],"predecessor-version":[{"id":63022,"href":"https:\/\/www.bitacoracdmx.com\/index.php?rest_route=\/wp\/v2\/posts\/63018\/revisions\/63022"}],"wp:featuredmedia":[{"embeddable":true,"href":"https:\/\/www.bitacoracdmx.com\/index.php?rest_route=\/wp\/v2\/media\/63019"}],"wp:attachment":[{"href":"https:\/\/www.bitacoracdmx.com\/index.php?rest_route=%2Fwp%2Fv2%2Fmedia&parent=63018"}],"wp:term":[{"taxonomy":"category","embeddable":true,"href":"https:\/\/www.bitacoracdmx.com\/index.php?rest_route=%2Fwp%2Fv2%2Fcategories&post=63018"},{"taxonomy":"post_tag","embeddable":true,"href":"https:\/\/www.bitacoracdmx.com\/index.php?rest_route=%2Fwp%2Fv2%2Ftags&post=63018"}],"curies":[{"name":"wp","href":"https:\/\/api.w.org\/{rel}","templated":true}]}}