{"id":63035,"date":"2026-04-28T06:55:55","date_gmt":"2026-04-28T06:55:55","guid":{"rendered":"https:\/\/www.bitacoracdmx.com\/?p=63035"},"modified":"2026-04-28T06:55:56","modified_gmt":"2026-04-28T06:55:56","slug":"cirque-du-soleil-regresa-a-nuestro-pais-con-echo-un-audaz-y-nuevo-espectaculo-bajo-la-gran-carpa","status":"publish","type":"post","link":"https:\/\/www.bitacoracdmx.com\/?p=63035","title":{"rendered":"CIRQUE DU SOLEIL regresa a nuestro pa\u00eds con ECHO, UN AUDAZ y NUEVO ESPECT\u00c1CULO BAJO LA GRAN CARPA"},"content":{"rendered":"\n<p><\/p>\n\n\n\n<p>REDACCI\u00d3N<\/p>\n\n\n\n<h3 class=\"wp-block-heading\">PRESENTADOR ESPECIAL: BANAMEX<\/h3>\n\n\n\n<h3 class=\"wp-block-heading\">DEL 3 AL 27 DE SEPTIEMBRE \u2013 QUER\u00c9TARO &#8211; GRAN CARPA SOLEIL EN EL INFIELD DEL AUT\u00d3DROMO<\/h3>\n\n\n\n<h3 class=\"wp-block-heading\">DEL 9 DE OCTUBRE AL 1\u00ba DE NOVIEMBRE \u2013 GUADALAJARA &#8211; GRAN CARPA SOLEIL EN PLAZA PATRIA<\/h3>\n\n\n\n<h3 class=\"wp-block-heading\">DEL 13 DE NOVIEMBRE AL 3 DE ENERO DE 2027 \u2013 CIUDAD DE M\u00c9XICO &#8211; GRAN CARPA SOLEIL EN SANTA FE<\/h3>\n\n\n\n<p>Los boletos est\u00e1n disponibles exclusivamente para miembros de&nbsp;<strong>Club Cirque<\/strong>&nbsp;a partir de hoy. La venta general comienza el&nbsp;<strong>27 de octubre<\/strong>.<\/p>\n\n\n\n<p><strong>Preventa Banamex: 29 y 30 de abril<\/strong><\/p>\n\n\n\n<p><strong>Venta General: 1\u00ba de mayo<\/strong><\/p>\n\n\n\n<p><strong>Cirque du Soleil<\/strong>&nbsp;se enorgullece de regresar a M\u00e9xico con su m\u00e1s reciente espect\u00e1culo,&nbsp;<strong><em>ECHO<\/em><\/strong>, una historia sobre la conexi\u00f3n, la intenci\u00f3n y las uniones simbi\u00f3ticas entre los humanos y el reino animal.<\/p>\n\n\n\n<p>Impulsado por el poder del cambio, la esperanza de la juventud y el valor de la empat\u00eda,&nbsp;<strong><em>ECHO<\/em><\/strong>&nbsp;sigue a una joven curiosa llamada&nbsp;<strong>FUTURE,<\/strong>&nbsp;mientras se adentra en un mundo de fantas\u00eda que explora nuestro v\u00ednculo sagrado con los animales y la naturaleza. Cuando&nbsp;<strong>FUTURE<\/strong>&nbsp;y su mejor amigo, el&nbsp;<strong>PERRO<\/strong>, se encuentran con un misterioso&nbsp;<strong>CUBO<\/strong>, aprenden r\u00e1pidamente c\u00f3mo sus acciones tienen el poder de moldear este mundo, y que, si nos unimos, podemos crear el mundo en el que todos queremos vivir.<\/p>\n\n\n\n<p>El vig\u00e9simo espect\u00e1culo bajo la Gran Carpa de Cirque du Soleil trae visuales audaces y una est\u00e9tica \u00fanica en gira, contando con una banda sonora oficial que captura la esencia de la profundidad emocional del show, mientras eleva sus asombrosas acrobacias y narrativa con voces en vivo e intrincadas armon\u00edas. Lleno de personajes vibrantes, m\u00fasica inspiradora, luces y proyecciones sorprendentes, adem\u00e1s de haza\u00f1as acrob\u00e1ticas nunca vistas,&nbsp;<strong><em>ECHO<\/em><\/strong>&nbsp;invita a la audiencia a un viaje a trav\u00e9s de un universo de maravillas y posibilidades infinitas.<\/p>\n\n\n\n<p>Para m\u00e1s informaci\u00f3n, visita&nbsp;<a href=\"https:\/\/www.cirquedusoleil.com\/echo\">https:\/\/www.cirquedusoleil.com\/echo<\/a>.<\/p>\n\n\n\n<p>Escucha el \u00e1lbum de&nbsp;<strong><em>ECHO<\/em><\/strong>&nbsp;en todas las plataformas principales de streaming y descarga la portada del \u00e1lbum&nbsp;<a href=\"https:\/\/cds.lnk.to\/ECHO?utm_source=facebook&amp;utm_medium=social&amp;utm_campaign=na_cds-tsd-music_echo_na_2024_big-top_na_b2c_echo-music_engagement,\">aqu\u00ed.<\/a><\/p>\n\n\n\n<p><strong>Informaci\u00f3n de Boletos<\/strong><\/p>\n\n\n\n<p>Los boletos estar\u00e1n en preventa Banamex el 29 y 30 de abril, y un d\u00eda despu\u00e9s los podr\u00e1s adquirir en las taquillas de los inmuebles o a trav\u00e9s de&nbsp;<a href=\"http:\/\/www.ticketmaster.com.mx\/\">www.ticketmaster.com.mx<\/a>&nbsp;para Guadalajara y Ciudad de M\u00e9xico; para la temporada en Quer\u00e9taro, ser\u00e1 a trav\u00e9s de&nbsp;<a href=\"http:\/\/www.eticket.mx\/\">www.eticket.mx<\/a>.<\/p>\n\n\n\n<p><strong>Acerca de Cirque du Soleil Entertainment Group<\/strong><\/p>\n\n\n\n<p>Cirque du Soleil Entertainment Group es l\u00edder mundial en entretenimiento en vivo. Desafiando durante cuatro a\u00f1os los l\u00edmites de la imaginaci\u00f3n, la compa\u00f1\u00eda de entretenimiento art\u00edstico aporta su enfoque creativo a una gran variedad de formas art\u00edsticas, como espect\u00e1culos en vivo, producciones multimedia, contenido de larga duraci\u00f3n, m\u00fasica, experiencias inmersivas y eventos especiales. Desde su creaci\u00f3n en 1984, m\u00e1s de 400 millones de personas han sido inspiradas en 6 continentes y 86 pa\u00edses. La empresa canadiense emplea actualmente a casi 4,000 empleados, incluyendo a 1,200 artistas de m\u00e1s de 80 nacionalidades diferentes. Para m\u00e1s informaci\u00f3n sobre Cirque du Soleil Entertainment Group, por favor visita&nbsp;<a href=\"http:\/\/cirquedusoleil.com\/\">cirquedusoleil.com<\/a>.<\/p>\n\n\n\n<p><a href=\"https:\/\/www.facebook.com\/hashtag\/cirquedusoleil?__cft__[0]=AZZTGSdFxGs_GvmAU-JjAnTj_jqQ7KZxMpRlclFqbxnDhFOxNIkaeRduM3nzUSiGtGzIwm1i6iZBeNtqJvl2JlREW-kmIMD2iuhvjsjGWdY2qHLi5tf94rhC8JztVE_S8Hib1m6SQ9OPLHoXnfqpFL7i&amp;__tn__=*NK-R\">#cirquedusoleil<\/a><\/p>\n\n\n\n<p><a href=\"https:\/\/www.facebook.com\/hashtag\/grancarpasantafe?__cft__[0]=AZZTGSdFxGs_GvmAU-JjAnTj_jqQ7KZxMpRlclFqbxnDhFOxNIkaeRduM3nzUSiGtGzIwm1i6iZBeNtqJvl2JlREW-kmIMD2iuhvjsjGWdY2qHLi5tf94rhC8JztVE_S8Hib1m6SQ9OPLHoXnfqpFL7i&amp;__tn__=*NK-R\">#GranCarpaSantaFe<\/a><\/p>\n\n\n\n<p><a href=\"https:\/\/www.facebook.com\/hashtag\/ocesa?__cft__[0]=AZZTGSdFxGs_GvmAU-JjAnTj_jqQ7KZxMpRlclFqbxnDhFOxNIkaeRduM3nzUSiGtGzIwm1i6iZBeNtqJvl2JlREW-kmIMD2iuhvjsjGWdY2qHLi5tf94rhC8JztVE_S8Hib1m6SQ9OPLHoXnfqpFL7i&amp;__tn__=*NK-R\">#OCESA<\/a><\/p>\n\n\n\n<p><a href=\"https:\/\/www.facebook.com\/hashtag\/ticketmaster?__cft__[0]=AZZTGSdFxGs_GvmAU-JjAnTj_jqQ7KZxMpRlclFqbxnDhFOxNIkaeRduM3nzUSiGtGzIwm1i6iZBeNtqJvl2JlREW-kmIMD2iuhvjsjGWdY2qHLi5tf94rhC8JztVE_S8Hib1m6SQ9OPLHoXnfqpFL7i&amp;__tn__=*NK-R\">#ticketmaster<\/a><\/p>\n\n\n\n<p><a href=\"https:\/\/www.facebook.com\/hashtag\/cdmx?__cft__[0]=AZZTGSdFxGs_GvmAU-JjAnTj_jqQ7KZxMpRlclFqbxnDhFOxNIkaeRduM3nzUSiGtGzIwm1i6iZBeNtqJvl2JlREW-kmIMD2iuhvjsjGWdY2qHLi5tf94rhC8JztVE_S8Hib1m6SQ9OPLHoXnfqpFL7i&amp;__tn__=*NK-R\">#cdmx<\/a><\/p>\n\n\n\n<p><a href=\"https:\/\/www.facebook.com\/hashtag\/bitacoracdmx?__cft__[0]=AZZTGSdFxGs_GvmAU-JjAnTj_jqQ7KZxMpRlclFqbxnDhFOxNIkaeRduM3nzUSiGtGzIwm1i6iZBeNtqJvl2JlREW-kmIMD2iuhvjsjGWdY2qHLi5tf94rhC8JztVE_S8Hib1m6SQ9OPLHoXnfqpFL7i&amp;__tn__=*NK-R\">#bitacoracdmx<\/a><\/p>\n","protected":false},"excerpt":{"rendered":"<p>REDACCI\u00d3N PRESENTADOR ESPECIAL: BANAMEX DEL 3 AL 27 DE SEPTIEMBRE \u2013 QUER\u00c9TARO &#8211; GRAN CARPA SOLEIL EN EL INFIELD DEL AUT\u00d3DROMO DEL 9 DE OCTUBRE AL 1\u00ba DE NOVIEMBRE \u2013 GUADALAJARA &#8211; GRAN CARPA SOLEIL EN PLAZA PATRIA DEL 13 DE NOVIEMBRE AL 3 DE ENERO DE 2027 \u2013 CIUDAD DE M\u00c9XICO &#8211; GRAN CARPA SOLEIL EN SANTA FE Los boletos est\u00e1n disponibles exclusivamente para miembros de&nbsp;Club Cirque&nbsp;a partir de hoy. La venta general comienza el&nbsp;27 de octubre. Preventa Banamex: 29 y 30 de abril Venta General: 1\u00ba de mayo Cirque du Soleil&nbsp;se enorgullece de regresar a M\u00e9xico con su [&hellip;]<\/p>\n","protected":false},"author":1,"featured_media":63036,"comment_status":"closed","ping_status":"closed","sticky":false,"template":"","format":"standard","meta":{"footnotes":""},"categories":[7,9],"tags":[],"_links":{"self":[{"href":"https:\/\/www.bitacoracdmx.com\/index.php?rest_route=\/wp\/v2\/posts\/63035"}],"collection":[{"href":"https:\/\/www.bitacoracdmx.com\/index.php?rest_route=\/wp\/v2\/posts"}],"about":[{"href":"https:\/\/www.bitacoracdmx.com\/index.php?rest_route=\/wp\/v2\/types\/post"}],"author":[{"embeddable":true,"href":"https:\/\/www.bitacoracdmx.com\/index.php?rest_route=\/wp\/v2\/users\/1"}],"replies":[{"embeddable":true,"href":"https:\/\/www.bitacoracdmx.com\/index.php?rest_route=%2Fwp%2Fv2%2Fcomments&post=63035"}],"version-history":[{"count":1,"href":"https:\/\/www.bitacoracdmx.com\/index.php?rest_route=\/wp\/v2\/posts\/63035\/revisions"}],"predecessor-version":[{"id":63037,"href":"https:\/\/www.bitacoracdmx.com\/index.php?rest_route=\/wp\/v2\/posts\/63035\/revisions\/63037"}],"wp:featuredmedia":[{"embeddable":true,"href":"https:\/\/www.bitacoracdmx.com\/index.php?rest_route=\/wp\/v2\/media\/63036"}],"wp:attachment":[{"href":"https:\/\/www.bitacoracdmx.com\/index.php?rest_route=%2Fwp%2Fv2%2Fmedia&parent=63035"}],"wp:term":[{"taxonomy":"category","embeddable":true,"href":"https:\/\/www.bitacoracdmx.com\/index.php?rest_route=%2Fwp%2Fv2%2Fcategories&post=63035"},{"taxonomy":"post_tag","embeddable":true,"href":"https:\/\/www.bitacoracdmx.com\/index.php?rest_route=%2Fwp%2Fv2%2Ftags&post=63035"}],"curies":[{"name":"wp","href":"https:\/\/api.w.org\/{rel}","templated":true}]}}