{"id":63041,"date":"2026-04-28T07:06:51","date_gmt":"2026-04-28T07:06:51","guid":{"rendered":"https:\/\/www.bitacoracdmx.com\/?p=63041"},"modified":"2026-04-28T07:06:52","modified_gmt":"2026-04-28T07:06:52","slug":"narices-rojas-y-ritmos-del-mundo-triciclo-circus-band-regresa-a-la-cdmx-para-una-noche-de-magia-citadina","status":"publish","type":"post","link":"https:\/\/www.bitacoracdmx.com\/?p=63041","title":{"rendered":"\u00a1NARICES ROJAS y RITMOS DEL MUNDO! TRICICLO CIRCUS BAND regresa a la CDMX para una NOCHE de MAGIA CITADINA"},"content":{"rendered":"\n<p><\/p>\n\n\n\n<p>REDACCI\u00d3N<\/p>\n\n\n\n<p><strong><em>Triunfo en el Vive Latino:&nbsp;<\/em><\/strong><em>Tras una actuaci\u00f3n hist\u00f3rica abriendo el escenario principal de la edici\u00f3n 2026, la banda llega en su mejor momento de conexi\u00f3n con los fans.<\/em><\/p>\n\n\n\n<p><strong><em>Estreno de &#8220;Llorar, llorar&#8221;:&nbsp;<\/em><\/strong><em>La velada servir\u00e1 como marco perfecto para disfrutar en vivo de su m\u00e1s reciente sencillo, disponible en plataformas a partir del 1\u00ba de mayo.<\/em><\/p>\n\n\n\n<p><strong><em>Fusi\u00f3n Global y Callejera:&nbsp;<\/em><\/strong><em>Una experiencia inmersiva que mezcla el balkan, klezmer y polka con la inconfundible est\u00e9tica clown que ha roto fronteras en Latinoam\u00e9rica.<\/em><\/p>\n\n\n\n<p><strong>5 DE SEPTIEMBRE \u2013 PABELL\u00d3N OESTE<\/strong><\/p>\n\n\n\n<p><strong>Preventa Banamex: 29 de abril, 11:00 a.m.<\/strong><\/p>\n\n\n\n<p>Despu\u00e9s de conquistar el escenario principal de la \u00faltima edici\u00f3n del&nbsp;<strong>Vive Latino<\/strong>, donde abrieron con una actuaci\u00f3n \u00e9pica que puso a bailar a miles,&nbsp;<strong>Triciclo Circus Band<\/strong>&nbsp;est\u00e1 lista para retomar su hogar: la Ciudad de M\u00e9xico. El pr\u00f3ximo&nbsp;<strong>5 de septiembre<\/strong>, el&nbsp;<strong>Pabell\u00f3n Oeste<\/strong>&nbsp;se transformar\u00e1 en una carpa circense sin l\u00edmites para recibir a la agrupaci\u00f3n que ha convertido la nostalgia y la alegr\u00eda en un lenguaje universal.<\/p>\n\n\n\n<p><strong>&#8220;LLORAR, LLORAR&#8221;: EL NUEVO HIMNO DEL TRICICLO<\/strong><\/p>\n\n\n\n<p>La banda no llega con las manos vac\u00edas. Tras a\u00f1os de recorrido, nos presentan su m\u00e1s reciente creaci\u00f3n:&nbsp;<strong>\u201cLlorar, llorar\u201d<\/strong>, lo \u201cm\u00e1s nuevito\u201d del ensamble. Este sencillo estar\u00e1 disponible en todas las plataformas de streaming a partir del&nbsp;<strong>1 de mayo<\/strong>, marcando una nueva etapa sonora que mantiene la esencia callejera y festiva que los caracteriza. Es la oportunidad perfecta para que sus seguidores se aprendan la letra y la canten a todo pulm\u00f3n en esta cita inolvidable.<\/p>\n\n\n\n<p><strong>8 M\u00daSICOS, MIL HISTORIAS Y UNA FUSI\u00d3N SIN L\u00cdMITES<\/strong><\/p>\n\n\n\n<p>Con narices rojas, ropa vieja y una t\u00e9cnica musical impecable, este ensamble \u2014nacido en 2009 en el coraz\u00f3n de la capital\u2014 ha logrado romper la barrera entre el artista y el espectador. Su estilo es un banquete de ritmos que fusiona el&nbsp;<strong>balkan, la m\u00fasica oaxaque\u00f1a, el vals, el tango, el paso doble, el klezmer y la polka<\/strong>. Esta amalgama de sonidos, aderezada con una est\u00e9tica clown, les ha permitido pasar de las calles a los festivales m\u00e1s importantes del pa\u00eds, consolid\u00e1ndose como una aut\u00e9ntica leyenda de la m\u00fasica independiente nacional.<\/p>\n\n\n\n<p>Aunque M\u00e9xico es su principal basti\u00f3n, el eco de sus trompetas y clarinetes ha llegado lejos. Con una audiencia digital que supera los&nbsp;<strong>61 mil seguidores<\/strong>, la banda ha encontrado o\u00eddos fieles en pa\u00edses como&nbsp;<strong>Colombia y Per\u00fa<\/strong>, demostrando que la m\u00fasica circense y el folk del mundo no conocen fronteras. Spotify se mantiene como el formato principal donde su comunidad vive y respira cada uno de sus lanzamientos.<\/p>\n\n\n\n<p>No te pierdas la oportunidad de vivir esta noche llena de magia, risas y melancol\u00eda.&nbsp;<strong>Triciclo Circus Band<\/strong>&nbsp;promete un show donde la m\u00fasica se toca con el alma y el p\u00fablico es parte fundamental de la orquesta. \u00a1Nos vemos en el Pabell\u00f3n Oeste el 5 de septiembre!<\/p>\n\n\n\n<p>Los boletos estar\u00e1n en preventa Banamex el 29 de abril, y un d\u00eda despu\u00e9s los podr\u00e1s adquirir en la venta general a trav\u00e9s de&nbsp;<a href=\"http:\/\/www.ticketmaster.com.mx\/\">www.ticketmaster.com.mx<\/a>.<\/p>\n\n\n\n<p><a href=\"https:\/\/www.facebook.com\/hashtag\/triciclocircusband?__cft__[0]=AZYl9bpHZh-XPRybVsrj6DB-wK7sTOJP3smHovHoblrqIE9vgyKS_5dGvErepw0U4J44w6iC50fzuB4p3FvzlBHWuYHfWPSFNRbUFcXKUavdx8ZKKnc3WmCFpoHT4iSEVopLqfqBgKi_WalRow9bSVjj&amp;__tn__=*NK-R\">#triciclocircusband<\/a><\/p>\n\n\n\n<p><a href=\"https:\/\/www.facebook.com\/hashtag\/pabellonoeste?__cft__[0]=AZYl9bpHZh-XPRybVsrj6DB-wK7sTOJP3smHovHoblrqIE9vgyKS_5dGvErepw0U4J44w6iC50fzuB4p3FvzlBHWuYHfWPSFNRbUFcXKUavdx8ZKKnc3WmCFpoHT4iSEVopLqfqBgKi_WalRow9bSVjj&amp;__tn__=*NK-R\">#pabellonoeste<\/a><\/p>\n\n\n\n<p><a href=\"https:\/\/www.facebook.com\/hashtag\/ocesa?__cft__[0]=AZYl9bpHZh-XPRybVsrj6DB-wK7sTOJP3smHovHoblrqIE9vgyKS_5dGvErepw0U4J44w6iC50fzuB4p3FvzlBHWuYHfWPSFNRbUFcXKUavdx8ZKKnc3WmCFpoHT4iSEVopLqfqBgKi_WalRow9bSVjj&amp;__tn__=*NK-R\">#OCESA<\/a><\/p>\n\n\n\n<p><a href=\"https:\/\/www.facebook.com\/hashtag\/ticketmaster?__cft__[0]=AZYl9bpHZh-XPRybVsrj6DB-wK7sTOJP3smHovHoblrqIE9vgyKS_5dGvErepw0U4J44w6iC50fzuB4p3FvzlBHWuYHfWPSFNRbUFcXKUavdx8ZKKnc3WmCFpoHT4iSEVopLqfqBgKi_WalRow9bSVjj&amp;__tn__=*NK-R\">#ticketmaster<\/a><\/p>\n\n\n\n<p><a href=\"https:\/\/www.facebook.com\/hashtag\/cdmx?__cft__[0]=AZYl9bpHZh-XPRybVsrj6DB-wK7sTOJP3smHovHoblrqIE9vgyKS_5dGvErepw0U4J44w6iC50fzuB4p3FvzlBHWuYHfWPSFNRbUFcXKUavdx8ZKKnc3WmCFpoHT4iSEVopLqfqBgKi_WalRow9bSVjj&amp;__tn__=*NK-R\">#CDMX<\/a><\/p>\n\n\n\n<p><a href=\"https:\/\/www.facebook.com\/hashtag\/bitacoracdmx?__cft__[0]=AZYl9bpHZh-XPRybVsrj6DB-wK7sTOJP3smHovHoblrqIE9vgyKS_5dGvErepw0U4J44w6iC50fzuB4p3FvzlBHWuYHfWPSFNRbUFcXKUavdx8ZKKnc3WmCFpoHT4iSEVopLqfqBgKi_WalRow9bSVjj&amp;__tn__=*NK-R\">#bitacoracdmx<\/a><\/p>\n","protected":false},"excerpt":{"rendered":"<p>REDACCI\u00d3N Triunfo en el Vive Latino:&nbsp;Tras una actuaci\u00f3n hist\u00f3rica abriendo el escenario principal de la edici\u00f3n 2026, la banda llega en su mejor momento de conexi\u00f3n con los fans. Estreno de &#8220;Llorar, llorar&#8221;:&nbsp;La velada servir\u00e1 como marco perfecto para disfrutar en vivo de su m\u00e1s reciente sencillo, disponible en plataformas a partir del 1\u00ba de mayo. Fusi\u00f3n Global y Callejera:&nbsp;Una experiencia inmersiva que mezcla el balkan, klezmer y polka con la inconfundible est\u00e9tica clown que ha roto fronteras en Latinoam\u00e9rica. 5 DE SEPTIEMBRE \u2013 PABELL\u00d3N OESTE Preventa Banamex: 29 de abril, 11:00 a.m. Despu\u00e9s de conquistar el escenario principal de [&hellip;]<\/p>\n","protected":false},"author":1,"featured_media":63042,"comment_status":"closed","ping_status":"closed","sticky":false,"template":"","format":"standard","meta":{"footnotes":""},"categories":[9,11],"tags":[],"_links":{"self":[{"href":"https:\/\/www.bitacoracdmx.com\/index.php?rest_route=\/wp\/v2\/posts\/63041"}],"collection":[{"href":"https:\/\/www.bitacoracdmx.com\/index.php?rest_route=\/wp\/v2\/posts"}],"about":[{"href":"https:\/\/www.bitacoracdmx.com\/index.php?rest_route=\/wp\/v2\/types\/post"}],"author":[{"embeddable":true,"href":"https:\/\/www.bitacoracdmx.com\/index.php?rest_route=\/wp\/v2\/users\/1"}],"replies":[{"embeddable":true,"href":"https:\/\/www.bitacoracdmx.com\/index.php?rest_route=%2Fwp%2Fv2%2Fcomments&post=63041"}],"version-history":[{"count":1,"href":"https:\/\/www.bitacoracdmx.com\/index.php?rest_route=\/wp\/v2\/posts\/63041\/revisions"}],"predecessor-version":[{"id":63043,"href":"https:\/\/www.bitacoracdmx.com\/index.php?rest_route=\/wp\/v2\/posts\/63041\/revisions\/63043"}],"wp:featuredmedia":[{"embeddable":true,"href":"https:\/\/www.bitacoracdmx.com\/index.php?rest_route=\/wp\/v2\/media\/63042"}],"wp:attachment":[{"href":"https:\/\/www.bitacoracdmx.com\/index.php?rest_route=%2Fwp%2Fv2%2Fmedia&parent=63041"}],"wp:term":[{"taxonomy":"category","embeddable":true,"href":"https:\/\/www.bitacoracdmx.com\/index.php?rest_route=%2Fwp%2Fv2%2Fcategories&post=63041"},{"taxonomy":"post_tag","embeddable":true,"href":"https:\/\/www.bitacoracdmx.com\/index.php?rest_route=%2Fwp%2Fv2%2Ftags&post=63041"}],"curies":[{"name":"wp","href":"https:\/\/api.w.org\/{rel}","templated":true}]}}