{"id":63044,"date":"2026-04-28T07:12:28","date_gmt":"2026-04-28T07:12:28","guid":{"rendered":"https:\/\/www.bitacoracdmx.com\/?p=63044"},"modified":"2026-04-28T07:12:31","modified_gmt":"2026-04-28T07:12:31","slug":"silvia-perez-cruz-la-voz-que-transforma-lo-intimo-en-experiencia-colectiva-llegara-a-la-cdmx-con-su-gira-2026","status":"publish","type":"post","link":"https:\/\/www.bitacoracdmx.com\/?p=63044","title":{"rendered":"S\u00edlvia P\u00e9rez Cruz, la voz que transforma lo \u00edntimo en experiencia colectiva, llegar\u00e1 a la CDMX con su gira 2026"},"content":{"rendered":"\n<p><\/p>\n\n\n\n<p>REDACCI\u00d3N<\/p>\n\n\n\n<h3 class=\"wp-block-heading\">20 de agosto \u2013 Teatro Metrop\u00f3litan<\/h3>\n\n\n\n<h3 class=\"wp-block-heading\">Preventa Banamex: 14 de abril<\/h3>\n\n\n\n<p>\u00b7 El nuevo disco&nbsp;<em>Oral Abisal<\/em>, estar\u00e1 disponible en todas las plataformas el 8 de mayo.<\/p>\n\n\n\n<p>\u00b7 Escucha sus nuevos sencillos: \u201c<a href=\"https:\/\/youtu.be\/IGS1xw_u0qY?si=xIIVFSch8umoH65c\">L\u00edquido<\/a>\u201d y \u201c<a href=\"https:\/\/youtu.be\/eECP2y-IfzQ?si=jw9KqVYWMwmrfQEs\">Moreno<\/a>\u201d<\/p>\n\n\n\n<p>\u00b7 S\u00edlvia acumula 1.4 millones de oyentes mensuales en plataformas, demostrando el alcance y presencia de su voz<\/p>\n\n\n\n<p>\u00b7 Canciones en su repertorio como \u201c313\u201d o \u201cMa\u00f1ana\u201d, acumulan los 14 millones de reproducciones.<\/p>\n\n\n\n<p>La reconocida compositora y cantante S\u00edlvia P\u00e9rez Cruz llega el pr\u00f3ximo 20 de agosto al Teatro Metrop\u00f3litan, para compartir una de las propuestas musicales m\u00e1s singulares y conmovedoras de la escena contempor\u00e1nea. Nacida en Palafrugell, Girona, en 1983, P\u00e9rez Cruz posee una de las voces m\u00e1s impactantes de los \u00faltimos a\u00f1os, resultado de una conexi\u00f3n profunda y natural con la m\u00fasica que la ha acompa\u00f1ado desde la infancia.<\/p>\n\n\n\n<p>Este 2026, la compositora anuncia una gira en el marco de su \u00faltimo \u00e1lbum&nbsp;<em>Oral Abisal<\/em>, mismo, que apuntala a nuevos horizontes colmados de sonidos y paisajes; sobre esta traves\u00eda, se comparte: \u201c<em>S\u00edlvia&nbsp;tiene nuevas canciones originales para compartir, con sonidos familiares y nuevos horizontes, nuevas formas. Desde que sab\u00eda que cantar\u00eda en el so\u00f1ado Olympia de Par\u00eds su imaginario no ha parado de dar sonidos e im\u00e1genes hasta concebir este nuevo viaje\u201d.<\/em><\/p>\n\n\n\n<p><strong><em>Sobre \u201cOral Abisal\u201d, el nuevo \u00e1lbum de Silvia P\u00e9rez Cruz disponible el 9 de mayo<\/em><\/strong><\/p>\n\n\n\n<p>Oral Abisal es el disco de canciones originales de Silvia. Este nuevo viaje propone un cambio de estado. Como lo hace el canto, como lo hace el r\u00edo, como lo hace el agua.<\/p>\n\n\n\n<p>S\u00edlvia dice: \u201cOral abisal De la mesa al cristal. De la madera al metal. Del canto colectivo Al canto introspectivo. De la carne al hueso. De la mano al infinito. Del fondo de los mares a los sue\u00f1os celestiales. De los soles y las madres a los mares abisales&#8221;<\/p>\n\n\n\n<p>Tras la celebraci\u00f3n de sus 30 a\u00f1os de carrera con un concierto m\u00edtico en el Teatro Olympia de Par\u00eds el pasado 8M y luego del estreno de su nueva obra en el Teatro Real de Madrid, el Liceu de Barcelona y el Auditorio de Girona, la artista catalana llega a Latinoam\u00e9rica para presentar Oral Abisal.<\/p>\n\n\n\n<p><em>S\u00edlvia P\u00e9rez Cruz: guitarra y voz \/ Marta Roma: violonchelo \/ Bori Albero: contrabajo Carlos Montfort: viol\u00edn.<\/em><\/p>\n\n\n\n<p>Recientemente, S\u00edlvia P\u00e9rez Cruz lanz\u00f3 dos sencillos: \u201c<a href=\"https:\/\/youtu.be\/eECP2y-IfzQ?si=jw9KqVYWMwmrfQEs\">Moreno<\/a>\u201d y \u201c<a href=\"https:\/\/youtu.be\/IGS1xw_u0qY?si=xIIVFSch8umoH65c\">L\u00edquido<\/a>\u201d, piezas que conforman parte del universo&nbsp;<em>Oral Abisal<\/em>&nbsp;que han llamado la atenci\u00f3n de la prensa musical especializada por su car\u00e1cter \u00edntimo y su interpretaci\u00f3n contenida, reforzando su reputaci\u00f3n como una de las voces m\u00e1s expresivas de la canci\u00f3n contempor\u00e1nea. Asimismo, su participaci\u00f3n en \u201cLa Rumba del Perd\u00f3n\u201d, colaboraci\u00f3n junto a Rosal\u00eda y Estrella Morente incluida en el proyecto&nbsp;<em>LUX<\/em>, ha sido destacada dentro de la cobertura internacional del \u00e1lbum como un encuentro generacional de voces fundamentales de la m\u00fasica ib\u00e9rica, subrayando la sensibilidad y el peso art\u00edstico de la intervenci\u00f3n de P\u00e9rez Cruz.<\/p>\n\n\n\n<p><strong><em>RADIOGRAF\u00cdA MUSICAL: SOBRE P\u00c9REZ CRUZ Y EL IMPACTO DE SU VOZ<\/em><\/strong><\/p>\n\n\n\n<p>El proyecto de S\u00edlvia P\u00e9rez Cruz, formado desde la tradici\u00f3n de la canci\u00f3n popular ib\u00e9rica y latinoamericana, expandido hacia el jazz, la m\u00fasica cl\u00e1sica y el flamenco, mantiene una presencia digital consolidada con alrededor de 1.4 millones de oyentes mensuales en plataformas, donde Espa\u00f1a se posiciona como su principal territorio de escucha. Sin embargo, su m\u00fasica tambi\u00e9n registra una audiencia constante en M\u00e9xico, segundo pa\u00eds con m\u00e1s n\u00famero de escuchas, seguido por Argentina y Colombia, reflejando un alcance sostenido m\u00e1s all\u00e1 del mercado local. Este comportamiento se ve reforzado por la tracci\u00f3n de su cat\u00e1logo y de colaboraciones recientes en plataformas de streaming, as\u00ed como por el lanzamiento de nuevos sencillos, como \u201cL\u00edquido\u201d, publicado el 20 de marzo y que contribuye a mantener activa su visibilidad dentro del circuito de playlists editoriales seg\u00fan acota Chartmetric.<\/p>\n\n\n\n<p>Dentro de su cosmogon\u00eda musical, se destaca el \u00e1lbum&nbsp;<em>FARSA (g\u00e9nero imposible),&nbsp;<\/em>2020<em>,<\/em>&nbsp;un proyecto integrado por trece composiciones originales concebidas en di\u00e1logo con otras disciplinas art\u00edsticas como el teatro, el cine, la danza y la poes\u00eda. Esta obra reafirma su inter\u00e9s por trasgredir las fronteras entre el lenguaje creativo y empujar la canci\u00f3n a territorios nunca vistos.<\/p>\n\n\n\n<p>A lo largo de su carrera, ha participado en m\u00faltiples proyectos y grabaciones, colaborando con artistas de gran relevancia internacional como Gino Paoli, Stefano Bollani, Llu\u00eds Homar, Roc\u00edo Molina, Jorge Drexler, Hamilton de Holanda, Toquinho, Natalia Lafourcade, Lila Downs, Liniker, Joan Manuel Serrat, Residente y Llu\u00eds Llach, entre muchos otros.<\/p>\n\n\n\n<p>La llegada de S\u00edlvia al Teatro Metrop\u00f3litan representa un encuentro con una artista \u00fanica capaz de habitar en distintos espacios y una invitaci\u00f3n a la introspecci\u00f3n, como escribe la misma P\u00e9rez Cruz: \u201c<em>De la mesa al cristal; de la madera al metal; del canto colectivo al canto introspectivo\u201d.<\/em>&nbsp;S\u00e9 parte de esto asegurando tus boletos durante la Preventa Banamex el 14 de abril o bien, en la venta general que se liberar\u00e1 un d\u00eda despu\u00e9s, el 15 de abril a trav\u00e9s de Ticketmaster o en la taquilla del inmueble.<\/p>\n\n\n\n<p><a href=\"https:\/\/www.facebook.com\/hashtag\/silviaperezcruz?__cft__[0]=AZbQARuHYm6hVEU9BBAVUmesnjO-g2vOuuuyxDV14adeYJz9eRjTccudOAeXOd3110UlqdqlQSuZLZ2CHpus8G53Ot-cdcwvamDxEQGd8iLVgyDt_oDbnmTv53bajjj7ge96g7bSMEAqu-xVdj16_-mh&amp;__tn__=*NK-R\">#silviaperezcruz<\/a><\/p>\n\n\n\n<p><a href=\"https:\/\/www.facebook.com\/hashtag\/teatrometropolitan?__cft__[0]=AZbQARuHYm6hVEU9BBAVUmesnjO-g2vOuuuyxDV14adeYJz9eRjTccudOAeXOd3110UlqdqlQSuZLZ2CHpus8G53Ot-cdcwvamDxEQGd8iLVgyDt_oDbnmTv53bajjj7ge96g7bSMEAqu-xVdj16_-mh&amp;__tn__=*NK-R\">#TeatroMetropolitan<\/a><\/p>\n\n\n\n<p><a href=\"https:\/\/www.facebook.com\/hashtag\/ocesa?__cft__[0]=AZbQARuHYm6hVEU9BBAVUmesnjO-g2vOuuuyxDV14adeYJz9eRjTccudOAeXOd3110UlqdqlQSuZLZ2CHpus8G53Ot-cdcwvamDxEQGd8iLVgyDt_oDbnmTv53bajjj7ge96g7bSMEAqu-xVdj16_-mh&amp;__tn__=*NK-R\">#OCESA<\/a><\/p>\n\n\n\n<p><a href=\"https:\/\/www.facebook.com\/hashtag\/ticketmaster?__cft__[0]=AZbQARuHYm6hVEU9BBAVUmesnjO-g2vOuuuyxDV14adeYJz9eRjTccudOAeXOd3110UlqdqlQSuZLZ2CHpus8G53Ot-cdcwvamDxEQGd8iLVgyDt_oDbnmTv53bajjj7ge96g7bSMEAqu-xVdj16_-mh&amp;__tn__=*NK-R\">#ticketmaster<\/a><\/p>\n\n\n\n<p><a href=\"https:\/\/www.facebook.com\/hashtag\/cdmx?__cft__[0]=AZbQARuHYm6hVEU9BBAVUmesnjO-g2vOuuuyxDV14adeYJz9eRjTccudOAeXOd3110UlqdqlQSuZLZ2CHpus8G53Ot-cdcwvamDxEQGd8iLVgyDt_oDbnmTv53bajjj7ge96g7bSMEAqu-xVdj16_-mh&amp;__tn__=*NK-R\">#CDMX<\/a><\/p>\n\n\n\n<p><a href=\"https:\/\/www.facebook.com\/hashtag\/bitacoracdmx?__cft__[0]=AZbQARuHYm6hVEU9BBAVUmesnjO-g2vOuuuyxDV14adeYJz9eRjTccudOAeXOd3110UlqdqlQSuZLZ2CHpus8G53Ot-cdcwvamDxEQGd8iLVgyDt_oDbnmTv53bajjj7ge96g7bSMEAqu-xVdj16_-mh&amp;__tn__=*NK-R\">#bitacoracdmx<\/a><\/p>\n","protected":false},"excerpt":{"rendered":"<p>REDACCI\u00d3N 20 de agosto \u2013 Teatro Metrop\u00f3litan Preventa Banamex: 14 de abril \u00b7 El nuevo disco&nbsp;Oral Abisal, estar\u00e1 disponible en todas las plataformas el 8 de mayo. \u00b7 Escucha sus nuevos sencillos: \u201cL\u00edquido\u201d y \u201cMoreno\u201d \u00b7 S\u00edlvia acumula 1.4 millones de oyentes mensuales en plataformas, demostrando el alcance y presencia de su voz \u00b7 Canciones en su repertorio como \u201c313\u201d o \u201cMa\u00f1ana\u201d, acumulan los 14 millones de reproducciones. La reconocida compositora y cantante S\u00edlvia P\u00e9rez Cruz llega el pr\u00f3ximo 20 de agosto al Teatro Metrop\u00f3litan, para compartir una de las propuestas musicales m\u00e1s singulares y conmovedoras de la escena contempor\u00e1nea. [&hellip;]<\/p>\n","protected":false},"author":1,"featured_media":63045,"comment_status":"closed","ping_status":"closed","sticky":false,"template":"","format":"standard","meta":{"footnotes":""},"categories":[9,11],"tags":[],"_links":{"self":[{"href":"https:\/\/www.bitacoracdmx.com\/index.php?rest_route=\/wp\/v2\/posts\/63044"}],"collection":[{"href":"https:\/\/www.bitacoracdmx.com\/index.php?rest_route=\/wp\/v2\/posts"}],"about":[{"href":"https:\/\/www.bitacoracdmx.com\/index.php?rest_route=\/wp\/v2\/types\/post"}],"author":[{"embeddable":true,"href":"https:\/\/www.bitacoracdmx.com\/index.php?rest_route=\/wp\/v2\/users\/1"}],"replies":[{"embeddable":true,"href":"https:\/\/www.bitacoracdmx.com\/index.php?rest_route=%2Fwp%2Fv2%2Fcomments&post=63044"}],"version-history":[{"count":1,"href":"https:\/\/www.bitacoracdmx.com\/index.php?rest_route=\/wp\/v2\/posts\/63044\/revisions"}],"predecessor-version":[{"id":63046,"href":"https:\/\/www.bitacoracdmx.com\/index.php?rest_route=\/wp\/v2\/posts\/63044\/revisions\/63046"}],"wp:featuredmedia":[{"embeddable":true,"href":"https:\/\/www.bitacoracdmx.com\/index.php?rest_route=\/wp\/v2\/media\/63045"}],"wp:attachment":[{"href":"https:\/\/www.bitacoracdmx.com\/index.php?rest_route=%2Fwp%2Fv2%2Fmedia&parent=63044"}],"wp:term":[{"taxonomy":"category","embeddable":true,"href":"https:\/\/www.bitacoracdmx.com\/index.php?rest_route=%2Fwp%2Fv2%2Fcategories&post=63044"},{"taxonomy":"post_tag","embeddable":true,"href":"https:\/\/www.bitacoracdmx.com\/index.php?rest_route=%2Fwp%2Fv2%2Ftags&post=63044"}],"curies":[{"name":"wp","href":"https:\/\/api.w.org\/{rel}","templated":true}]}}