{"id":63057,"date":"2026-04-29T07:42:54","date_gmt":"2026-04-29T07:42:54","guid":{"rendered":"https:\/\/www.bitacoracdmx.com\/?p=63057"},"modified":"2026-04-29T07:42:55","modified_gmt":"2026-04-29T07:42:55","slug":"los-pericos-regresan-a-mexico-para-conquistar-el-gol-de-oro","status":"publish","type":"post","link":"https:\/\/www.bitacoracdmx.com\/?p=63057","title":{"rendered":"Los Pericos regresan a M\u00e9xico para conquistar el Gol de Oro"},"content":{"rendered":"\n<p><\/p>\n\n\n\n<p>REDACCI\u00d3N<\/p>\n\n\n\n<h3 class=\"wp-block-heading\">LOS PERICOS (ARGENTINA) VS ATERCIOPELADOS (COLOMBIA)<\/h3>\n\n\n\n<h3 class=\"wp-block-heading\">3 DE JUNIO \u2013 PABELL\u00d3N OESTE<\/h3>\n\n\n\n<h3 class=\"wp-block-heading\">BOLETOS DISPONIBLES EN TICKETMASTER<\/h3>\n\n\n\n<p><strong>Los Pericos<\/strong>&nbsp;regresan a la Ciudad de M\u00e9xico en plena fiesta mundialista, con nueva m\u00fasica y con ganas de escuchar a su porra dentro del proyecto cultural&nbsp;<strong><em>Gol de Oro<\/em><\/strong>. El&nbsp;<strong>3 de junio<\/strong>&nbsp;tendr\u00e1n encuentro&nbsp;<strong>Los Pericos vs Aterciopelados<\/strong>, representando cada uno a sus pa\u00edses de origen. La banda argentina llega con el lanzamiento de&nbsp;<em>Inmortal<\/em>, su \u00e1lbum m\u00e1s reciente que incluye los sencillos \u201cInmortal\u201d ft. Sabino, \u201cSin Cadenas\u201d ft. La T y la M y \u201cSoledad\u201d.<\/p>\n\n\n\n<p>\u201cVa a ser un encuentro hermoso, sobre todo, que gane la m\u00fasica por encima de todo\u201d, mencion\u00f3 Juanchi Baleir\u00f3n, vocal y frontman de la agrupaci\u00f3n. Entre risas y nostalgia, recuerda que los mundiales que m\u00e1s los han marcado, por obvias razones, han sido las victorias de Argentina en 1978 y 1986, as\u00ed como el de Qatar. Aunque no todo es miel sobre hojuelas, los argentos tambi\u00e9n recuerdan que, durante la temporada del mundial de Brasil, despu\u00e9s de tocar en la explanada del Estadio Azteca se fueron al hotel a ver el partido contra Alemania, donde lamentablemente su selecci\u00f3n fue eliminada. \u201cAs\u00ed que tenemos lindos recuerdos de M\u00e9xico, uno de haber salido campeones all\u00e1, y otro de haber perdido una final\u201d.<\/p>\n\n\n\n<p>Algo que ha caracterizado al p\u00fablico argentino es que, tanto en el f\u00fatbol como en el rock, pasi\u00f3n es lo que se desborda. Juanchi agreg\u00f3, \u201cen Argentina se vive mucho la previa. Alrededor del estadio se re\u00fane la gente, con unas chelas a comer algo y encaramos al estadio para alentar a nuestro equipo de una forma muy apasionada. Lo mismo pasa en el rock. El p\u00fablico argentino es muy apasionado al punto t\u00e1ctico\u201d.<\/p>\n\n\n\n<p>Su enfrentamiento contra Aterciopelados viene reforzado por el lanzamiento de&nbsp;<em>Inmortal<\/em>, un \u00e1lbum con un amplio abanico de estilos, pero que principalmente, es muy Pericos. Canciones que fueron escritas pre, durante y post pandemia, hoy finalmente salieron a la luz. Fue escrito y producido en su mayor\u00eda por la misma agrupaci\u00f3n de forma colectiva en Buenos Aires, en su estudio Robledo Sound Machine. Tambi\u00e9n, cuenta con la participaci\u00f3n del tapat\u00edo Sabino, invitados como Abel Pintos y Denny Denan, y en la producci\u00f3n, Ale Sergi de Miranda!<\/p>\n\n\n\n<p><strong>Un espect\u00e1culo que une la pasi\u00f3n del futbol con el poder de la m\u00fasica<\/strong><\/p>\n\n\n\n<p>El proyecto de Gol de Oro tiene el prop\u00f3sito de unir dos de las pasiones favoritas de M\u00e9xico: el f\u00fatbol y la m\u00fasica. Contar\u00e1 con dos escenarios enfrentados en un mismo espacio, simulando una cancha, divididos en dos tiempos de 45 minutos y un cierre espectacular a trav\u00e9s del emocionante: \u201cGol de Oro\u201d. Del 2 al 9 de junio, durante ocho jornadas, se presentar\u00e1n dos artistas por noche representando a su pa\u00eds clasificado al mundial. Gol de Oro presenta un concepto que traslada la emoci\u00f3n del estadio a un escenario musical. Este formato no busca definir ganadores, busca celebrar el encuentro. Aqu\u00ed, la competencia se convierte en uni\u00f3n y la victoria se expresa en euforia, gritos y aplausos.<\/p>\n\n\n\n<p>No te pierdas a Los Pericos contra Aterciopelados.<\/p>\n\n\n\n<p><strong>CARTEL COMPLETO DE GOL DE ORO:<\/strong><\/p>\n\n\n\n<p>2 de junio: DLD (M\u00e9xico) vs Dorian (Espa\u00f1a)<\/p>\n\n\n\n<p>3 de junio: Los Pericos (Argentina) vs Aterciopelados (Colombia)<\/p>\n\n\n\n<p>4 de junio: Ximena Sari\u00f1ana (M\u00e9xico) vs Leo Rizzi (Uruguay)<\/p>\n\n\n\n<p>5 de junio: Digitalism (Alemania) vs Kinky (M\u00e9xico)<\/p>\n\n\n\n<p>6 de junio: Los Rabanes (Panam\u00e1) vs La Tremenda Korte (M\u00e9xico)<\/p>\n\n\n\n<p>7 de junio: Sonido La Changa (M\u00e9xico) vs Sistema Solar (Colombia)<\/p>\n\n\n\n<p>8 de junio: Poolside (Estados Unidos) vs Clubz (M\u00e9xico)<\/p>\n\n\n\n<p>9 de junio: Silvestre y La Naranja (Argentina) vs Natalia Lacunza (Espa\u00f1a)<\/p>\n\n\n\n<p><a href=\"https:\/\/www.facebook.com\/hashtag\/lospericos?__cft__[0]=AZbto2hdWxtddVzuDrnk2VWws5vQLQCUjOp7v-QvBsAqN2TVW7YUkpAcMKzfq5bR0xUYQVLvPWAE4RgfHo6D4Inf7HKojdl6usEk3pLU33qzViRUCEcm8RFHJMMSF-hLcl2Htiw-QEz4m8AXoMkAk8wY&amp;__tn__=*NK-R\">#LosPericos<\/a><\/p>\n\n\n\n<p><a href=\"https:\/\/www.facebook.com\/hashtag\/goldeoro?__cft__[0]=AZbto2hdWxtddVzuDrnk2VWws5vQLQCUjOp7v-QvBsAqN2TVW7YUkpAcMKzfq5bR0xUYQVLvPWAE4RgfHo6D4Inf7HKojdl6usEk3pLU33qzViRUCEcm8RFHJMMSF-hLcl2Htiw-QEz4m8AXoMkAk8wY&amp;__tn__=*NK-R\">#GolDeOro<\/a><\/p>\n\n\n\n<p><a href=\"https:\/\/www.facebook.com\/hashtag\/pabellonoeste?__cft__[0]=AZbto2hdWxtddVzuDrnk2VWws5vQLQCUjOp7v-QvBsAqN2TVW7YUkpAcMKzfq5bR0xUYQVLvPWAE4RgfHo6D4Inf7HKojdl6usEk3pLU33qzViRUCEcm8RFHJMMSF-hLcl2Htiw-QEz4m8AXoMkAk8wY&amp;__tn__=*NK-R\">#pabellonoeste<\/a><\/p>\n\n\n\n<p><a href=\"https:\/\/www.facebook.com\/hashtag\/ocesa?__cft__[0]=AZbto2hdWxtddVzuDrnk2VWws5vQLQCUjOp7v-QvBsAqN2TVW7YUkpAcMKzfq5bR0xUYQVLvPWAE4RgfHo6D4Inf7HKojdl6usEk3pLU33qzViRUCEcm8RFHJMMSF-hLcl2Htiw-QEz4m8AXoMkAk8wY&amp;__tn__=*NK-R\">#OCESA<\/a><\/p>\n\n\n\n<p><a href=\"https:\/\/www.facebook.com\/hashtag\/ticketmaster?__cft__[0]=AZbto2hdWxtddVzuDrnk2VWws5vQLQCUjOp7v-QvBsAqN2TVW7YUkpAcMKzfq5bR0xUYQVLvPWAE4RgfHo6D4Inf7HKojdl6usEk3pLU33qzViRUCEcm8RFHJMMSF-hLcl2Htiw-QEz4m8AXoMkAk8wY&amp;__tn__=*NK-R\">#ticketmaster<\/a><\/p>\n\n\n\n<p><a href=\"https:\/\/www.facebook.com\/hashtag\/cdmx?__cft__[0]=AZbto2hdWxtddVzuDrnk2VWws5vQLQCUjOp7v-QvBsAqN2TVW7YUkpAcMKzfq5bR0xUYQVLvPWAE4RgfHo6D4Inf7HKojdl6usEk3pLU33qzViRUCEcm8RFHJMMSF-hLcl2Htiw-QEz4m8AXoMkAk8wY&amp;__tn__=*NK-R\">#CDMX<\/a><\/p>\n\n\n\n<p><a href=\"https:\/\/www.facebook.com\/hashtag\/bitacoracdmx?__cft__[0]=AZbto2hdWxtddVzuDrnk2VWws5vQLQCUjOp7v-QvBsAqN2TVW7YUkpAcMKzfq5bR0xUYQVLvPWAE4RgfHo6D4Inf7HKojdl6usEk3pLU33qzViRUCEcm8RFHJMMSF-hLcl2Htiw-QEz4m8AXoMkAk8wY&amp;__tn__=*NK-R\">#bitacoracdmx<\/a><\/p>\n","protected":false},"excerpt":{"rendered":"<p>REDACCI\u00d3N LOS PERICOS (ARGENTINA) VS ATERCIOPELADOS (COLOMBIA) 3 DE JUNIO \u2013 PABELL\u00d3N OESTE BOLETOS DISPONIBLES EN TICKETMASTER Los Pericos&nbsp;regresan a la Ciudad de M\u00e9xico en plena fiesta mundialista, con nueva m\u00fasica y con ganas de escuchar a su porra dentro del proyecto cultural&nbsp;Gol de Oro. El&nbsp;3 de junio&nbsp;tendr\u00e1n encuentro&nbsp;Los Pericos vs Aterciopelados, representando cada uno a sus pa\u00edses de origen. La banda argentina llega con el lanzamiento de&nbsp;Inmortal, su \u00e1lbum m\u00e1s reciente que incluye los sencillos \u201cInmortal\u201d ft. Sabino, \u201cSin Cadenas\u201d ft. La T y la M y \u201cSoledad\u201d. \u201cVa a ser un encuentro hermoso, sobre todo, que gane la [&hellip;]<\/p>\n","protected":false},"author":1,"featured_media":63058,"comment_status":"closed","ping_status":"closed","sticky":false,"template":"","format":"standard","meta":{"footnotes":""},"categories":[9,11],"tags":[],"_links":{"self":[{"href":"https:\/\/www.bitacoracdmx.com\/index.php?rest_route=\/wp\/v2\/posts\/63057"}],"collection":[{"href":"https:\/\/www.bitacoracdmx.com\/index.php?rest_route=\/wp\/v2\/posts"}],"about":[{"href":"https:\/\/www.bitacoracdmx.com\/index.php?rest_route=\/wp\/v2\/types\/post"}],"author":[{"embeddable":true,"href":"https:\/\/www.bitacoracdmx.com\/index.php?rest_route=\/wp\/v2\/users\/1"}],"replies":[{"embeddable":true,"href":"https:\/\/www.bitacoracdmx.com\/index.php?rest_route=%2Fwp%2Fv2%2Fcomments&post=63057"}],"version-history":[{"count":1,"href":"https:\/\/www.bitacoracdmx.com\/index.php?rest_route=\/wp\/v2\/posts\/63057\/revisions"}],"predecessor-version":[{"id":63059,"href":"https:\/\/www.bitacoracdmx.com\/index.php?rest_route=\/wp\/v2\/posts\/63057\/revisions\/63059"}],"wp:featuredmedia":[{"embeddable":true,"href":"https:\/\/www.bitacoracdmx.com\/index.php?rest_route=\/wp\/v2\/media\/63058"}],"wp:attachment":[{"href":"https:\/\/www.bitacoracdmx.com\/index.php?rest_route=%2Fwp%2Fv2%2Fmedia&parent=63057"}],"wp:term":[{"taxonomy":"category","embeddable":true,"href":"https:\/\/www.bitacoracdmx.com\/index.php?rest_route=%2Fwp%2Fv2%2Fcategories&post=63057"},{"taxonomy":"post_tag","embeddable":true,"href":"https:\/\/www.bitacoracdmx.com\/index.php?rest_route=%2Fwp%2Fv2%2Ftags&post=63057"}],"curies":[{"name":"wp","href":"https:\/\/api.w.org\/{rel}","templated":true}]}}