{"id":63060,"date":"2026-04-29T07:58:23","date_gmt":"2026-04-29T07:58:23","guid":{"rendered":"https:\/\/www.bitacoracdmx.com\/?p=63060"},"modified":"2026-04-29T07:58:25","modified_gmt":"2026-04-29T07:58:25","slug":"javier-corcobado-se-encuentra-listo-para-su-presentacion-en-el-teatro-metropolitan","status":"publish","type":"post","link":"https:\/\/www.bitacoracdmx.com\/?p=63060","title":{"rendered":"Javier Corcobado se encuentra listo para su presentaci\u00f3n en el Teatro Metropolitan"},"content":{"rendered":"\n<p><\/p>\n\n\n\n<p>Por: Cristy Padr\u00f3n<\/p>\n\n\n\n<p>Fotos: Mary Miranda<\/p>\n\n\n\n<p>El cantautor espa\u00f1ol Javier Corcobado se reuni\u00f3 con medios de comunicaci\u00f3n en una \u00edntima y reveladora rueda de prensa, donde confirm\u00f3 su esperada presentaci\u00f3n este pr\u00f3ximo 30 de abril en el Teatro Metrop\u00f3litan, uno de los recintos m\u00e1s emblem\u00e1ticos de la capital.<\/p>\n\n\n\n<p>En esta ocasi\u00f3n especial, el artista celebrar\u00e1 40 a\u00f1os de trayectoria, consolidando una carrera marcada por la experimentaci\u00f3n sonora, la poes\u00eda oscura y una profunda conexi\u00f3n con el p\u00fablico. Corcobado destac\u00f3 que este concierto no solo ser\u00e1 una presentaci\u00f3n m\u00e1s, sino un recorrido emocional por cuatro d\u00e9cadas de m\u00fasica, historias y evoluci\u00f3n art\u00edstica.<\/p>\n\n\n\n<figure class=\"wp-block-image size-large is-resized\"><img loading=\"lazy\" decoding=\"async\" width=\"768\" height=\"1024\" src=\"https:\/\/www.bitacoracdmx.com\/wp-content\/uploads\/2026\/04\/WhatsApp-Image-2026-04-28-at-12.46.15-PM-768x1024.jpeg\" alt=\"\" class=\"wp-image-63062\" style=\"width:850px;height:auto\"\/><\/figure>\n\n\n\n<p>Durante el encuentro, comparti\u00f3 detalles del espect\u00e1culo que ofrecer\u00e1 al p\u00fablico mexicano, el cual promete ser una velada cargada de intensidad, nostalgia y una atm\u00f3sfera \u00edntima. Adelant\u00f3 que interpretar\u00e1 tanto sus temas m\u00e1s representativos como nuevas composiciones, logrando un balance entre pasado y presente que refleja su constante reinvenci\u00f3n.<\/p>\n\n\n\n<p>Uno de los momentos m\u00e1s destacados de la conferencia fue la presentaci\u00f3n de su m\u00e1s reciente material discogr\u00e1fico titulado \u201cSolitud y soledad\u201d, una obra que reafirma su estilo introspectivo y melanc\u00f3lico, explorando las emociones humanas desde una perspectiva cruda y honesta. Este nuevo disco llega como parte fundamental de esta etapa conmemorativa en su carrera.<\/p>\n\n\n\n<figure class=\"wp-block-image size-large is-resized\"><img loading=\"lazy\" decoding=\"async\" width=\"768\" height=\"1024\" src=\"https:\/\/www.bitacoracdmx.com\/wp-content\/uploads\/2026\/04\/WhatsApp-Image-2026-04-28-at-1.15.12-PM-768x1024.jpeg\" alt=\"\" class=\"wp-image-63063\" style=\"width:850px;height:auto\"\/><\/figure>\n\n\n\n<p>Adem\u00e1s, el m\u00fasico anunci\u00f3 su incursi\u00f3n en la literatura con su libro \u201cCanci\u00f3n de amor de un d\u00eda\u201d, una propuesta que ampl\u00eda su universo creativo m\u00e1s all\u00e1 de la m\u00fasica. En esta obra, Corcobado aborda temas como el amor, la fugacidad del tiempo y la intensidad de los sentimientos, consolidando tambi\u00e9n su faceta como escritor.<\/p>\n\n\n\n<p>Con una trayectoria que lo ha posicionado como una figura de culto dentro del rock en espa\u00f1ol, Javier Corcobado expres\u00f3 su agradecimiento al p\u00fablico mexicano, resaltando la conexi\u00f3n especial que mantiene con sus seguidores en el pa\u00eds, quienes han sido pieza clave en estos 40 a\u00f1os de carrera.<\/p>\n\n\n\n<figure class=\"wp-block-image size-large is-resized\"><img loading=\"lazy\" decoding=\"async\" width=\"768\" height=\"1024\" src=\"https:\/\/www.bitacoracdmx.com\/wp-content\/uploads\/2026\/04\/WhatsApp-Image-2026-04-28-at-1.15.18-PM-768x1024.jpeg\" alt=\"\" class=\"wp-image-63064\" style=\"width:850px;height:auto\"\/><\/figure>\n\n\n\n<p>La cita del 30 de abril en el Teatro Metrop\u00f3litan se perfila como una noche imperdible, donde la m\u00fasica, la poes\u00eda y la celebraci\u00f3n de cuatro d\u00e9cadas de historia art\u00edstica se fusionar\u00e1n en un espect\u00e1culo \u00fanico.<\/p>\n\n\n\n<p><a href=\"https:\/\/www.facebook.com\/hashtag\/javiercorcobado?__cft__[0]=AZZAOs1XH0M5HKgm13V359aO0Wpd3dCij_pxQ5jm9bHtKfmycsO4jz-stwplEXxbkKTHL7c-5A8QOxGyB6BoXzNYhdz9kZd499oOd7fADQfJw2TLdmyL-xjKwlD1kUwgt-mc9E6wbo_Zf07BhrJsQbke&amp;__tn__=*NK-R\">#javiercorcobado<\/a><\/p>\n\n\n\n<p><a href=\"https:\/\/www.facebook.com\/hashtag\/40a%C3%B1osdetrayectoria?__cft__[0]=AZZAOs1XH0M5HKgm13V359aO0Wpd3dCij_pxQ5jm9bHtKfmycsO4jz-stwplEXxbkKTHL7c-5A8QOxGyB6BoXzNYhdz9kZd499oOd7fADQfJw2TLdmyL-xjKwlD1kUwgt-mc9E6wbo_Zf07BhrJsQbke&amp;__tn__=*NK-R\">#40A\u00f1osDeTrayectoria<\/a><\/p>\n\n\n\n<p><a href=\"https:\/\/www.facebook.com\/hashtag\/solitud?__cft__[0]=AZZAOs1XH0M5HKgm13V359aO0Wpd3dCij_pxQ5jm9bHtKfmycsO4jz-stwplEXxbkKTHL7c-5A8QOxGyB6BoXzNYhdz9kZd499oOd7fADQfJw2TLdmyL-xjKwlD1kUwgt-mc9E6wbo_Zf07BhrJsQbke&amp;__tn__=*NK-R\">#solitud<\/a><\/p>\n\n\n\n<p><a href=\"https:\/\/www.facebook.com\/hashtag\/canci%C3%B3ndeamordeund%C3%ADa?__cft__[0]=AZZAOs1XH0M5HKgm13V359aO0Wpd3dCij_pxQ5jm9bHtKfmycsO4jz-stwplEXxbkKTHL7c-5A8QOxGyB6BoXzNYhdz9kZd499oOd7fADQfJw2TLdmyL-xjKwlD1kUwgt-mc9E6wbo_Zf07BhrJsQbke&amp;__tn__=*NK-R\">#canci\u00f3ndeamordeund\u00eda<\/a><\/p>\n\n\n\n<p><a href=\"https:\/\/www.facebook.com\/hashtag\/teatrometrop%C3%B3litan?__cft__[0]=AZZAOs1XH0M5HKgm13V359aO0Wpd3dCij_pxQ5jm9bHtKfmycsO4jz-stwplEXxbkKTHL7c-5A8QOxGyB6BoXzNYhdz9kZd499oOd7fADQfJw2TLdmyL-xjKwlD1kUwgt-mc9E6wbo_Zf07BhrJsQbke&amp;__tn__=*NK-R\">#TeatroMetrop\u00f3litan<\/a><\/p>\n\n\n\n<p><a href=\"https:\/\/www.facebook.com\/hashtag\/cdmx?__cft__[0]=AZZAOs1XH0M5HKgm13V359aO0Wpd3dCij_pxQ5jm9bHtKfmycsO4jz-stwplEXxbkKTHL7c-5A8QOxGyB6BoXzNYhdz9kZd499oOd7fADQfJw2TLdmyL-xjKwlD1kUwgt-mc9E6wbo_Zf07BhrJsQbke&amp;__tn__=*NK-R\">#CDMX<\/a><\/p>\n\n\n\n<p><a href=\"https:\/\/www.facebook.com\/hashtag\/rockalternativo?__cft__[0]=AZZAOs1XH0M5HKgm13V359aO0Wpd3dCij_pxQ5jm9bHtKfmycsO4jz-stwplEXxbkKTHL7c-5A8QOxGyB6BoXzNYhdz9kZd499oOd7fADQfJw2TLdmyL-xjKwlD1kUwgt-mc9E6wbo_Zf07BhrJsQbke&amp;__tn__=*NK-R\">#rockalternativo<\/a><\/p>\n\n\n\n<p><a href=\"https:\/\/www.facebook.com\/hashtag\/m%C3%BAsicaenvivo?__cft__[0]=AZZAOs1XH0M5HKgm13V359aO0Wpd3dCij_pxQ5jm9bHtKfmycsO4jz-stwplEXxbkKTHL7c-5A8QOxGyB6BoXzNYhdz9kZd499oOd7fADQfJw2TLdmyL-xjKwlD1kUwgt-mc9E6wbo_Zf07BhrJsQbke&amp;__tn__=*NK-R\">#M\u00fasicaEnVivo<\/a><\/p>\n\n\n\n<p><a href=\"https:\/\/www.facebook.com\/hashtag\/conciertos2026?__cft__[0]=AZZAOs1XH0M5HKgm13V359aO0Wpd3dCij_pxQ5jm9bHtKfmycsO4jz-stwplEXxbkKTHL7c-5A8QOxGyB6BoXzNYhdz9kZd499oOd7fADQfJw2TLdmyL-xjKwlD1kUwgt-mc9E6wbo_Zf07BhrJsQbke&amp;__tn__=*NK-R\">#Conciertos2026<\/a><\/p>\n\n\n\n<p><a href=\"https:\/\/www.facebook.com\/hashtag\/escenaindependiente?__cft__[0]=AZZAOs1XH0M5HKgm13V359aO0Wpd3dCij_pxQ5jm9bHtKfmycsO4jz-stwplEXxbkKTHL7c-5A8QOxGyB6BoXzNYhdz9kZd499oOd7fADQfJw2TLdmyL-xjKwlD1kUwgt-mc9E6wbo_Zf07BhrJsQbke&amp;__tn__=*NK-R\">#EscenaIndependiente<\/a><\/p>\n\n\n\n<p><a href=\"https:\/\/www.facebook.com\/hashtag\/arteymusica?__cft__[0]=AZZAOs1XH0M5HKgm13V359aO0Wpd3dCij_pxQ5jm9bHtKfmycsO4jz-stwplEXxbkKTHL7c-5A8QOxGyB6BoXzNYhdz9kZd499oOd7fADQfJw2TLdmyL-xjKwlD1kUwgt-mc9E6wbo_Zf07BhrJsQbke&amp;__tn__=*NK-R\">#arteymusica<\/a><\/p>\n\n\n\n<p><a href=\"https:\/\/www.facebook.com\/hashtag\/ocesa?__cft__[0]=AZZAOs1XH0M5HKgm13V359aO0Wpd3dCij_pxQ5jm9bHtKfmycsO4jz-stwplEXxbkKTHL7c-5A8QOxGyB6BoXzNYhdz9kZd499oOd7fADQfJw2TLdmyL-xjKwlD1kUwgt-mc9E6wbo_Zf07BhrJsQbke&amp;__tn__=*NK-R\">#OCESA<\/a><\/p>\n\n\n\n<p><a href=\"https:\/\/www.facebook.com\/hashtag\/ticketmaster?__cft__[0]=AZZAOs1XH0M5HKgm13V359aO0Wpd3dCij_pxQ5jm9bHtKfmycsO4jz-stwplEXxbkKTHL7c-5A8QOxGyB6BoXzNYhdz9kZd499oOd7fADQfJw2TLdmyL-xjKwlD1kUwgt-mc9E6wbo_Zf07BhrJsQbke&amp;__tn__=*NK-R\">#ticketmaster<\/a><\/p>\n\n\n\n<p><a href=\"https:\/\/www.facebook.com\/hashtag\/bitacoracdmx?__cft__[0]=AZZAOs1XH0M5HKgm13V359aO0Wpd3dCij_pxQ5jm9bHtKfmycsO4jz-stwplEXxbkKTHL7c-5A8QOxGyB6BoXzNYhdz9kZd499oOd7fADQfJw2TLdmyL-xjKwlD1kUwgt-mc9E6wbo_Zf07BhrJsQbke&amp;__tn__=*NK-R\">#bitacoracdmx<\/a><\/p>\n","protected":false},"excerpt":{"rendered":"<p>Por: Cristy Padr\u00f3n Fotos: Mary Miranda El cantautor espa\u00f1ol Javier Corcobado se reuni\u00f3 con medios de comunicaci\u00f3n en una \u00edntima y reveladora rueda de prensa, donde confirm\u00f3 su esperada presentaci\u00f3n este pr\u00f3ximo 30 de abril en el Teatro Metrop\u00f3litan, uno de los recintos m\u00e1s emblem\u00e1ticos de la capital. En esta ocasi\u00f3n especial, el artista celebrar\u00e1 40 a\u00f1os de trayectoria, consolidando una carrera marcada por la experimentaci\u00f3n sonora, la poes\u00eda oscura y una profunda conexi\u00f3n con el p\u00fablico. Corcobado destac\u00f3 que este concierto no solo ser\u00e1 una presentaci\u00f3n m\u00e1s, sino un recorrido emocional por cuatro d\u00e9cadas de m\u00fasica, historias y evoluci\u00f3n [&hellip;]<\/p>\n","protected":false},"author":1,"featured_media":63061,"comment_status":"closed","ping_status":"closed","sticky":false,"template":"","format":"standard","meta":{"footnotes":""},"categories":[9,11],"tags":[],"_links":{"self":[{"href":"https:\/\/www.bitacoracdmx.com\/index.php?rest_route=\/wp\/v2\/posts\/63060"}],"collection":[{"href":"https:\/\/www.bitacoracdmx.com\/index.php?rest_route=\/wp\/v2\/posts"}],"about":[{"href":"https:\/\/www.bitacoracdmx.com\/index.php?rest_route=\/wp\/v2\/types\/post"}],"author":[{"embeddable":true,"href":"https:\/\/www.bitacoracdmx.com\/index.php?rest_route=\/wp\/v2\/users\/1"}],"replies":[{"embeddable":true,"href":"https:\/\/www.bitacoracdmx.com\/index.php?rest_route=%2Fwp%2Fv2%2Fcomments&post=63060"}],"version-history":[{"count":1,"href":"https:\/\/www.bitacoracdmx.com\/index.php?rest_route=\/wp\/v2\/posts\/63060\/revisions"}],"predecessor-version":[{"id":63065,"href":"https:\/\/www.bitacoracdmx.com\/index.php?rest_route=\/wp\/v2\/posts\/63060\/revisions\/63065"}],"wp:featuredmedia":[{"embeddable":true,"href":"https:\/\/www.bitacoracdmx.com\/index.php?rest_route=\/wp\/v2\/media\/63061"}],"wp:attachment":[{"href":"https:\/\/www.bitacoracdmx.com\/index.php?rest_route=%2Fwp%2Fv2%2Fmedia&parent=63060"}],"wp:term":[{"taxonomy":"category","embeddable":true,"href":"https:\/\/www.bitacoracdmx.com\/index.php?rest_route=%2Fwp%2Fv2%2Fcategories&post=63060"},{"taxonomy":"post_tag","embeddable":true,"href":"https:\/\/www.bitacoracdmx.com\/index.php?rest_route=%2Fwp%2Fv2%2Ftags&post=63060"}],"curies":[{"name":"wp","href":"https:\/\/api.w.org\/{rel}","templated":true}]}}