{"id":63077,"date":"2026-04-30T03:58:21","date_gmt":"2026-04-30T03:58:21","guid":{"rendered":"https:\/\/www.bitacoracdmx.com\/?p=63077"},"modified":"2026-04-30T03:58:24","modified_gmt":"2026-04-30T03:58:24","slug":"steelers-nation-mexico-vibra-en-cdmx-con-la-visita-de-carnell-lake-y-kendrell-bell-durante-el-nfl-draft","status":"publish","type":"post","link":"https:\/\/www.bitacoracdmx.com\/?p=63077","title":{"rendered":"STEELERS NATION M\u00c9XICO vibra en CDMX con la visita de CARNELL LAKE y KENDRELL BELL durante el NFL DRAFT"},"content":{"rendered":"\n<p><\/p>\n\n\n\n<p>REDACCI\u00d3N<\/p>\n\n\n\n<p><p style=\"color: rgb(36, 36, 36); white-space: normal; text-align: justify; margin: 0cm; font-size: 11pt; font-family: Calibri, sans-serif;\"><span data-olk-copy-source=\"MessageBody\" style=\"border: 0px; font-style: inherit; font-variant: inherit; font-weight: inherit; font-stretch: inherit; font-size: 14pt; line-height: inherit; font-family: Arial, sans-serif; font-optical-sizing: inherit; font-size-adjust: inherit; font-kerning: inherit; font-feature-settings: inherit; font-variation-settings: inherit; font-language-override: inherit; margin: 0px; padding: 0px; vertical-align: baseline; color: inherit;\">La pasi\u00f3n de la afici\u00f3n mexicana por los Pittsburgh Steelers volvi\u00f3 a hacerse visible en la Ciudad de M\u00e9xico durante una celebraci\u00f3n especial del NFL Draft que reuni\u00f3 a seguidores del equipo en una noche marcada por la cercan\u00eda entre leyendas de la franquicia y el p\u00fablico local. Mientras en la ciudad de Pittsburgh el proceso de selecci\u00f3n de talentos de la liga romp\u00eda r\u00e9cord hist\u00f3rico de asistencia con m\u00e1s de 805 mil personas congregadas, en la capital mexicana el entusiasmo se traslad\u00f3 al Foro Indie Rocks!, recinto que registr\u00f3 lleno total que acudieron para vivir la experiencia acerera de manera directa.<\/span><\/p><p style=\"color: rgb(36, 36, 36); white-space: normal; text-align: justify; margin: 0cm; font-size: 11pt; font-family: Calibri, sans-serif;\"><span style=\"border: 0px; font-style: inherit; font-variant: inherit; font-weight: inherit; font-stretch: inherit; font-size: 14pt; line-height: inherit; font-family: Arial, sans-serif; font-optical-sizing: inherit; font-size-adjust: inherit; font-kerning: inherit; font-feature-settings: inherit; font-variation-settings: inherit; font-language-override: inherit; margin: 0px; padding: 0px; vertical-align: baseline; color: inherit;\">\u00a0<\/span><\/p><p style=\"color: rgb(36, 36, 36); white-space: normal; text-align: justify; margin: 0cm; font-size: 11pt; font-family: Calibri, sans-serif;\"><span style=\"border: 0px; font-style: inherit; font-variant: inherit; font-weight: inherit; font-stretch: inherit; font-size: 14pt; line-height: inherit; font-family: Arial, sans-serif; font-optical-sizing: inherit; font-size-adjust: inherit; font-kerning: inherit; font-feature-settings: inherit; font-variation-settings: inherit; font-language-override: inherit; margin: 0px; padding: 0px; vertical-align: baseline; color: inherit;\">El encuentro tuvo como invitados centrales a dos figuras emblem\u00e1ticas de la historia del equipo: Carnell Lake y Kendrell Bell, quienes viajaron a M\u00e9xico para compartir con la comunidad de seguidores del equipo. Durante la velada ambos exjugadores conversaron con el p\u00fablico sobre sus a\u00f1os dentro de la franquicia, recordaron momentos clave de su carrera y, sobre todo, dedicaron tiempo a convivir con los asistentes en una sesi\u00f3n de aut\u00f3grafos que se convirti\u00f3 en uno de los momentos m\u00e1s celebrados de la jornada.<\/span><\/p><p style=\"color: rgb(36, 36, 36); white-space: normal; text-align: justify; margin: 0cm; font-size: 11pt; font-family: Calibri, sans-serif;\"><span style=\"border: 0px; font-style: inherit; font-variant: inherit; font-weight: inherit; font-stretch: inherit; font-size: 14pt; line-height: inherit; font-family: Arial, sans-serif; font-optical-sizing: inherit; font-size-adjust: inherit; font-kerning: inherit; font-feature-settings: inherit; font-variation-settings: inherit; font-language-override: inherit; margin: 0px; padding: 0px; vertical-align: baseline; color: inherit;\">\u00a0<\/span><\/p><p style=\"color: rgb(36, 36, 36); white-space: normal; text-align: justify; margin: 0cm; font-size: 11pt; font-family: Calibri, sans-serif;\"><span style=\"border: 0px; font-style: inherit; font-variant: inherit; font-weight: inherit; font-stretch: inherit; font-size: 14pt; line-height: inherit; font-family: Arial, sans-serif; font-optical-sizing: inherit; font-size-adjust: inherit; font-kerning: inherit; font-feature-settings: inherit; font-variation-settings: inherit; font-language-override: inherit; margin: 0px; padding: 0px; vertical-align: baseline; color: inherit;\">El entusiasmo de los aficionados mexicanos qued\u00f3 patente en los peque\u00f1os gestos que definieron el ambiente del evento. Entre camisetas hist\u00f3ricas, cascos de colecci\u00f3n y art\u00edculos oficiales del equipo, algunos seguidores incluso pidieron a las leyendas firmar directamente sobre sus brazos, una solicitud que Lake y Bell aceptaron entre risas y complicidad, sellando as\u00ed un recuerdo imborrable para quienes integran la llamada \u201cSteelers Nation M\u00e9xico\u201d.<\/span><\/p><p style=\"color: rgb(36, 36, 36); white-space: normal; text-align: justify; margin: 0cm; font-size: 11pt; font-family: Calibri, sans-serif;\"><span style=\"border: 0px; font-style: inherit; font-variant: inherit; font-weight: inherit; font-stretch: inherit; font-size: 14pt; line-height: inherit; font-family: Arial, sans-serif; font-optical-sizing: inherit; font-size-adjust: inherit; font-kerning: inherit; font-feature-settings: inherit; font-variation-settings: inherit; font-language-override: inherit; margin: 0px; padding: 0px; vertical-align: baseline; color: inherit;\">\u00a0<\/span><\/p><p style=\"color: rgb(36, 36, 36); white-space: normal; text-align: justify; margin: 0cm; font-size: 11pt; font-family: Calibri, sans-serif;\"><span style=\"border: 0px; font-style: inherit; font-variant: inherit; font-weight: inherit; font-stretch: inherit; font-size: 14pt; line-height: inherit; font-family: Arial, sans-serif; font-optical-sizing: inherit; font-size-adjust: inherit; font-kerning: inherit; font-feature-settings: inherit; font-variation-settings: inherit; font-language-override: inherit; margin: 0px; padding: 0px; vertical-align: baseline; color: inherit;\">La celebraci\u00f3n tambi\u00e9n mantuvo un v\u00ednculo permanente con lo que ocurr\u00eda en territorio estadounidense. A trav\u00e9s de una pantalla gigante instalada en el recinto, los asistentes siguieron en tiempo real el desarrollo del Draft, incluida la noticia de la asistencia r\u00e9cord registrada en Pittsburgh. La conducci\u00f3n del encuentro estuvo a cargo de Esteban Mac\u00edas y Poncho Vera, quienes guiaron la transmisi\u00f3n hasta uno de los momentos m\u00e1s esperados de la noche: el anuncio de la selecci\u00f3n n\u00famero 21 del equipo, cuando la organizaci\u00f3n confirm\u00f3 la incorporaci\u00f3n del liniero ofensivo Max Iheanachor, elecci\u00f3n que fue comentada en vivo por las leyendas presentes en la capital mexicana.<\/span><\/p><p style=\"color: rgb(36, 36, 36); white-space: normal; text-align: justify; margin: 0cm; font-size: 11pt; font-family: Calibri, sans-serif;\"><span style=\"border: 0px; font-style: inherit; font-variant: inherit; font-weight: inherit; font-stretch: inherit; font-size: 14pt; line-height: inherit; font-family: Arial, sans-serif; font-optical-sizing: inherit; font-size-adjust: inherit; font-kerning: inherit; font-feature-settings: inherit; font-variation-settings: inherit; font-language-override: inherit; margin: 0px; padding: 0px; vertical-align: baseline; color: inherit;\">\u00a0<\/span><\/p><p align=\"center\" style=\"color: rgb(36, 36, 36); white-space: normal; text-align: center; margin: 0cm; font-size: 11pt; font-family: Calibri, sans-serif;\"><\/p><span style=\"color: inherit; font-family: Arial, sans-serif; font-size: 14pt; font-style: inherit; font-variant-ligatures: inherit; font-variant-caps: inherit; font-weight: inherit; text-align: justify; white-space: normal;\">La jornada concluy\u00f3 con un cierre festivo que mezcl\u00f3 deporte e identidad cultural. La m\u00fasica en vivo de la banda Monitor, un set del DJ Erick Trujillo y la aparici\u00f3n de un mariachi vestido con los colores negro y amarillo reforzaron el car\u00e1cter simb\u00f3lico de la noche: una demostraci\u00f3n de que la relaci\u00f3n entre los Steelers y M\u00e9xico se ha convertido en una de las m\u00e1s s\u00f3lidas fuera de Estados Unidos, consolidando al pa\u00eds como uno de los territorios m\u00e1s apasionados dentro de la comunidad global del equipo.\u00a0\u00a0<\/span><\/p>\n\n\n\n<p><a href=\"https:\/\/www.facebook.com\/hashtag\/steelersnationmexico?__cft__[0]=AZY35tJz0hRpwLZzeGKGYT7tBHdiwL2TVMsVu9K5KIvRkrLt2QV1a-s9N308P46ew3QmcdjVMPMiOnMKBl0u77g6FnvL_a0HmYm75nkvLyd2WY_KuzrQAas8fc63m8rHzGqlq7f1J2LZvu1wIbQUd9Ol&amp;__tn__=*NK-R\">#SteelersNationMexico<\/a><\/p>\n\n\n\n<p><a href=\"https:\/\/www.facebook.com\/hashtag\/carnelllake?__cft__[0]=AZY35tJz0hRpwLZzeGKGYT7tBHdiwL2TVMsVu9K5KIvRkrLt2QV1a-s9N308P46ew3QmcdjVMPMiOnMKBl0u77g6FnvL_a0HmYm75nkvLyd2WY_KuzrQAas8fc63m8rHzGqlq7f1J2LZvu1wIbQUd9Ol&amp;__tn__=*NK-R\">#carnelllake<\/a><\/p>\n\n\n\n<p><a href=\"https:\/\/www.facebook.com\/hashtag\/kendrellbell?__cft__[0]=AZY35tJz0hRpwLZzeGKGYT7tBHdiwL2TVMsVu9K5KIvRkrLt2QV1a-s9N308P46ew3QmcdjVMPMiOnMKBl0u77g6FnvL_a0HmYm75nkvLyd2WY_KuzrQAas8fc63m8rHzGqlq7f1J2LZvu1wIbQUd9Ol&amp;__tn__=*NK-R\">#kendrellbell<\/a><\/p>\n\n\n\n<p><a href=\"https:\/\/www.facebook.com\/topic\/National-Football-League\/109534629072857?source=whr&amp;__cft__[0]=AZY35tJz0hRpwLZzeGKGYT7tBHdiwL2TVMsVu9K5KIvRkrLt2QV1a-s9N308P46ew3QmcdjVMPMiOnMKBl0u77g6FnvL_a0HmYm75nkvLyd2WY_KuzrQAas8fc63m8rHzGqlq7f1J2LZvu1wIbQUd9Ol&amp;__tn__=*NK-R\">#NFLDraft<\/a><\/p>\n\n\n\n<p><a href=\"https:\/\/www.facebook.com\/hashtag\/nfl?__cft__[0]=AZY35tJz0hRpwLZzeGKGYT7tBHdiwL2TVMsVu9K5KIvRkrLt2QV1a-s9N308P46ew3QmcdjVMPMiOnMKBl0u77g6FnvL_a0HmYm75nkvLyd2WY_KuzrQAas8fc63m8rHzGqlq7f1J2LZvu1wIbQUd9Ol&amp;__tn__=*NK-R\">#NFL<\/a><\/p>\n\n\n\n<p><a href=\"https:\/\/www.facebook.com\/hashtag\/cdmx?__cft__[0]=AZY35tJz0hRpwLZzeGKGYT7tBHdiwL2TVMsVu9K5KIvRkrLt2QV1a-s9N308P46ew3QmcdjVMPMiOnMKBl0u77g6FnvL_a0HmYm75nkvLyd2WY_KuzrQAas8fc63m8rHzGqlq7f1J2LZvu1wIbQUd9Ol&amp;__tn__=*NK-R\">#CDMX<\/a><\/p>\n\n\n\n<p><a href=\"https:\/\/www.facebook.com\/hashtag\/bitacoracdmx?__cft__[0]=AZY35tJz0hRpwLZzeGKGYT7tBHdiwL2TVMsVu9K5KIvRkrLt2QV1a-s9N308P46ew3QmcdjVMPMiOnMKBl0u77g6FnvL_a0HmYm75nkvLyd2WY_KuzrQAas8fc63m8rHzGqlq7f1J2LZvu1wIbQUd9Ol&amp;__tn__=*NK-R\">#bitacoracdmx<\/a><\/p>\n","protected":false},"excerpt":{"rendered":"<p>REDACCI\u00d3N La pasi\u00f3n de la afici\u00f3n mexicana por los Pittsburgh Steelers volvi\u00f3 a hacerse visible en la Ciudad de M\u00e9xico durante una celebraci\u00f3n especial del NFL Draft que reuni\u00f3 a seguidores del equipo en una noche marcada por la cercan\u00eda entre leyendas de la franquicia y el p\u00fablico local. Mientras en la ciudad de Pittsburgh el proceso de selecci\u00f3n de talentos de la liga romp\u00eda r\u00e9cord hist\u00f3rico de asistencia con m\u00e1s de 805 mil personas congregadas, en la capital mexicana el entusiasmo se traslad\u00f3 al Foro Indie Rocks!, recinto que registr\u00f3 lleno total que acudieron para vivir la experiencia acerera [&hellip;]<\/p>\n","protected":false},"author":1,"featured_media":63078,"comment_status":"closed","ping_status":"closed","sticky":false,"template":"","format":"standard","meta":{"footnotes":""},"categories":[6,9],"tags":[],"_links":{"self":[{"href":"https:\/\/www.bitacoracdmx.com\/index.php?rest_route=\/wp\/v2\/posts\/63077"}],"collection":[{"href":"https:\/\/www.bitacoracdmx.com\/index.php?rest_route=\/wp\/v2\/posts"}],"about":[{"href":"https:\/\/www.bitacoracdmx.com\/index.php?rest_route=\/wp\/v2\/types\/post"}],"author":[{"embeddable":true,"href":"https:\/\/www.bitacoracdmx.com\/index.php?rest_route=\/wp\/v2\/users\/1"}],"replies":[{"embeddable":true,"href":"https:\/\/www.bitacoracdmx.com\/index.php?rest_route=%2Fwp%2Fv2%2Fcomments&post=63077"}],"version-history":[{"count":1,"href":"https:\/\/www.bitacoracdmx.com\/index.php?rest_route=\/wp\/v2\/posts\/63077\/revisions"}],"predecessor-version":[{"id":63079,"href":"https:\/\/www.bitacoracdmx.com\/index.php?rest_route=\/wp\/v2\/posts\/63077\/revisions\/63079"}],"wp:featuredmedia":[{"embeddable":true,"href":"https:\/\/www.bitacoracdmx.com\/index.php?rest_route=\/wp\/v2\/media\/63078"}],"wp:attachment":[{"href":"https:\/\/www.bitacoracdmx.com\/index.php?rest_route=%2Fwp%2Fv2%2Fmedia&parent=63077"}],"wp:term":[{"taxonomy":"category","embeddable":true,"href":"https:\/\/www.bitacoracdmx.com\/index.php?rest_route=%2Fwp%2Fv2%2Fcategories&post=63077"},{"taxonomy":"post_tag","embeddable":true,"href":"https:\/\/www.bitacoracdmx.com\/index.php?rest_route=%2Fwp%2Fv2%2Ftags&post=63077"}],"curies":[{"name":"wp","href":"https:\/\/api.w.org\/{rel}","templated":true}]}}