{"id":63084,"date":"2026-04-30T04:52:20","date_gmt":"2026-04-30T04:52:20","guid":{"rendered":"https:\/\/www.bitacoracdmx.com\/?p=63084"},"modified":"2026-04-30T04:52:22","modified_gmt":"2026-04-30T04:52:22","slug":"una-de-las-voces-mas-emblematicas-de-la-cancion-autor-en-espanol-rosana-confirma-su-visita-a-cuatro-ciudades-de-mexico","status":"publish","type":"post","link":"https:\/\/www.bitacoracdmx.com\/?p=63084","title":{"rendered":"Una de las voces m\u00e1s emblem\u00e1ticas de la canci\u00f3n autor en espa\u00f1ol, Rosana, confirma su visita a cuatro ciudades de M\u00e9xico"},"content":{"rendered":"\n<p><\/p>\n\n\n\n<p>REDACCI\u00d3N<\/p>\n\n\n\n<h3 class=\"wp-block-heading\">Preventa Banamex: 4 de mayo<\/h3>\n\n\n\n<h3 class=\"wp-block-heading\">Venta general: 5 de mayo<\/h3>\n\n\n\n<p>\u00b7 Tras 30 a\u00f1os de m\u00fasica, Rosana abre su historia en el docuserie&nbsp;<em>\u00a1Mejor Vivir Sin Miedo!<\/em><\/p>\n\n\n\n<p>\u00b7 Escucha su \u00faltimo sencillo \u201c<a href=\"https:\/\/www.youtube.com\/watch?v=RmXGrgudPIs\">Imagina<\/a>\u201d en colaboraci\u00f3n con Chambao y Ana Tijoux.<\/p>\n\n\n\n<p>\u00b7 Canciones como \u201cSi T\u00fa No Est\u00e1s\u201d o \u201cA Fuego Lento\u201d, acumulan 183 millones y 167 millones de reproducciones, respectivamente.<\/p>\n\n\n\n<p>La m\u00fasica en espa\u00f1ol recibe a una de sus creadoras m\u00e1s influyentes:&nbsp;<strong>Rosana<\/strong>, cantautora espa\u00f1ola multipremiada y referente indiscutible de la canci\u00f3n de autor contempor\u00e1nea, confirma gira por M\u00e9xico con cuatro fechas, un pa\u00eds que ha acompa\u00f1ado y abrazado su legado art\u00edstico a lo largo de casi tres d\u00e9cadas.<\/p>\n\n\n\n<p>\u00b7&nbsp;<strong>4 de&nbsp;octubre &#8211; Auditorio GNP Seguros, PUE<\/strong><\/p>\n\n\n\n<p>\u00b7&nbsp;<strong>6 de octubre &#8211; Auditorio Nacional, CDMX<\/strong><\/p>\n\n\n\n<p>\u00b7&nbsp;<strong>8 de octubre &#8211; Escenario GNP Seguros, MTY<\/strong><\/p>\n\n\n\n<p>\u00b7&nbsp;<strong>9 de octubre &#8211; Teatro Diana, GDL<\/strong><\/p>\n\n\n\n<p>Rosana Arbelo, es una de las voces m\u00e1s reconocidas de la m\u00fasica en espa\u00f1ol. Con nueve \u00e1lbumes publicados, desde el lanzamiento de su primer disco en 1996 (<em>Lunas Rotas<\/em>) ha construido una s\u00f3lida trayectoria avalada por m\u00e1s de 1 bill\u00f3n de descargas y 15 millones de discos vendidos en todo el mundo, editados en m\u00e1s de 30 pa\u00edses.<\/p>\n\n\n\n<p>Su proyecci\u00f3n internacional la ha llevado a ofrecer m\u00e1s de 3.000 conciertos, consolidando su presencia en los 5 continentes. Una de sus canciones m\u00e1s emblem\u00e1ticas, \u201cSi T\u00fa No Est\u00e1s\u201d, fue incluida en el Primer Cancionero de la Uni\u00f3n Europea.<\/p>\n\n\n\n<p>Paralelamente, Rosana ha dado vida a OMOW (Otro Mundo, Nuestro Mundo \/ Our World), un proyecto integral que abre un universo transmedia enfocado en el reencuentro humano, donde la gente y el arte ocupan el centro, lejos de etiquetas y desde lo m\u00e1s puro y honesto de quienes somos. Esta iniciativa se expande a trav\u00e9s de acciones como su docuserie&nbsp;<em>\u00a1Mejor Vivir Sin Miedo!<\/em>, el proyecto comunitario \u201cM\u00e1s que Barrios\u201d o su \u201cGira de experiencias\u201d dise\u00f1ada como una serie de encuentros compartidos: una aut\u00e9ntica&nbsp;<em>\u201cpijamada emocional\u201d<\/em>, con Rosana como anfitriona, que invita a conectar, escuchar y crear comunidad desde la cercan\u00eda.<\/p>\n\n\n\n<p>En&nbsp;<em>\u00a1Mejor Vivir Sin Miedo!,<\/em>&nbsp;Rosana debuta como guionista y directora. M\u00e1s que un recorrido por su trayectoria, el proyecto nace de una necesidad vital: devolver al mundo lo que la m\u00fasica y las personas le han regalado, revelando a la mujer que hay detr\u00e1s de las canciones y su filosof\u00eda de vida: Vivir Sin Miedo.<\/p>\n\n\n\n<p>\u201c<em>Puedes hacer un documental para impresionar o lo puedes hacer para inspirar y a m\u00ed, me come mucho m\u00e1s la cabeza inspirar que impresionar.\u201d &#8211; Rosana<\/em><\/p>\n\n\n\n<p>Ahora, tras un trabajo intenso en el cine, Rosana regresa a los escenarios con una gira de conciertos que parten del formato musical tradicional, pero que incorporar\u00e1 nuevas capas narrativas, visuales y experienciales.<\/p>\n\n\n\n<p>Ser\u00e1 una propuesta pensada para celebrar el reencuentro con el p\u00fablico desde la emoci\u00f3n y la sorpresa. No ser\u00e1 s\u00f3lo una sucesi\u00f3n de canciones, sino una manera de abrir en directo el nuevo universo creativo de Rosana.<\/p>\n\n\n\n<p><strong><em>Radiograf\u00eda musical: Sobre Rosanna<\/em><\/strong><\/p>\n\n\n\n<p>M\u00e9xico ha sido, hist\u00f3ricamente, una de las plazas m\u00e1s importantes en la carrera de Rosana, consolid\u00e1ndose como el segundo mercado que m\u00e1s consume su m\u00fasica a nivel global, ya que casi 2 de cada 10 escuchas provienen de nuestro pa\u00eds, s\u00f3lo por detr\u00e1s de Espa\u00f1a. Con m\u00e1s de 3.2 millones de oyentes mensuales, la cantautora espa\u00f1ola mantiene una presencia fuerte y constante dentro del ecosistema digital, reforzada por una relaci\u00f3n estrecha y org\u00e1nica con otros territorios hispanohablantes clave como Argentina, Colombia y Chile.<\/p>\n\n\n\n<p>Su propuesta art\u00edstica -marcada por letras aut\u00e9nticas, interpretaci\u00f3n sincera y conexi\u00f3n profundamente humana- ha encontrado un eco particular entre las mujeres hispanohablantes quienes conforman el principal brazo de su base de fans, evidenciando un v\u00ednculo emocional s\u00f3lido y duradero con su mensaje. Canciones como \u201cPa\u2019 Ti No Estoy\u201d, \u201cA Fuego Lento\u201d o \u201cSi T\u00fa No Est\u00e1s<em>\u201d,<\/em>&nbsp;forman parte del imaginario emocional de miles de seguidores en M\u00e9xico, consolidando un lazo art\u00edstico que trasciende fronteras y reafirma el impacto cultural de Rosana en el pa\u00eds.<\/p>\n\n\n\n<p>La llegada de Rosana a M\u00e9xico representa el regreso de una artista consagrada y tambi\u00e9n, el reencuentro con una voz que ha acompa\u00f1ado historias personales, que inspira a trav\u00e9s de su activismo y marca generaciones enteras. Asegura tus boletos durante la Preventa Banamex el pr\u00f3ximo 4 de mayo o bien, en la venta general que comenzar\u00e1 el 5 de mayo a trav\u00e9s de Ticketmaster y Eticket (Puebla).<\/p>\n\n\n\n<p><a href=\"https:\/\/www.facebook.com\/hashtag\/rosana?__cft__[0]=AZZvpgFic7oEUtdUPyi0coteXqMd8x6N918xjvLVvqtbY4WAPSbNQJmSQy2X4ULQlkRCPbrR6tlKvTPtSFBmohp9VyVl_2NIJm69IkKKQ1FYhLLqx8xuvbWp_hPol811nhPj9Nwm7WHyVC4H3wIiYmLO&amp;__tn__=*NK-R\">#Rosana<\/a><\/p>\n\n\n\n<p><a href=\"https:\/\/www.facebook.com\/hashtag\/auditorionacional?__cft__[0]=AZZvpgFic7oEUtdUPyi0coteXqMd8x6N918xjvLVvqtbY4WAPSbNQJmSQy2X4ULQlkRCPbrR6tlKvTPtSFBmohp9VyVl_2NIJm69IkKKQ1FYhLLqx8xuvbWp_hPol811nhPj9Nwm7WHyVC4H3wIiYmLO&amp;__tn__=*NK-R\">#AuditorioNacional<\/a><\/p>\n\n\n\n<p><a href=\"https:\/\/www.facebook.com\/hashtag\/ocesa?__cft__[0]=AZZvpgFic7oEUtdUPyi0coteXqMd8x6N918xjvLVvqtbY4WAPSbNQJmSQy2X4ULQlkRCPbrR6tlKvTPtSFBmohp9VyVl_2NIJm69IkKKQ1FYhLLqx8xuvbWp_hPol811nhPj9Nwm7WHyVC4H3wIiYmLO&amp;__tn__=*NK-R\">#OCESA<\/a><\/p>\n\n\n\n<p><a href=\"https:\/\/www.facebook.com\/hashtag\/ticketmaster?__cft__[0]=AZZvpgFic7oEUtdUPyi0coteXqMd8x6N918xjvLVvqtbY4WAPSbNQJmSQy2X4ULQlkRCPbrR6tlKvTPtSFBmohp9VyVl_2NIJm69IkKKQ1FYhLLqx8xuvbWp_hPol811nhPj9Nwm7WHyVC4H3wIiYmLO&amp;__tn__=*NK-R\">#ticketmaster<\/a><\/p>\n\n\n\n<p><a href=\"https:\/\/www.facebook.com\/hashtag\/cdmx?__cft__[0]=AZZvpgFic7oEUtdUPyi0coteXqMd8x6N918xjvLVvqtbY4WAPSbNQJmSQy2X4ULQlkRCPbrR6tlKvTPtSFBmohp9VyVl_2NIJm69IkKKQ1FYhLLqx8xuvbWp_hPol811nhPj9Nwm7WHyVC4H3wIiYmLO&amp;__tn__=*NK-R\">#CDMX<\/a><\/p>\n\n\n\n<p><a href=\"https:\/\/www.facebook.com\/hashtag\/bitacoracdmx?__cft__[0]=AZZvpgFic7oEUtdUPyi0coteXqMd8x6N918xjvLVvqtbY4WAPSbNQJmSQy2X4ULQlkRCPbrR6tlKvTPtSFBmohp9VyVl_2NIJm69IkKKQ1FYhLLqx8xuvbWp_hPol811nhPj9Nwm7WHyVC4H3wIiYmLO&amp;__tn__=*NK-R\">#bitacoracdmx<\/a><\/p>\n","protected":false},"excerpt":{"rendered":"<p>REDACCI\u00d3N Preventa Banamex: 4 de mayo Venta general: 5 de mayo \u00b7 Tras 30 a\u00f1os de m\u00fasica, Rosana abre su historia en el docuserie&nbsp;\u00a1Mejor Vivir Sin Miedo! \u00b7 Escucha su \u00faltimo sencillo \u201cImagina\u201d en colaboraci\u00f3n con Chambao y Ana Tijoux. \u00b7 Canciones como \u201cSi T\u00fa No Est\u00e1s\u201d o \u201cA Fuego Lento\u201d, acumulan 183 millones y 167 millones de reproducciones, respectivamente. La m\u00fasica en espa\u00f1ol recibe a una de sus creadoras m\u00e1s influyentes:&nbsp;Rosana, cantautora espa\u00f1ola multipremiada y referente indiscutible de la canci\u00f3n de autor contempor\u00e1nea, confirma gira por M\u00e9xico con cuatro fechas, un pa\u00eds que ha acompa\u00f1ado y abrazado su legado [&hellip;]<\/p>\n","protected":false},"author":1,"featured_media":63085,"comment_status":"closed","ping_status":"closed","sticky":false,"template":"","format":"standard","meta":{"footnotes":""},"categories":[9,11],"tags":[],"_links":{"self":[{"href":"https:\/\/www.bitacoracdmx.com\/index.php?rest_route=\/wp\/v2\/posts\/63084"}],"collection":[{"href":"https:\/\/www.bitacoracdmx.com\/index.php?rest_route=\/wp\/v2\/posts"}],"about":[{"href":"https:\/\/www.bitacoracdmx.com\/index.php?rest_route=\/wp\/v2\/types\/post"}],"author":[{"embeddable":true,"href":"https:\/\/www.bitacoracdmx.com\/index.php?rest_route=\/wp\/v2\/users\/1"}],"replies":[{"embeddable":true,"href":"https:\/\/www.bitacoracdmx.com\/index.php?rest_route=%2Fwp%2Fv2%2Fcomments&post=63084"}],"version-history":[{"count":1,"href":"https:\/\/www.bitacoracdmx.com\/index.php?rest_route=\/wp\/v2\/posts\/63084\/revisions"}],"predecessor-version":[{"id":63086,"href":"https:\/\/www.bitacoracdmx.com\/index.php?rest_route=\/wp\/v2\/posts\/63084\/revisions\/63086"}],"wp:featuredmedia":[{"embeddable":true,"href":"https:\/\/www.bitacoracdmx.com\/index.php?rest_route=\/wp\/v2\/media\/63085"}],"wp:attachment":[{"href":"https:\/\/www.bitacoracdmx.com\/index.php?rest_route=%2Fwp%2Fv2%2Fmedia&parent=63084"}],"wp:term":[{"taxonomy":"category","embeddable":true,"href":"https:\/\/www.bitacoracdmx.com\/index.php?rest_route=%2Fwp%2Fv2%2Fcategories&post=63084"},{"taxonomy":"post_tag","embeddable":true,"href":"https:\/\/www.bitacoracdmx.com\/index.php?rest_route=%2Fwp%2Fv2%2Ftags&post=63084"}],"curies":[{"name":"wp","href":"https:\/\/api.w.org\/{rel}","templated":true}]}}