{"id":63087,"date":"2026-04-30T04:59:10","date_gmt":"2026-04-30T04:59:10","guid":{"rendered":"https:\/\/www.bitacoracdmx.com\/?p=63087"},"modified":"2026-04-30T04:59:13","modified_gmt":"2026-04-30T04:59:13","slug":"la-reina-de-la-musica-regional-mexicana-yuridia-presenta-su-nueva-gira-las-cartas-sobre-la-mesa","status":"publish","type":"post","link":"https:\/\/www.bitacoracdmx.com\/?p=63087","title":{"rendered":"La reina de la m\u00fasica regional mexicana, Yuridia, presenta su nueva gira Las Cartas Sobre La Mesa"},"content":{"rendered":"\n<p><\/p>\n\n\n\n<p>REDACCI\u00d3N<\/p>\n\n\n\n<p><strong>CIUDAD DE M\u00c9XICO &#8211; 4 DE SEPTIEMBRE \u2013 ESTADIO GNP SEGUROS<\/strong><\/p>\n\n\n\n<p><strong>LE\u00d3N &#8211; 18 DE SEPTIEMBRE \u2013 VELARIA DE LA FERIA<\/strong><\/p>\n\n\n\n<p><strong>SAN LUIS POTOS\u00cd &#8211; 19 DE SEPTIEMBRE \u2013 PARQUE TANGAMANGA<\/strong><\/p>\n\n\n\n<p><strong>QUER\u00c9TARO &#8211; 25 DE SEPTIEMBRE \u2013 H\u00cdPICO DE JURIQUILLA<\/strong><\/p>\n\n\n\n<p><strong>VILLAHERMOSA \u2013 10 DE OCTUBRE \u2013 TEATRO AL AIRE LIBRE<\/strong><\/p>\n\n\n\n<p><strong>VERACRUZ \u2013 5 DE NOVIEMBRE &#8211; WTC<\/strong><\/p>\n\n\n\n<p><strong>CD. JU\u00c1REZ \u2013 19 DE NOVIEMBRE \u2013 ESTADIO DE BEISBOL<\/strong><\/p>\n\n\n\n<p><strong>TORRE\u00d3N \u2013 21 DE NOVIEMBRE \u2013 COLISEO CENTENARIO<\/strong><\/p>\n\n\n\n<p><strong>CANC\u00daN \u2013 26 DE NOVIEMBRE \u2013 PLAZA DE TOROS<\/strong><\/p>\n\n\n\n<p><strong>M\u00c9RIDA \u2013 28 DE NOVIEMBRE \u2013 FORO GNP 360\u00b0<\/strong><\/p>\n\n\n\n<p><strong>GUADALAJARA \u2013 5 DE DICIEMBRE \u2013 Coliseo GNP Seguros<\/strong><\/p>\n\n\n\n<p><strong>GRAN VENTA HSBC: 6 y 7 de mayo, 2:00 P.M.<\/strong><\/p>\n\n\n\n<p><strong><em>Impacto digital:&nbsp;<\/em><\/strong><em>La artista cuenta con una base de&nbsp;<strong>16,3&nbsp;millones de fans totales<\/strong>&nbsp;entre&nbsp;<strong>plataformas digitales y redes sociales.<\/strong><\/em><\/p>\n\n\n\n<p><strong><em>Ell music video de \u201cQu\u00e9 agon\u00eda\u201d supera los 1,100 millones de vistas en YouTube.<\/em><\/strong><\/p>\n\n\n\n<p><strong><em>Imperdibles: \u201cQu\u00e9 Agon\u00eda\u201d, \u201cYa Te Olvid\u00e9\u201d, \u201cAmigos No Por Favor\u201d, \u201cMe Hace Tanto Bien\u201d, \u201c\u00bfY Qu\u00e9 Tal Si Funciona? ,\u201dSin llorar\u201d<\/em><\/strong><em>&nbsp;<strong>, \u201cYa es muy tarde\u201d, \u201cTe<\/strong>&nbsp;<strong>equivocaste\u201d&nbsp;<\/strong>se han convertido en cl\u00e1sicos de su discograf\u00eda.<\/em><\/p>\n\n\n\n<p>Con la gira&nbsp;<em>LAS CARTAS SOBRE LA MESA,&nbsp;<\/em>Yuridia pisar\u00e1 varias ciudades de M\u00e9xico. Ser\u00e1 un recorrido musical para tocar fibras profundas y convertir cada concierto en una experiencia \u00fanica. Con una de las voces m\u00e1s poderosas y emotivas de la m\u00fasica en espa\u00f1ol, la artista invita al p\u00fablico a vivir noches donde las emociones se ponen al frente, las heridas se cantan sin miedo y las verdades se dicen sin reservas.<\/p>\n\n\n\n<p>La gira dar\u00e1 inicio en el Estadio GNP Seguros, uno de los recintos m\u00e1s emblem\u00e1ticos del pa\u00eds que llega como una declaraci\u00f3n directa, sincera y frontal: decir lo que se siente, aunque duela, y transformar las emociones en canciones que acompa\u00f1an, abrazan y fortalecen. Es una extensi\u00f3n natural de una etapa art\u00edstica marcada por la honestidad, la madurez y la conexi\u00f3n real con una audiencia que ha crecido, amado, perdido y sanado junto a sus canciones.<\/p>\n\n\n\n<p>Yuridia naci\u00f3 en Hermosillo, Sonora, y creci\u00f3 rodeada de m\u00fasica desde casa: su padre compositor y su madre cantante, despertaron en ella, desde muy temprana edad, un talento natural para el arte. A los 8 a\u00f1os emigr\u00f3 junto a su familia a Arizona, donde comenz\u00f3 a participar en concursos musicales infantiles que marcaron sus primeros pasos en el escenario. Aunque al inicio compart\u00eda su voz \u00fanicamente con su entorno cercano, en 2005 su vida dio un giro definitivo con el lanzamiento de su primer \u00e1lbum&nbsp;<em>La Voz de un \u00c1ngel&nbsp;<\/em>tras obtener el segundo lugar en el reality show, La Academia (cuarta generaci\u00f3n). A partir de ese momento, su carrera ha sido una sucesi\u00f3n constante de \u00e9xitos, consolid\u00e1ndose como una de las int\u00e9rpretes m\u00e1s queridas y respetadas de la m\u00fasica en espa\u00f1ol.<\/p>\n\n\n\n<p>A lo largo de su discograf\u00eda, Yuridia ha conectado profundamente con una audiencia que ha encontrado en sus canciones un espacio seguro para procesar rupturas, decepciones y nuevos comienzos. Sus letras se convirtieron en refugio, en desahogo y en fuerza para quienes sienten sin miedo y cantan sin reservas. La cantante ha recibido m\u00faltiples galardones y reconocimientos, entre ellos Premios Billboard, Premios Oye, Premios Juventud y Premios Lo Nuestro. En 2025, fue reconocida como Artista Femenina del A\u00f1o, adem\u00e1s de recibir premios por sus exitosas colaboraciones con \u00c1ngela Aguilar y Banda MS, refrendando su impacto en distintas generaciones y g\u00e9neros musicales.<\/p>\n\n\n\n<p>Ese mismo a\u00f1o, lanz\u00f3 su m\u00e1s reciente \u00e1lbum,&nbsp;<em>Sin Llorar<\/em>, el cual incluye colaboraciones con Alejandro Fern\u00e1ndez, Ed\u00e9n Mu\u00f1oz, Los \u00c1ngeles Azules, Joss Favela y Los Dos Carnales, reforzando su versatilidad y capacidad para unir g\u00e9neros sin perder identidad. La artista tambi\u00e9n marc\u00f3 un antes y un despu\u00e9s al hacer historia en la m\u00fasica mexicana: en abril de 2025, llen\u00f3 por completo la Plaza de Toros M\u00e9xico con m\u00e1s de 50,000 asistentes, convirti\u00e9ndose en la primera mujer en lograrlo durante su&nbsp;<em>Sin Llorar Tour 2025<\/em>, un hito sin precedentes en su carrera.<\/p>\n\n\n\n<p><strong>RADIOGRAF\u00cdA MUSICAL:<\/strong><\/p>\n\n\n\n<p>Con m\u00e1s de 20 a\u00f1os de trayectoria, Yuridia se ha posicionado como una de las voces m\u00e1s importantes en M\u00e9xico. Actualmente, cuenta con m\u00e1s de&nbsp;<strong>8.5 millones&nbsp;<\/strong>de escuchas y 6 millones de seguidores activos en Spotify .<\/p>\n\n\n\n<p>M\u00e1s que un concierto, esta gira es una&nbsp;<strong>experiencia para sentirlo todo<\/strong>: cantar lo que doli\u00f3, recordar lo que fue, soltar lo que pesa y salir m\u00e1s fuerte. El repertorio recorrer\u00e1 distintas etapas de su carrera, combinando grandes \u00e9xitos con nuevas canciones que reflejan madurez, honestidad y empoderamiento emocional. El escenario se convierte en un espacio \u00edntimo, donde cada asistente reconoce su propia historia en la voz de Yuridia y transforma el dolor en compa\u00f1\u00eda.<\/p>\n\n\n\n<p>Aprovecha la Gran Venta HSBC los d\u00edas 6 y 7 de mayo&nbsp;<strong>(para CDMX y GDL) a trav\u00e9s de Ticketmaster; para el resto de las ciudades, encontrar\u00e1s tus boletos en E-Ticket.<\/strong>&nbsp;La Venta General estar\u00e1 disponible un d\u00eda despu\u00e9s.<\/p>\n\n\n\n<p><a href=\"https:\/\/www.facebook.com\/hashtag\/yuridia?__cft__[0]=AZaXjb6alYae7BPZAADD3C0wQGZoNU4-YzMoyln1HgxRWQRbKLVnJoSe1BmMyZOPbsUKyjmNoZnBTPQS-wexQ0X6RFO1oquJaMcWweo9QZdtcDGUIkY5VvetdueVGt82Lh0mXQQ8WWgLG6bE21kEa0_U&amp;__tn__=*NK-R\">#Yuridia<\/a><\/p>\n\n\n\n<p><a href=\"https:\/\/www.facebook.com\/hashtag\/cartassobrelamesa?__cft__[0]=AZaXjb6alYae7BPZAADD3C0wQGZoNU4-YzMoyln1HgxRWQRbKLVnJoSe1BmMyZOPbsUKyjmNoZnBTPQS-wexQ0X6RFO1oquJaMcWweo9QZdtcDGUIkY5VvetdueVGt82Lh0mXQQ8WWgLG6bE21kEa0_U&amp;__tn__=*NK-R\">#CartasSobreLaMesa<\/a><\/p>\n\n\n\n<p><a href=\"https:\/\/www.facebook.com\/hashtag\/estadiognpseguros?__cft__[0]=AZaXjb6alYae7BPZAADD3C0wQGZoNU4-YzMoyln1HgxRWQRbKLVnJoSe1BmMyZOPbsUKyjmNoZnBTPQS-wexQ0X6RFO1oquJaMcWweo9QZdtcDGUIkY5VvetdueVGt82Lh0mXQQ8WWgLG6bE21kEa0_U&amp;__tn__=*NK-R\">#EstadioGNPSeguros<\/a><\/p>\n\n\n\n<p><a href=\"https:\/\/www.facebook.com\/hashtag\/ocesa?__cft__[0]=AZaXjb6alYae7BPZAADD3C0wQGZoNU4-YzMoyln1HgxRWQRbKLVnJoSe1BmMyZOPbsUKyjmNoZnBTPQS-wexQ0X6RFO1oquJaMcWweo9QZdtcDGUIkY5VvetdueVGt82Lh0mXQQ8WWgLG6bE21kEa0_U&amp;__tn__=*NK-R\">#OCESA<\/a><\/p>\n\n\n\n<p><a href=\"https:\/\/www.facebook.com\/hashtag\/ticketmaster?__cft__[0]=AZaXjb6alYae7BPZAADD3C0wQGZoNU4-YzMoyln1HgxRWQRbKLVnJoSe1BmMyZOPbsUKyjmNoZnBTPQS-wexQ0X6RFO1oquJaMcWweo9QZdtcDGUIkY5VvetdueVGt82Lh0mXQQ8WWgLG6bE21kEa0_U&amp;__tn__=*NK-R\">#ticketmaster<\/a><\/p>\n\n\n\n<p><a href=\"https:\/\/www.facebook.com\/hashtag\/cdmx?__cft__[0]=AZaXjb6alYae7BPZAADD3C0wQGZoNU4-YzMoyln1HgxRWQRbKLVnJoSe1BmMyZOPbsUKyjmNoZnBTPQS-wexQ0X6RFO1oquJaMcWweo9QZdtcDGUIkY5VvetdueVGt82Lh0mXQQ8WWgLG6bE21kEa0_U&amp;__tn__=*NK-R\">#CDMX<\/a><\/p>\n\n\n\n<p><a href=\"https:\/\/www.facebook.com\/hashtag\/bitacoracdmx?__cft__[0]=AZaXjb6alYae7BPZAADD3C0wQGZoNU4-YzMoyln1HgxRWQRbKLVnJoSe1BmMyZOPbsUKyjmNoZnBTPQS-wexQ0X6RFO1oquJaMcWweo9QZdtcDGUIkY5VvetdueVGt82Lh0mXQQ8WWgLG6bE21kEa0_U&amp;__tn__=*NK-R\">#bitacoracdmx<\/a><\/p>\n","protected":false},"excerpt":{"rendered":"<p>REDACCI\u00d3N CIUDAD DE M\u00c9XICO &#8211; 4 DE SEPTIEMBRE \u2013 ESTADIO GNP SEGUROS LE\u00d3N &#8211; 18 DE SEPTIEMBRE \u2013 VELARIA DE LA FERIA SAN LUIS POTOS\u00cd &#8211; 19 DE SEPTIEMBRE \u2013 PARQUE TANGAMANGA QUER\u00c9TARO &#8211; 25 DE SEPTIEMBRE \u2013 H\u00cdPICO DE JURIQUILLA VILLAHERMOSA \u2013 10 DE OCTUBRE \u2013 TEATRO AL AIRE LIBRE VERACRUZ \u2013 5 DE NOVIEMBRE &#8211; WTC CD. JU\u00c1REZ \u2013 19 DE NOVIEMBRE \u2013 ESTADIO DE BEISBOL TORRE\u00d3N \u2013 21 DE NOVIEMBRE \u2013 COLISEO CENTENARIO CANC\u00daN \u2013 26 DE NOVIEMBRE \u2013 PLAZA DE TOROS M\u00c9RIDA \u2013 28 DE NOVIEMBRE \u2013 FORO GNP 360\u00b0 GUADALAJARA \u2013 5 DE DICIEMBRE \u2013 [&hellip;]<\/p>\n","protected":false},"author":1,"featured_media":63088,"comment_status":"closed","ping_status":"closed","sticky":false,"template":"","format":"standard","meta":{"footnotes":""},"categories":[9,11],"tags":[],"_links":{"self":[{"href":"https:\/\/www.bitacoracdmx.com\/index.php?rest_route=\/wp\/v2\/posts\/63087"}],"collection":[{"href":"https:\/\/www.bitacoracdmx.com\/index.php?rest_route=\/wp\/v2\/posts"}],"about":[{"href":"https:\/\/www.bitacoracdmx.com\/index.php?rest_route=\/wp\/v2\/types\/post"}],"author":[{"embeddable":true,"href":"https:\/\/www.bitacoracdmx.com\/index.php?rest_route=\/wp\/v2\/users\/1"}],"replies":[{"embeddable":true,"href":"https:\/\/www.bitacoracdmx.com\/index.php?rest_route=%2Fwp%2Fv2%2Fcomments&post=63087"}],"version-history":[{"count":1,"href":"https:\/\/www.bitacoracdmx.com\/index.php?rest_route=\/wp\/v2\/posts\/63087\/revisions"}],"predecessor-version":[{"id":63089,"href":"https:\/\/www.bitacoracdmx.com\/index.php?rest_route=\/wp\/v2\/posts\/63087\/revisions\/63089"}],"wp:featuredmedia":[{"embeddable":true,"href":"https:\/\/www.bitacoracdmx.com\/index.php?rest_route=\/wp\/v2\/media\/63088"}],"wp:attachment":[{"href":"https:\/\/www.bitacoracdmx.com\/index.php?rest_route=%2Fwp%2Fv2%2Fmedia&parent=63087"}],"wp:term":[{"taxonomy":"category","embeddable":true,"href":"https:\/\/www.bitacoracdmx.com\/index.php?rest_route=%2Fwp%2Fv2%2Fcategories&post=63087"},{"taxonomy":"post_tag","embeddable":true,"href":"https:\/\/www.bitacoracdmx.com\/index.php?rest_route=%2Fwp%2Fv2%2Ftags&post=63087"}],"curies":[{"name":"wp","href":"https:\/\/api.w.org\/{rel}","templated":true}]}}