{"id":63096,"date":"2026-04-30T05:36:41","date_gmt":"2026-04-30T05:36:41","guid":{"rendered":"https:\/\/www.bitacoracdmx.com\/?p=63096"},"modified":"2026-04-30T05:36:44","modified_gmt":"2026-04-30T05:36:44","slug":"rosana-regresa-a-los-escenarios-mexicanos","status":"publish","type":"post","link":"https:\/\/www.bitacoracdmx.com\/?p=63096","title":{"rendered":"ROSANA regresa a los escenarios mexicanos"},"content":{"rendered":"\n<p><\/p>\n\n\n\n<p>Por: Cristy Padr\u00f3n<\/p>\n\n\n\n<p>Fotos: Rafael Maya<\/p>\n\n\n\n<p>La cantautora espa\u00f1ola Rosana anunci\u00f3 su esperado regreso a M\u00e9xico con una gira muy especial con la que celebra tres d\u00e9cadas de trayectoria art\u00edstica. Bajo el nombre \u201c30 a\u00f1os \/ Mejor Vivir sin Miedo\u201d, la int\u00e9rprete promete un recorrido emocional por sus m\u00e1s grandes \u00e9xitos, as\u00ed como por las canciones que han marcado una evoluci\u00f3n constante en su carrera.<\/p>\n\n\n\n<p>Uno de los momentos m\u00e1s destacados de esta gira ser\u00e1 su presentaci\u00f3n en el Auditorio Nacional de la Ciudad de M\u00e9xico, programada para el martes 6 de octubre de 2026. Este recinto, considerado uno de los escenarios m\u00e1s importantes de Am\u00e9rica Latina, recibir\u00e1 a la artista en una noche que se anticipa llena de nostalgia, energ\u00eda y conexi\u00f3n con su p\u00fablico.<\/p>\n\n\n\n<figure class=\"wp-block-image size-large\"><img loading=\"lazy\" decoding=\"async\" width=\"1024\" height=\"683\" src=\"https:\/\/www.bitacoracdmx.com\/wp-content\/uploads\/2026\/04\/WhatsApp-Image-2026-04-29-at-6.55.10-PM-1024x683.jpeg\" alt=\"\" class=\"wp-image-63098\"\/><\/figure>\n\n\n\n<p>La venta de boletos se realizar\u00e1 a trav\u00e9s de Ticketmaster, con preventa exclusiva para tarjetahabientes Citibanamex el pr\u00f3ximo 4 de mayo, mientras que la venta general dar\u00e1 inicio el 5 de mayo. Se espera una alta demanda, dado el cari\u00f1o que el p\u00fablico mexicano ha demostrado a lo largo de los a\u00f1os por la int\u00e9rprete de \u00e9xitos como \u201cEl talism\u00e1n\u201d y \u201cA fuego lento\u201d.<\/p>\n\n\n\n<p>Adem\u00e1s de su presentaci\u00f3n en la capital, Rosana llevar\u00e1 su m\u00fasica a otras ciudades del pa\u00eds, incluyendo Puebla el 4 de octubre, Monterrey el 8 de octubre y Guadalajara el 9 de octubre, consolidando as\u00ed una gira que celebra su legado musical y su conexi\u00f3n con distintas generaciones.<\/p>\n\n\n\n<figure class=\"wp-block-image size-large is-resized\"><img loading=\"lazy\" decoding=\"async\" width=\"607\" height=\"1024\" src=\"https:\/\/www.bitacoracdmx.com\/wp-content\/uploads\/2026\/04\/WhatsApp-Image-2026-04-29-at-6.55.10-PM-3-607x1024.jpeg\" alt=\"\" class=\"wp-image-63099\" style=\"width:850px;height:auto\"\/><\/figure>\n\n\n\n<p>Con 30 a\u00f1os de carrera, Rosana se ha consolidado como una de las voces m\u00e1s representativas de la m\u00fasica en espa\u00f1ol, destacando por sus letras introspectivas y su estilo \u00fanico que fusiona pop, folk y ritmos latinos. Esta gira no solo conmemora su historia, sino que tambi\u00e9n reafirma su vigencia en la escena musical actual.<\/p>\n\n\n\n<p><a href=\"https:\/\/www.facebook.com\/hashtag\/rosana?__cft__[0]=AZYydtJu2KgBRqlSFyS-QZRJ-AWTSiC68KqfsA2JDPro9Qe21COudj4CHei2pYTFUXBKrNAfPccGm2Y8NeGUtXh_I8CWAz9neebT8d3AZNz_khTQ0oaCVSAG2gtCn1JtsPE9TGsOu43GjTvXkCVhEDsm&amp;__tn__=*NK-R\">#Rosana<\/a><\/p>\n\n\n\n<p><a href=\"https:\/\/www.facebook.com\/hashtag\/auditorionacional?__cft__[0]=AZYydtJu2KgBRqlSFyS-QZRJ-AWTSiC68KqfsA2JDPro9Qe21COudj4CHei2pYTFUXBKrNAfPccGm2Y8NeGUtXh_I8CWAz9neebT8d3AZNz_khTQ0oaCVSAG2gtCn1JtsPE9TGsOu43GjTvXkCVhEDsm&amp;__tn__=*NK-R\">#AuditorioNacional<\/a><\/p>\n\n\n\n<p><a href=\"https:\/\/www.facebook.com\/hashtag\/cdmx?__cft__[0]=AZYydtJu2KgBRqlSFyS-QZRJ-AWTSiC68KqfsA2JDPro9Qe21COudj4CHei2pYTFUXBKrNAfPccGm2Y8NeGUtXh_I8CWAz9neebT8d3AZNz_khTQ0oaCVSAG2gtCn1JtsPE9TGsOu43GjTvXkCVhEDsm&amp;__tn__=*NK-R\">#Cdmx<\/a><\/p>\n\n\n\n<p><a href=\"https:\/\/www.facebook.com\/hashtag\/conciertos2026?__cft__[0]=AZYydtJu2KgBRqlSFyS-QZRJ-AWTSiC68KqfsA2JDPro9Qe21COudj4CHei2pYTFUXBKrNAfPccGm2Y8NeGUtXh_I8CWAz9neebT8d3AZNz_khTQ0oaCVSAG2gtCn1JtsPE9TGsOu43GjTvXkCVhEDsm&amp;__tn__=*NK-R\">#Conciertos2026<\/a><\/p>\n\n\n\n<p><a href=\"https:\/\/www.facebook.com\/hashtag\/musicaenvivo?__cft__[0]=AZYydtJu2KgBRqlSFyS-QZRJ-AWTSiC68KqfsA2JDPro9Qe21COudj4CHei2pYTFUXBKrNAfPccGm2Y8NeGUtXh_I8CWAz9neebT8d3AZNz_khTQ0oaCVSAG2gtCn1JtsPE9TGsOu43GjTvXkCVhEDsm&amp;__tn__=*NK-R\">#musicaenvivo<\/a><\/p>\n\n\n\n<p><a href=\"https:\/\/www.facebook.com\/hashtag\/ticketmaster?__cft__[0]=AZYydtJu2KgBRqlSFyS-QZRJ-AWTSiC68KqfsA2JDPro9Qe21COudj4CHei2pYTFUXBKrNAfPccGm2Y8NeGUtXh_I8CWAz9neebT8d3AZNz_khTQ0oaCVSAG2gtCn1JtsPE9TGsOu43GjTvXkCVhEDsm&amp;__tn__=*NK-R\">#ticketmaster<\/a><\/p>\n\n\n\n<p><a href=\"https:\/\/www.facebook.com\/hashtag\/preventacitibanamex?__cft__[0]=AZYydtJu2KgBRqlSFyS-QZRJ-AWTSiC68KqfsA2JDPro9Qe21COudj4CHei2pYTFUXBKrNAfPccGm2Y8NeGUtXh_I8CWAz9neebT8d3AZNz_khTQ0oaCVSAG2gtCn1JtsPE9TGsOu43GjTvXkCVhEDsm&amp;__tn__=*NK-R\">#PreventaCitibanamex<\/a><\/p>\n\n\n\n<p><a href=\"https:\/\/www.facebook.com\/hashtag\/gira30a%C3%B1os?__cft__[0]=AZYydtJu2KgBRqlSFyS-QZRJ-AWTSiC68KqfsA2JDPro9Qe21COudj4CHei2pYTFUXBKrNAfPccGm2Y8NeGUtXh_I8CWAz9neebT8d3AZNz_khTQ0oaCVSAG2gtCn1JtsPE9TGsOu43GjTvXkCVhEDsm&amp;__tn__=*NK-R\">#gira30a\u00f1os<\/a><\/p>\n\n\n\n<p><a href=\"https:\/\/www.facebook.com\/hashtag\/mejorvivirsinmiedo?__cft__[0]=AZYydtJu2KgBRqlSFyS-QZRJ-AWTSiC68KqfsA2JDPro9Qe21COudj4CHei2pYTFUXBKrNAfPccGm2Y8NeGUtXh_I8CWAz9neebT8d3AZNz_khTQ0oaCVSAG2gtCn1JtsPE9TGsOu43GjTvXkCVhEDsm&amp;__tn__=*NK-R\">#mejorvivirsinmiedo<\/a><\/p>\n\n\n\n<p><a href=\"https:\/\/www.facebook.com\/hashtag\/poplatino?__cft__[0]=AZYydtJu2KgBRqlSFyS-QZRJ-AWTSiC68KqfsA2JDPro9Qe21COudj4CHei2pYTFUXBKrNAfPccGm2Y8NeGUtXh_I8CWAz9neebT8d3AZNz_khTQ0oaCVSAG2gtCn1JtsPE9TGsOu43GjTvXkCVhEDsm&amp;__tn__=*NK-R\">#poplatino<\/a><\/p>\n\n\n\n<p><a href=\"https:\/\/www.facebook.com\/hashtag\/agendacultural?__cft__[0]=AZYydtJu2KgBRqlSFyS-QZRJ-AWTSiC68KqfsA2JDPro9Qe21COudj4CHei2pYTFUXBKrNAfPccGm2Y8NeGUtXh_I8CWAz9neebT8d3AZNz_khTQ0oaCVSAG2gtCn1JtsPE9TGsOu43GjTvXkCVhEDsm&amp;__tn__=*NK-R\">#AgendaCultural<\/a><\/p>\n\n\n\n<p><a href=\"https:\/\/www.facebook.com\/hashtag\/mexicoenconcierto?__cft__[0]=AZYydtJu2KgBRqlSFyS-QZRJ-AWTSiC68KqfsA2JDPro9Qe21COudj4CHei2pYTFUXBKrNAfPccGm2Y8NeGUtXh_I8CWAz9neebT8d3AZNz_khTQ0oaCVSAG2gtCn1JtsPE9TGsOu43GjTvXkCVhEDsm&amp;__tn__=*NK-R\">#mexicoenconcierto<\/a><\/p>\n\n\n\n<p><a href=\"https:\/\/www.facebook.com\/hashtag\/ocesa?__cft__[0]=AZYydtJu2KgBRqlSFyS-QZRJ-AWTSiC68KqfsA2JDPro9Qe21COudj4CHei2pYTFUXBKrNAfPccGm2Y8NeGUtXh_I8CWAz9neebT8d3AZNz_khTQ0oaCVSAG2gtCn1JtsPE9TGsOu43GjTvXkCVhEDsm&amp;__tn__=*NK-R\">#OCESA<\/a><\/p>\n\n\n\n<p><a href=\"https:\/\/www.facebook.com\/hashtag\/bitacoracdmx?__cft__[0]=AZYydtJu2KgBRqlSFyS-QZRJ-AWTSiC68KqfsA2JDPro9Qe21COudj4CHei2pYTFUXBKrNAfPccGm2Y8NeGUtXh_I8CWAz9neebT8d3AZNz_khTQ0oaCVSAG2gtCn1JtsPE9TGsOu43GjTvXkCVhEDsm&amp;__tn__=*NK-R\">#bitacoracdmx<\/a><\/p>\n","protected":false},"excerpt":{"rendered":"<p>Por: Cristy Padr\u00f3n Fotos: Rafael Maya La cantautora espa\u00f1ola Rosana anunci\u00f3 su esperado regreso a M\u00e9xico con una gira muy especial con la que celebra tres d\u00e9cadas de trayectoria art\u00edstica. Bajo el nombre \u201c30 a\u00f1os \/ Mejor Vivir sin Miedo\u201d, la int\u00e9rprete promete un recorrido emocional por sus m\u00e1s grandes \u00e9xitos, as\u00ed como por las canciones que han marcado una evoluci\u00f3n constante en su carrera. Uno de los momentos m\u00e1s destacados de esta gira ser\u00e1 su presentaci\u00f3n en el Auditorio Nacional de la Ciudad de M\u00e9xico, programada para el martes 6 de octubre de 2026. Este recinto, considerado uno de [&hellip;]<\/p>\n","protected":false},"author":1,"featured_media":63097,"comment_status":"closed","ping_status":"closed","sticky":false,"template":"","format":"standard","meta":{"footnotes":""},"categories":[9,11],"tags":[],"_links":{"self":[{"href":"https:\/\/www.bitacoracdmx.com\/index.php?rest_route=\/wp\/v2\/posts\/63096"}],"collection":[{"href":"https:\/\/www.bitacoracdmx.com\/index.php?rest_route=\/wp\/v2\/posts"}],"about":[{"href":"https:\/\/www.bitacoracdmx.com\/index.php?rest_route=\/wp\/v2\/types\/post"}],"author":[{"embeddable":true,"href":"https:\/\/www.bitacoracdmx.com\/index.php?rest_route=\/wp\/v2\/users\/1"}],"replies":[{"embeddable":true,"href":"https:\/\/www.bitacoracdmx.com\/index.php?rest_route=%2Fwp%2Fv2%2Fcomments&post=63096"}],"version-history":[{"count":1,"href":"https:\/\/www.bitacoracdmx.com\/index.php?rest_route=\/wp\/v2\/posts\/63096\/revisions"}],"predecessor-version":[{"id":63100,"href":"https:\/\/www.bitacoracdmx.com\/index.php?rest_route=\/wp\/v2\/posts\/63096\/revisions\/63100"}],"wp:featuredmedia":[{"embeddable":true,"href":"https:\/\/www.bitacoracdmx.com\/index.php?rest_route=\/wp\/v2\/media\/63097"}],"wp:attachment":[{"href":"https:\/\/www.bitacoracdmx.com\/index.php?rest_route=%2Fwp%2Fv2%2Fmedia&parent=63096"}],"wp:term":[{"taxonomy":"category","embeddable":true,"href":"https:\/\/www.bitacoracdmx.com\/index.php?rest_route=%2Fwp%2Fv2%2Fcategories&post=63096"},{"taxonomy":"post_tag","embeddable":true,"href":"https:\/\/www.bitacoracdmx.com\/index.php?rest_route=%2Fwp%2Fv2%2Ftags&post=63096"}],"curies":[{"name":"wp","href":"https:\/\/api.w.org\/{rel}","templated":true}]}}