{"id":63101,"date":"2026-05-01T21:36:18","date_gmt":"2026-05-01T21:36:18","guid":{"rendered":"https:\/\/www.bitacoracdmx.com\/?p=63101"},"modified":"2026-05-01T21:39:14","modified_gmt":"2026-05-01T21:39:14","slug":"mas-de-230-mil-personas-celebraron-el-dia-de-las-infancias-con-31-minutos-en-el-zocalo-capitalino","status":"publish","type":"post","link":"https:\/\/www.bitacoracdmx.com\/?p=63101","title":{"rendered":"M\u00e1s de 230 MIL PERSONAS celebraron el D\u00cdA DE LAS INFANCIAS con 31 MINUTOS en el Z\u00d3CALO CAPITALINO"},"content":{"rendered":"\n<p><\/p>\n\n\n\n<p>REDACCI\u00d3N<\/p>\n\n\n\n<p>\u25cf M\u00e1s de 230 mil personas se dieron cita en el Z\u00f3calo capitalino para celebrar a las ni\u00f1as y ni\u00f1os con el espect\u00e1culo \u201cYo Nunca Vi Televisi\u00f3n\u201d<\/p>\n\n\n\n<p>\u25cf El concierto reuni\u00f3 a infancias, familias y generaciones enteras que corearon canciones como \u201cRin Raja\u201d, \u201cTangananica Tanganana\u201d, \u201cDoggy Style\u201d, \u201cObjeci\u00f3n Denegada\u201d, \u201cLa la\u201d y m\u00e1s<\/p>\n\n\n\n<p>Este jueves 30 de abril de 2026 se llev\u00f3 a cabo una jornada hist\u00f3rica por el D\u00eda de las Infancias, el coraz\u00f3n de la capital se transform\u00f3 en el estudio de noticias m\u00e1s grande del mundo para recibir el espect\u00e1culo&nbsp;<strong>&#8220;Yo nunca vi televisi\u00f3n&#8221;<\/strong>&nbsp;a cargo del programa chileno&nbsp;<strong>31 minutos<\/strong>. Organizado por el&nbsp;<strong>Gobierno de la Ciudad de M\u00e9xico<\/strong>, a trav\u00e9s de la&nbsp;<strong>Secretar\u00eda de Cultura local<\/strong>, el concierto logr\u00f3 reunir a&nbsp;<strong>m\u00e1s de 230 mil asistentes<\/strong>&nbsp;que bailaron sin cesar junto a los habitantes de Titirilqu\u00e9n.<\/p>\n\n\n\n<p>Desde temprano, el Centro Hist\u00f3rico comenz\u00f3 a poblarse de peque\u00f1as y peque\u00f1os reporteros equipados con orejas de conejo, calcetines con rombos y peluches de Juan\u00edn Juan Harry. Sin embargo, en esta ocasi\u00f3n, la fiesta no fue exclusiva de los menores; miles de adultos acudieron con la complicidad de quien guarda un tesoro, demostrando que en esta ciudad \u201cLa Regla Primordial&#8221; es nunca dejar de celebrar a la ni\u00f1a o ni\u00f1o que todav\u00eda habita en su interior.<\/p>\n\n\n\n<figure class=\"wp-block-image size-large\"><img loading=\"lazy\" decoding=\"async\" width=\"1024\" height=\"682\" src=\"https:\/\/www.bitacoracdmx.com\/wp-content\/uploads\/2026\/05\/WhatsApp-Image-2026-04-30-at-10.17.00-PM-1024x682.jpeg\" alt=\"\" class=\"wp-image-63106\"\/><\/figure>\n\n\n\n<p>\u201cYo los ve\u00eda desde que era muy peque\u00f1a en la televisi\u00f3n y nunca tuve la oportunidad de verlos en vivo. Crec\u00ed con sus canciones y hoy, estar aqu\u00ed en el Z\u00f3calo, siento que el sue\u00f1o de mi ni\u00f1a interior finalmente se hace realidad\u201d, comparti\u00f3 Victoria, vecina de la alcald\u00eda Magdalena Contreras.<\/p>\n\n\n\n<p>La agrupaci\u00f3n chilena sorprendi\u00f3 a todas las personas que llegaron con antelaci\u00f3n. A las 16:00 horas \u201cMr. Guantecillo\u201d, \u201cNunca Me He Sacado un 7\u201d y \u201cMi Castillo de Blanca Arena Con Vista al Mar\u201d encendieron los motores de lo que ser\u00eda una velada maravillosa.<\/p>\n\n\n\n<p>&#8220;Hay veces que por cuestiones de tiempo o econ\u00f3micas no se puede ir a un concierto y, hoy, tener la oportunidad de venir a verlos junto a mi hija es algo inexplicable. Yo lo ve\u00eda cuando era joven y ahora lo har\u00e9 acompa\u00f1ado de mi ni\u00f1a que los ama&#8221;, comparti\u00f3 Xavier Ibarra, vecino de la alcald\u00eda Iztapalapa.<\/p>\n\n\n\n<figure class=\"wp-block-image size-large\"><img loading=\"lazy\" decoding=\"async\" width=\"1024\" height=\"682\" src=\"https:\/\/www.bitacoracdmx.com\/wp-content\/uploads\/2026\/05\/WhatsApp-Image-2026-04-30-at-10.17.02-PM-1024x682.jpeg\" alt=\"\" class=\"wp-image-63107\"\/><\/figure>\n\n\n\n<p>A las 19:00 horas, justo cuando el sol se desped\u00eda tras la Torre Latinoam\u00e9ricana, el escenario se encendi\u00f3 con los acordes del emblem\u00e1tico intro del programa. El grito fue un\u00edsono. La plaza dej\u00f3 de ser asfalto para convertirse en un &#8220;Mundo Interior&#8221; compartido.<\/p>\n\n\n\n<p>El espect\u00e1culo, centrado en una transmisi\u00f3n de emergencia donde Tulio deb\u00eda dar una noticia capaz de cambiarlo todo, despleg\u00f3 una narrativa que mezcl\u00f3 la s\u00e1tira informativa al ritmo de \u201cDesgracia Ajena\u201d con la vulnerabilidad humana. El repertorio fue un viaje por la memoria: desde el fren\u00e9tico &#8220;Rin Raja&#8221; y \u201cObjeci\u00f3n Denegada\u201d hasta el dilema existencial de &#8220;Tangananica, Tanganan\u00e1&#8221;, cada tema fue coreado con la fuerza de una generaci\u00f3n que aprendi\u00f3 a ver el mundo a trav\u00e9s de estos personajes.<\/p>\n\n\n\n<p>Las interpretaciones de \u201cSe\u00f1ora, Devu\u00e9lvame La Pelota\u201d, \u201cLa Se\u00f1ora Interesante\u201d y &#8220;Diente Blanco, No Te Vayas\u201d, esta \u00faltima en combinaci\u00f3n con \u201cQuerida\u201d canci\u00f3n emblem\u00e1tica de Juan Gabriel, provocaron una ovaci\u00f3n ensordecedora. El concierto ofreci\u00f3 una muestra ampl\u00eda de la discograf\u00eda del programa con temas como \u201cSon Pololos&#8221; y cl\u00e1sicos inmortales como &#8220;Mi mu\u00f1eca me habl\u00f3&#8221; y &#8220;El Dinosaurio Anacleto&#8221; resonaron en una plaza que no dej\u00f3 de moverse ni un instante.<\/p>\n\n\n\n<figure class=\"wp-block-image size-large\"><img loading=\"lazy\" decoding=\"async\" width=\"1024\" height=\"682\" src=\"https:\/\/www.bitacoracdmx.com\/wp-content\/uploads\/2026\/05\/WhatsApp-Image-2026-04-30-at-10.15.23-PM-1024x682.jpeg\" alt=\"\" class=\"wp-image-63104\"\/><\/figure>\n\n\n\n<p>El momento m\u00e1s emotivo lleg\u00f3 con la interpretaci\u00f3n de &#8220;Yo Nunca Vi Televisi\u00f3n&#8221;, la emoci\u00f3n desbord\u00f3 las vallas. Las y los adultos dejaron de ser acompa\u00f1antes para convertirse en parte del juego, cantando con la misma intensidad que las infancias, porque el &#8220;Equilibrio Espiritual&#8221; se encuentra en esos momentos de conexi\u00f3n.<\/p>\n\n\n\n<p>Al final, la gran noticia no fue un dato duro, sino que 31 minutos logr\u00f3 algo casi imposible: que, por un momento, m\u00e1s de 200 mil personas volvieran a mirar el mundo con los ojos de la infancia. Bajo el cielo estrellado, la Plaza de la Constituci\u00f3n se convirti\u00f3 en el patio de juegos m\u00e1s grande del continente, porque todo ni\u00f1o y ni\u00f1a tiene derecho a la diversi\u00f3n.<\/p>\n\n\n\n<p><a href=\"https:\/\/www.facebook.com\/hashtag\/diadelni%C3%B1o?__cft__[0]=AZa08Xb_VmL_iMSBhU5KOIkc1QergpbLnG7lkVp7Sw0HO4C_2t0f8morXz9uw1bAhK5ouZo9tcOMlvSxgo6RNYEUxuoJajUpl6sguJUL7bzSN-9y60vQK_06Ud6N3LSgPCOhScLWAQi9orgY6bgNTL6Owv0FUzSxRRD4W_Rqgr3LNalIlVE0QrWDctJLR4iAgGk&amp;__tn__=*NK-R\">#diadelni\u00f1o<\/a><\/p>\n\n\n\n<p><a href=\"https:\/\/www.facebook.com\/hashtag\/gobiernocdmx?__cft__[0]=AZa08Xb_VmL_iMSBhU5KOIkc1QergpbLnG7lkVp7Sw0HO4C_2t0f8morXz9uw1bAhK5ouZo9tcOMlvSxgo6RNYEUxuoJajUpl6sguJUL7bzSN-9y60vQK_06Ud6N3LSgPCOhScLWAQi9orgY6bgNTL6Owv0FUzSxRRD4W_Rqgr3LNalIlVE0QrWDctJLR4iAgGk&amp;__tn__=*NK-R\">#gobiernocdmx<\/a><\/p>\n\n\n\n<p><a href=\"https:\/\/www.facebook.com\/hashtag\/secretariadeculturacdmx?__cft__[0]=AZa08Xb_VmL_iMSBhU5KOIkc1QergpbLnG7lkVp7Sw0HO4C_2t0f8morXz9uw1bAhK5ouZo9tcOMlvSxgo6RNYEUxuoJajUpl6sguJUL7bzSN-9y60vQK_06Ud6N3LSgPCOhScLWAQi9orgY6bgNTL6Owv0FUzSxRRD4W_Rqgr3LNalIlVE0QrWDctJLR4iAgGk&amp;__tn__=*NK-R\">#secretariadeculturacdmx<\/a><\/p>\n\n\n\n<p><a href=\"https:\/\/www.facebook.com\/hashtag\/31minutos?__cft__[0]=AZa08Xb_VmL_iMSBhU5KOIkc1QergpbLnG7lkVp7Sw0HO4C_2t0f8morXz9uw1bAhK5ouZo9tcOMlvSxgo6RNYEUxuoJajUpl6sguJUL7bzSN-9y60vQK_06Ud6N3LSgPCOhScLWAQi9orgY6bgNTL6Owv0FUzSxRRD4W_Rqgr3LNalIlVE0QrWDctJLR4iAgGk&amp;__tn__=*NK-R\">#31minutos<\/a><\/p>\n\n\n\n<p><a href=\"https:\/\/www.facebook.com\/hashtag\/cdmx?__cft__[0]=AZa08Xb_VmL_iMSBhU5KOIkc1QergpbLnG7lkVp7Sw0HO4C_2t0f8morXz9uw1bAhK5ouZo9tcOMlvSxgo6RNYEUxuoJajUpl6sguJUL7bzSN-9y60vQK_06Ud6N3LSgPCOhScLWAQi9orgY6bgNTL6Owv0FUzSxRRD4W_Rqgr3LNalIlVE0QrWDctJLR4iAgGk&amp;__tn__=*NK-R\">#CDMX<\/a><\/p>\n\n\n\n<p><a href=\"https:\/\/www.facebook.com\/hashtag\/bitacoracdmx?__cft__[0]=AZa08Xb_VmL_iMSBhU5KOIkc1QergpbLnG7lkVp7Sw0HO4C_2t0f8morXz9uw1bAhK5ouZo9tcOMlvSxgo6RNYEUxuoJajUpl6sguJUL7bzSN-9y60vQK_06Ud6N3LSgPCOhScLWAQi9orgY6bgNTL6Owv0FUzSxRRD4W_Rqgr3LNalIlVE0QrWDctJLR4iAgGk&amp;__tn__=*NK-R\">#bitacoracdmx<\/a><\/p>\n\n\n\n<p><a href=\"https:\/\/www.facebook.com\/hashtag\/zocalocdmx?__cft__[0]=AZa08Xb_VmL_iMSBhU5KOIkc1QergpbLnG7lkVp7Sw0HO4C_2t0f8morXz9uw1bAhK5ouZo9tcOMlvSxgo6RNYEUxuoJajUpl6sguJUL7bzSN-9y60vQK_06Ud6N3LSgPCOhScLWAQi9orgY6bgNTL6Owv0FUzSxRRD4W_Rqgr3LNalIlVE0QrWDctJLR4iAgGk&amp;__tn__=*NK-R\">#zocalocdmx<\/a><\/p>\n\n\n\n<p><a href=\"https:\/\/www.facebook.com\/hashtag\/diadelasinfancias?__cft__[0]=AZa08Xb_VmL_iMSBhU5KOIkc1QergpbLnG7lkVp7Sw0HO4C_2t0f8morXz9uw1bAhK5ouZo9tcOMlvSxgo6RNYEUxuoJajUpl6sguJUL7bzSN-9y60vQK_06Ud6N3LSgPCOhScLWAQi9orgY6bgNTL6Owv0FUzSxRRD4W_Rqgr3LNalIlVE0QrWDctJLR4iAgGk&amp;__tn__=*NK-R\">#diadelasinfancias<\/a><\/p>\n\n\n\n<p><a href=\"https:\/\/www.facebook.com\/hashtag\/infanciasfelices?__cft__[0]=AZa08Xb_VmL_iMSBhU5KOIkc1QergpbLnG7lkVp7Sw0HO4C_2t0f8morXz9uw1bAhK5ouZo9tcOMlvSxgo6RNYEUxuoJajUpl6sguJUL7bzSN-9y60vQK_06Ud6N3LSgPCOhScLWAQi9orgY6bgNTL6Owv0FUzSxRRD4W_Rqgr3LNalIlVE0QrWDctJLR4iAgGk&amp;__tn__=*NK-R\">#infanciasfelices<\/a><\/p>\n\n\n\n<p><a href=\"https:\/\/www.facebook.com\/hashtag\/culturacdmx?__cft__[0]=AZa08Xb_VmL_iMSBhU5KOIkc1QergpbLnG7lkVp7Sw0HO4C_2t0f8morXz9uw1bAhK5ouZo9tcOMlvSxgo6RNYEUxuoJajUpl6sguJUL7bzSN-9y60vQK_06Ud6N3LSgPCOhScLWAQi9orgY6bgNTL6Owv0FUzSxRRD4W_Rqgr3LNalIlVE0QrWDctJLR4iAgGk&amp;__tn__=*NK-R\">#CulturaCDMX<\/a><\/p>\n\n\n\n<p><a href=\"https:\/\/www.facebook.com\/hashtag\/eventoscdmx?__cft__[0]=AZa08Xb_VmL_iMSBhU5KOIkc1QergpbLnG7lkVp7Sw0HO4C_2t0f8morXz9uw1bAhK5ouZo9tcOMlvSxgo6RNYEUxuoJajUpl6sguJUL7bzSN-9y60vQK_06Ud6N3LSgPCOhScLWAQi9orgY6bgNTL6Owv0FUzSxRRD4W_Rqgr3LNalIlVE0QrWDctJLR4iAgGk&amp;__tn__=*NK-R\">#EventosCDMX<\/a><\/p>\n\n\n\n<p><a href=\"https:\/\/www.facebook.com\/hashtag\/familia?__cft__[0]=AZa08Xb_VmL_iMSBhU5KOIkc1QergpbLnG7lkVp7Sw0HO4C_2t0f8morXz9uw1bAhK5ouZo9tcOMlvSxgo6RNYEUxuoJajUpl6sguJUL7bzSN-9y60vQK_06Ud6N3LSgPCOhScLWAQi9orgY6bgNTL6Owv0FUzSxRRD4W_Rqgr3LNalIlVE0QrWDctJLR4iAgGk&amp;__tn__=*NK-R\">#familia<\/a><\/p>\n\n\n\n<p><a href=\"https:\/\/www.facebook.com\/hashtag\/mexico?__cft__[0]=AZa08Xb_VmL_iMSBhU5KOIkc1QergpbLnG7lkVp7Sw0HO4C_2t0f8morXz9uw1bAhK5ouZo9tcOMlvSxgo6RNYEUxuoJajUpl6sguJUL7bzSN-9y60vQK_06Ud6N3LSgPCOhScLWAQi9orgY6bgNTL6Owv0FUzSxRRD4W_Rqgr3LNalIlVE0QrWDctJLR4iAgGk&amp;__tn__=*NK-R\">#mexico<\/a><\/p>\n","protected":false},"excerpt":{"rendered":"<p>REDACCI\u00d3N \u25cf M\u00e1s de 230 mil personas se dieron cita en el Z\u00f3calo capitalino para celebrar a las ni\u00f1as y ni\u00f1os con el espect\u00e1culo \u201cYo Nunca Vi Televisi\u00f3n\u201d \u25cf El concierto reuni\u00f3 a infancias, familias y generaciones enteras que corearon canciones como \u201cRin Raja\u201d, \u201cTangananica Tanganana\u201d, \u201cDoggy Style\u201d, \u201cObjeci\u00f3n Denegada\u201d, \u201cLa la\u201d y m\u00e1s Este jueves 30 de abril de 2026 se llev\u00f3 a cabo una jornada hist\u00f3rica por el D\u00eda de las Infancias, el coraz\u00f3n de la capital se transform\u00f3 en el estudio de noticias m\u00e1s grande del mundo para recibir el espect\u00e1culo&nbsp;&#8220;Yo nunca vi televisi\u00f3n&#8221;&nbsp;a cargo del programa [&hellip;]<\/p>\n","protected":false},"author":1,"featured_media":63102,"comment_status":"closed","ping_status":"closed","sticky":false,"template":"","format":"standard","meta":{"footnotes":""},"categories":[5,4,9],"tags":[],"_links":{"self":[{"href":"https:\/\/www.bitacoracdmx.com\/index.php?rest_route=\/wp\/v2\/posts\/63101"}],"collection":[{"href":"https:\/\/www.bitacoracdmx.com\/index.php?rest_route=\/wp\/v2\/posts"}],"about":[{"href":"https:\/\/www.bitacoracdmx.com\/index.php?rest_route=\/wp\/v2\/types\/post"}],"author":[{"embeddable":true,"href":"https:\/\/www.bitacoracdmx.com\/index.php?rest_route=\/wp\/v2\/users\/1"}],"replies":[{"embeddable":true,"href":"https:\/\/www.bitacoracdmx.com\/index.php?rest_route=%2Fwp%2Fv2%2Fcomments&post=63101"}],"version-history":[{"count":2,"href":"https:\/\/www.bitacoracdmx.com\/index.php?rest_route=\/wp\/v2\/posts\/63101\/revisions"}],"predecessor-version":[{"id":63108,"href":"https:\/\/www.bitacoracdmx.com\/index.php?rest_route=\/wp\/v2\/posts\/63101\/revisions\/63108"}],"wp:featuredmedia":[{"embeddable":true,"href":"https:\/\/www.bitacoracdmx.com\/index.php?rest_route=\/wp\/v2\/media\/63102"}],"wp:attachment":[{"href":"https:\/\/www.bitacoracdmx.com\/index.php?rest_route=%2Fwp%2Fv2%2Fmedia&parent=63101"}],"wp:term":[{"taxonomy":"category","embeddable":true,"href":"https:\/\/www.bitacoracdmx.com\/index.php?rest_route=%2Fwp%2Fv2%2Fcategories&post=63101"},{"taxonomy":"post_tag","embeddable":true,"href":"https:\/\/www.bitacoracdmx.com\/index.php?rest_route=%2Fwp%2Fv2%2Ftags&post=63101"}],"curies":[{"name":"wp","href":"https:\/\/api.w.org\/{rel}","templated":true}]}}