{"id":63112,"date":"2026-05-01T22:39:38","date_gmt":"2026-05-01T22:39:38","guid":{"rendered":"https:\/\/www.bitacoracdmx.com\/?p=63112"},"modified":"2026-05-01T22:39:39","modified_gmt":"2026-05-01T22:39:39","slug":"time-warp-uno-de-los-festivales-de-underground-mas-importantes-del-mundo-llega-a-mexico-por-primera-vez","status":"publish","type":"post","link":"https:\/\/www.bitacoracdmx.com\/?p=63112","title":{"rendered":"TIME WARP: \u00a1UNO DE LOS FESTIVALES DE UNDERGROUND M\u00c1S IMPORTANTES DEL MUNDO LLEGA A M\u00c9XICO POR PRIMERA VEZ!"},"content":{"rendered":"\n<p><\/p>\n\n\n\n<p>REDACCI\u00d3N<\/p>\n\n\n\n<p><strong>20 y 21 DE NOVIEMBRE \u2013 EXPO SANTA FE&nbsp;<br>PREVENTA BANAMEX: 7 DE MAYO, 11:00 A.M.<\/strong><\/p>\n\n\n\n<p>La espera termin\u00f3. Time Warp, el festival que ha marcado el pulso de la m\u00fasica electr\u00f3nica global durante m\u00e1s de tres d\u00e9cadas, aterriza por primera vez en M\u00e9xico, escribiendo un nuevo cap\u00edtulo en la historia de la cultura techno internacional. Nacido en Alemania en 1994, Time Warp no es s\u00f3lo un festival: es una experiencia sensorial, un ritual colectivo y un punto de encuentro para miles de amantes de la m\u00fasica electr\u00f3nica provenientes de todo el mundo. Hoy, ese legado cruza fronteras y llega a suelo mexicano, listo para transformar la noche en algo eterno.<\/p>\n\n\n\n<p>Reconocido mundialmente por su extraordinaria producci\u00f3n, Time Warp ofrece maratones musicales, m\u00faltiples escenarios con identidades \u00fanicas y un despliegue de luces, visuales y sonido de \u00faltima generaci\u00f3n que envuelven al p\u00fablico desde el primer beat hasta el amanecer.<\/p>\n\n\n\n<p>El esp\u00edritu de Time Warp vive en el techno, pero su propuesta musical va mucho m\u00e1s all\u00e1. El festival re\u00fane lo mejor del techno cl\u00e1sico y contempor\u00e1neo, hard techno, minimal y techno experimental, house y tech house underground. Una curadur\u00eda exquisita que conecta generaciones, estilos y corrientes, manteni\u00e9ndose siempre fiel a la esencia rave. Cada edici\u00f3n es dise\u00f1ada como un universo propio: arquitectura ef\u00edmera, conceptos art\u00edsticos inmersivos y una pista de baile que se convierte en el coraz\u00f3n palpitante de la escena electr\u00f3nica global.<\/p>\n\n\n\n<p>Time Warp es sin\u00f3nimo de excelencia art\u00edstica. A lo largo de su historia ha sido hogar de aut\u00e9nticos iconos de la m\u00fasica electr\u00f3nica, as\u00ed como plataforma clave para las nuevas generaciones que est\u00e1n redefiniendo la escena. El p\u00fablico puede esperar sets legendarios, presentaciones extendidas y colaboraciones exclusivas, creadas especialmente para la experiencia de este festival.<\/p>\n\n\n\n<p><strong>TIME WARP EN M\u00c9XICO<\/strong><br>La llegada de Time Warp a nuestro pa\u00eds representa un momento hist\u00f3rico para la escena electr\u00f3nica nacional. Por primera vez, el p\u00fablico mexicano podr\u00e1 vivir de manera directa uno de los festivales m\u00e1s influyentes del planeta, colocando al pa\u00eds en el radar principal del circuito internacional del techno. Esta edici\u00f3n no solo celebra a una comunidad vibrante, apasionada y lista para bailar sin l\u00edmites.<\/p>\n\n\n\n<p>Despu\u00e9s de conquistar ciudades como Mannheim, Nueva York, Miami, S\u00e3o Paulo y Madrid, Time Warp llega por primera vez a M\u00e9xico para ofrecer una experiencia que promete quedarse grabada en la memoria colectiva.<\/p>\n\n\n\n<p>Aprovecha la Preventa con pre-registro<a href=\"https:\/\/www.time-warp.de\/mexico\/mxcity\/\">\u00a0<\/a>del 4 al 8 de mayo y posteriormente, de la Preventa Banamex el 7 de mayo a trav\u00e9s de Ticketmaster. La Venta General se podr\u00e1 disfrutar a partir del 11 de mayo.<\/p>\n\n\n\n<p><a href=\"https:\/\/www.facebook.com\/hashtag\/timewarp?__cft__[0]=AZZBAC8I0W_B_ok-WUMgDpzPZ755CpV4MxANPyYNflT4TJrnkcnnS_edDbILkxmtWOjgCD5WDIsSOSmf-_tOb-iyZeRcHPwvVKCSeV-pglV0zyOeBdHOPdRVx6E5ufzYkNSJb05nEuz2EvzyBoq2Npk5&amp;__tn__=*NK-R\">#timewarp<\/a><\/p>\n\n\n\n<p><a href=\"https:\/\/www.facebook.com\/hashtag\/exposantafe?__cft__[0]=AZZBAC8I0W_B_ok-WUMgDpzPZ755CpV4MxANPyYNflT4TJrnkcnnS_edDbILkxmtWOjgCD5WDIsSOSmf-_tOb-iyZeRcHPwvVKCSeV-pglV0zyOeBdHOPdRVx6E5ufzYkNSJb05nEuz2EvzyBoq2Npk5&amp;__tn__=*NK-R\">#ExpoSantaFe<\/a><\/p>\n\n\n\n<p><a href=\"https:\/\/www.facebook.com\/hashtag\/ocesa?__cft__[0]=AZZBAC8I0W_B_ok-WUMgDpzPZ755CpV4MxANPyYNflT4TJrnkcnnS_edDbILkxmtWOjgCD5WDIsSOSmf-_tOb-iyZeRcHPwvVKCSeV-pglV0zyOeBdHOPdRVx6E5ufzYkNSJb05nEuz2EvzyBoq2Npk5&amp;__tn__=*NK-R\">#OCESA<\/a><\/p>\n\n\n\n<p><a href=\"https:\/\/www.facebook.com\/hashtag\/ticketmaster?__cft__[0]=AZZBAC8I0W_B_ok-WUMgDpzPZ755CpV4MxANPyYNflT4TJrnkcnnS_edDbILkxmtWOjgCD5WDIsSOSmf-_tOb-iyZeRcHPwvVKCSeV-pglV0zyOeBdHOPdRVx6E5ufzYkNSJb05nEuz2EvzyBoq2Npk5&amp;__tn__=*NK-R\">#ticketmaster<\/a><\/p>\n\n\n\n<p><a href=\"https:\/\/www.facebook.com\/hashtag\/cdmx?__cft__[0]=AZZBAC8I0W_B_ok-WUMgDpzPZ755CpV4MxANPyYNflT4TJrnkcnnS_edDbILkxmtWOjgCD5WDIsSOSmf-_tOb-iyZeRcHPwvVKCSeV-pglV0zyOeBdHOPdRVx6E5ufzYkNSJb05nEuz2EvzyBoq2Npk5&amp;__tn__=*NK-R\">#CDMX<\/a><\/p>\n\n\n\n<p><a href=\"https:\/\/www.facebook.com\/hashtag\/bitacoracdmx?__cft__[0]=AZZBAC8I0W_B_ok-WUMgDpzPZ755CpV4MxANPyYNflT4TJrnkcnnS_edDbILkxmtWOjgCD5WDIsSOSmf-_tOb-iyZeRcHPwvVKCSeV-pglV0zyOeBdHOPdRVx6E5ufzYkNSJb05nEuz2EvzyBoq2Npk5&amp;__tn__=*NK-R\">#bitacoracdmx<\/a><\/p>\n","protected":false},"excerpt":{"rendered":"<p>REDACCI\u00d3N 20 y 21 DE NOVIEMBRE \u2013 EXPO SANTA FE&nbsp;PREVENTA BANAMEX: 7 DE MAYO, 11:00 A.M. La espera termin\u00f3. Time Warp, el festival que ha marcado el pulso de la m\u00fasica electr\u00f3nica global durante m\u00e1s de tres d\u00e9cadas, aterriza por primera vez en M\u00e9xico, escribiendo un nuevo cap\u00edtulo en la historia de la cultura techno internacional. Nacido en Alemania en 1994, Time Warp no es s\u00f3lo un festival: es una experiencia sensorial, un ritual colectivo y un punto de encuentro para miles de amantes de la m\u00fasica electr\u00f3nica provenientes de todo el mundo. Hoy, ese legado cruza fronteras y llega [&hellip;]<\/p>\n","protected":false},"author":1,"featured_media":63113,"comment_status":"closed","ping_status":"closed","sticky":false,"template":"","format":"standard","meta":{"footnotes":""},"categories":[9,11],"tags":[],"_links":{"self":[{"href":"https:\/\/www.bitacoracdmx.com\/index.php?rest_route=\/wp\/v2\/posts\/63112"}],"collection":[{"href":"https:\/\/www.bitacoracdmx.com\/index.php?rest_route=\/wp\/v2\/posts"}],"about":[{"href":"https:\/\/www.bitacoracdmx.com\/index.php?rest_route=\/wp\/v2\/types\/post"}],"author":[{"embeddable":true,"href":"https:\/\/www.bitacoracdmx.com\/index.php?rest_route=\/wp\/v2\/users\/1"}],"replies":[{"embeddable":true,"href":"https:\/\/www.bitacoracdmx.com\/index.php?rest_route=%2Fwp%2Fv2%2Fcomments&post=63112"}],"version-history":[{"count":1,"href":"https:\/\/www.bitacoracdmx.com\/index.php?rest_route=\/wp\/v2\/posts\/63112\/revisions"}],"predecessor-version":[{"id":63114,"href":"https:\/\/www.bitacoracdmx.com\/index.php?rest_route=\/wp\/v2\/posts\/63112\/revisions\/63114"}],"wp:featuredmedia":[{"embeddable":true,"href":"https:\/\/www.bitacoracdmx.com\/index.php?rest_route=\/wp\/v2\/media\/63113"}],"wp:attachment":[{"href":"https:\/\/www.bitacoracdmx.com\/index.php?rest_route=%2Fwp%2Fv2%2Fmedia&parent=63112"}],"wp:term":[{"taxonomy":"category","embeddable":true,"href":"https:\/\/www.bitacoracdmx.com\/index.php?rest_route=%2Fwp%2Fv2%2Fcategories&post=63112"},{"taxonomy":"post_tag","embeddable":true,"href":"https:\/\/www.bitacoracdmx.com\/index.php?rest_route=%2Fwp%2Fv2%2Ftags&post=63112"}],"curies":[{"name":"wp","href":"https:\/\/api.w.org\/{rel}","templated":true}]}}