{"id":63120,"date":"2026-05-01T23:31:13","date_gmt":"2026-05-01T23:31:13","guid":{"rendered":"https:\/\/www.bitacoracdmx.com\/?p=63120"},"modified":"2026-05-01T23:31:15","modified_gmt":"2026-05-01T23:31:15","slug":"usted-senalemelo-anuncio-su-regreso-a-los-escenarios-mexicanos-este-28-de-mayo-en-el-lunario-del-auditorio-nacional","status":"publish","type":"post","link":"https:\/\/www.bitacoracdmx.com\/?p=63120","title":{"rendered":"Usted Se\u00f1\u00e1lemelo anunci\u00f3 su regreso a los escenarios mexicanos este 28 de mayo en el Lunario del Auditorio Nacional"},"content":{"rendered":"\n<p><\/p>\n\n\n\n<p>Por: Cristy Padr\u00f3n<\/p>\n\n\n\n<p>La banda argentina Usted Se\u00f1\u00e1lemelo anunci\u00f3 su esperado regreso a M\u00e9xico con una serie de presentaciones que prometen reafirmar su conexi\u00f3n con el p\u00fablico nacional. Como parte de su gira \u201cT\u00e9rminos &amp; Condiciones\u201d, el grupo se presentar\u00e1 el pr\u00f3ximo 28 de mayo de 2026 en el Lunario del Auditorio Nacional a las 20:30 horas, uno de los recintos m\u00e1s \u00edntimos y emblem\u00e1ticos de la capital.<\/p>\n\n\n\n<p>El tour llega en un momento clave para la agrupaci\u00f3n, que ha logrado consolidar un sonido fresco dentro del rock alternativo latinoamericano, combinando guitarras envolventes, letras introspectivas y una propuesta esc\u00e9nica directa que ha conquistado a nuevas generaciones. Su m\u00e1s reciente material, \u201cT\u00e9rminos &amp; Condiciones\u201d, refleja una evoluci\u00f3n sonora que mantiene la esencia del proyecto, pero apuesta por una mayor experimentaci\u00f3n musical.<\/p>\n\n\n\n<p>Adem\u00e1s de su presentaci\u00f3n en la Ciudad de M\u00e9xico, la banda tambi\u00e9n confirm\u00f3 una fecha en Monterrey el pr\u00f3ximo 4 de junio, donde se presentar\u00e1n en el Foro Corona, ampliando as\u00ed su gira por territorio mexicano.<\/p>\n\n\n\n<figure class=\"wp-block-image size-full is-resized\"><img loading=\"lazy\" decoding=\"async\" width=\"739\" height=\"413\" src=\"https:\/\/www.bitacoracdmx.com\/wp-content\/uploads\/2026\/05\/WhatsApp-Image-2026-05-01-at-3.13.46-PM.jpg\" alt=\"\" class=\"wp-image-63122\" style=\"width:850px;height:auto\"\/><\/figure>\n\n\n\n<p>Los boletos para ambos conciertos ya se encuentran disponibles a trav\u00e9s de Ticketmaster M\u00e9xico, y se espera una alta demanda debido al creciente reconocimiento del grupo en la escena indie internacional.<\/p>\n\n\n\n<p>Con esta gira, Usted Se\u00f1\u00e1lemelo reafirma su lugar como una de las propuestas m\u00e1s s\u00f3lidas del rock contempor\u00e1neo en espa\u00f1ol, ofreciendo shows cargados de energ\u00eda, identidad y una propuesta musical en constante evoluci\u00f3n.<\/p>\n\n\n\n<p><a href=\"https:\/\/www.facebook.com\/hashtag\/ustedse%C3%B1%C3%A1lemelo?__cft__[0]=AZbBS9yJFKOKrrb04Q8f4imcPss0T8j6aelChRSg_bMOUfG48RV2TFARqqp2mQ8QAdTB177-edROkCxLUOKAcO-yGNoHa-7cninRgb5Vt-ovbb-xZT_Ql2PzbHNij25hwIMXXT6g5ewZJtMo1rgOxpG3&amp;__tn__=*NK-R\">#UstedSe\u00f1\u00e1lemelo<\/a><\/p>\n\n\n\n<p><a href=\"https:\/\/www.facebook.com\/hashtag\/terminosycondiciones?__cft__[0]=AZbBS9yJFKOKrrb04Q8f4imcPss0T8j6aelChRSg_bMOUfG48RV2TFARqqp2mQ8QAdTB177-edROkCxLUOKAcO-yGNoHa-7cninRgb5Vt-ovbb-xZT_Ql2PzbHNij25hwIMXXT6g5ewZJtMo1rgOxpG3&amp;__tn__=*NK-R\">#terminosycondiciones<\/a><\/p>\n\n\n\n<p><a href=\"https:\/\/www.facebook.com\/hashtag\/lunariodelauditorionacional?__cft__[0]=AZbBS9yJFKOKrrb04Q8f4imcPss0T8j6aelChRSg_bMOUfG48RV2TFARqqp2mQ8QAdTB177-edROkCxLUOKAcO-yGNoHa-7cninRgb5Vt-ovbb-xZT_Ql2PzbHNij25hwIMXXT6g5ewZJtMo1rgOxpG3&amp;__tn__=*NK-R\">#lunariodelauditorionacional<\/a><\/p>\n\n\n\n<p><a href=\"https:\/\/www.facebook.com\/hashtag\/ocesa?__cft__[0]=AZbBS9yJFKOKrrb04Q8f4imcPss0T8j6aelChRSg_bMOUfG48RV2TFARqqp2mQ8QAdTB177-edROkCxLUOKAcO-yGNoHa-7cninRgb5Vt-ovbb-xZT_Ql2PzbHNij25hwIMXXT6g5ewZJtMo1rgOxpG3&amp;__tn__=*NK-R\">#OCESA<\/a><\/p>\n\n\n\n<p><a href=\"https:\/\/www.facebook.com\/hashtag\/ticketmaster?__cft__[0]=AZbBS9yJFKOKrrb04Q8f4imcPss0T8j6aelChRSg_bMOUfG48RV2TFARqqp2mQ8QAdTB177-edROkCxLUOKAcO-yGNoHa-7cninRgb5Vt-ovbb-xZT_Ql2PzbHNij25hwIMXXT6g5ewZJtMo1rgOxpG3&amp;__tn__=*NK-R\">#ticketmaster<\/a><\/p>\n\n\n\n<p><a href=\"https:\/\/www.facebook.com\/hashtag\/conciertoscdmx?__cft__[0]=AZbBS9yJFKOKrrb04Q8f4imcPss0T8j6aelChRSg_bMOUfG48RV2TFARqqp2mQ8QAdTB177-edROkCxLUOKAcO-yGNoHa-7cninRgb5Vt-ovbb-xZT_Ql2PzbHNij25hwIMXXT6g5ewZJtMo1rgOxpG3&amp;__tn__=*NK-R\">#conciertoscdmx<\/a><\/p>\n\n\n\n<p><a href=\"https:\/\/www.facebook.com\/hashtag\/rockalternativo?__cft__[0]=AZbBS9yJFKOKrrb04Q8f4imcPss0T8j6aelChRSg_bMOUfG48RV2TFARqqp2mQ8QAdTB177-edROkCxLUOKAcO-yGNoHa-7cninRgb5Vt-ovbb-xZT_Ql2PzbHNij25hwIMXXT6g5ewZJtMo1rgOxpG3&amp;__tn__=*NK-R\">#rockalternativo<\/a><\/p>\n\n\n\n<p><a href=\"https:\/\/www.facebook.com\/hashtag\/lunario?__cft__[0]=AZbBS9yJFKOKrrb04Q8f4imcPss0T8j6aelChRSg_bMOUfG48RV2TFARqqp2mQ8QAdTB177-edROkCxLUOKAcO-yGNoHa-7cninRgb5Vt-ovbb-xZT_Ql2PzbHNij25hwIMXXT6g5ewZJtMo1rgOxpG3&amp;__tn__=*NK-R\">#lunario<\/a><\/p>\n\n\n\n<p><a href=\"https:\/\/www.facebook.com\/hashtag\/monterrey?__cft__[0]=AZbBS9yJFKOKrrb04Q8f4imcPss0T8j6aelChRSg_bMOUfG48RV2TFARqqp2mQ8QAdTB177-edROkCxLUOKAcO-yGNoHa-7cninRgb5Vt-ovbb-xZT_Ql2PzbHNij25hwIMXXT6g5ewZJtMo1rgOxpG3&amp;__tn__=*NK-R\">#monterrey<\/a><\/p>\n\n\n\n<p><a href=\"https:\/\/www.facebook.com\/hashtag\/musicaenvivo?__cft__[0]=AZbBS9yJFKOKrrb04Q8f4imcPss0T8j6aelChRSg_bMOUfG48RV2TFARqqp2mQ8QAdTB177-edROkCxLUOKAcO-yGNoHa-7cninRgb5Vt-ovbb-xZT_Ql2PzbHNij25hwIMXXT6g5ewZJtMo1rgOxpG3&amp;__tn__=*NK-R\">#musicaenvivo<\/a><\/p>\n\n\n\n<p><a href=\"https:\/\/www.facebook.com\/hashtag\/indielatino?__cft__[0]=AZbBS9yJFKOKrrb04Q8f4imcPss0T8j6aelChRSg_bMOUfG48RV2TFARqqp2mQ8QAdTB177-edROkCxLUOKAcO-yGNoHa-7cninRgb5Vt-ovbb-xZT_Ql2PzbHNij25hwIMXXT6g5ewZJtMo1rgOxpG3&amp;__tn__=*NK-R\">#indielatino<\/a><\/p>\n\n\n\n<p><a href=\"https:\/\/www.facebook.com\/hashtag\/ticketmasterm%C3%A9xico?__cft__[0]=AZbBS9yJFKOKrrb04Q8f4imcPss0T8j6aelChRSg_bMOUfG48RV2TFARqqp2mQ8QAdTB177-edROkCxLUOKAcO-yGNoHa-7cninRgb5Vt-ovbb-xZT_Ql2PzbHNij25hwIMXXT6g5ewZJtMo1rgOxpG3&amp;__tn__=*NK-R\">#TicketmasterM\u00e9xico<\/a><\/p>\n\n\n\n<p><a href=\"https:\/\/www.facebook.com\/hashtag\/bitacoracdmx?__cft__[0]=AZbBS9yJFKOKrrb04Q8f4imcPss0T8j6aelChRSg_bMOUfG48RV2TFARqqp2mQ8QAdTB177-edROkCxLUOKAcO-yGNoHa-7cninRgb5Vt-ovbb-xZT_Ql2PzbHNij25hwIMXXT6g5ewZJtMo1rgOxpG3&amp;__tn__=*NK-R\">#bitacoracdmx<\/a><\/p>\n","protected":false},"excerpt":{"rendered":"<p>Por: Cristy Padr\u00f3n La banda argentina Usted Se\u00f1\u00e1lemelo anunci\u00f3 su esperado regreso a M\u00e9xico con una serie de presentaciones que prometen reafirmar su conexi\u00f3n con el p\u00fablico nacional. Como parte de su gira \u201cT\u00e9rminos &amp; Condiciones\u201d, el grupo se presentar\u00e1 el pr\u00f3ximo 28 de mayo de 2026 en el Lunario del Auditorio Nacional a las 20:30 horas, uno de los recintos m\u00e1s \u00edntimos y emblem\u00e1ticos de la capital. El tour llega en un momento clave para la agrupaci\u00f3n, que ha logrado consolidar un sonido fresco dentro del rock alternativo latinoamericano, combinando guitarras envolventes, letras introspectivas y una propuesta esc\u00e9nica directa [&hellip;]<\/p>\n","protected":false},"author":1,"featured_media":63121,"comment_status":"closed","ping_status":"closed","sticky":false,"template":"","format":"standard","meta":{"footnotes":""},"categories":[9,11],"tags":[],"_links":{"self":[{"href":"https:\/\/www.bitacoracdmx.com\/index.php?rest_route=\/wp\/v2\/posts\/63120"}],"collection":[{"href":"https:\/\/www.bitacoracdmx.com\/index.php?rest_route=\/wp\/v2\/posts"}],"about":[{"href":"https:\/\/www.bitacoracdmx.com\/index.php?rest_route=\/wp\/v2\/types\/post"}],"author":[{"embeddable":true,"href":"https:\/\/www.bitacoracdmx.com\/index.php?rest_route=\/wp\/v2\/users\/1"}],"replies":[{"embeddable":true,"href":"https:\/\/www.bitacoracdmx.com\/index.php?rest_route=%2Fwp%2Fv2%2Fcomments&post=63120"}],"version-history":[{"count":1,"href":"https:\/\/www.bitacoracdmx.com\/index.php?rest_route=\/wp\/v2\/posts\/63120\/revisions"}],"predecessor-version":[{"id":63123,"href":"https:\/\/www.bitacoracdmx.com\/index.php?rest_route=\/wp\/v2\/posts\/63120\/revisions\/63123"}],"wp:featuredmedia":[{"embeddable":true,"href":"https:\/\/www.bitacoracdmx.com\/index.php?rest_route=\/wp\/v2\/media\/63121"}],"wp:attachment":[{"href":"https:\/\/www.bitacoracdmx.com\/index.php?rest_route=%2Fwp%2Fv2%2Fmedia&parent=63120"}],"wp:term":[{"taxonomy":"category","embeddable":true,"href":"https:\/\/www.bitacoracdmx.com\/index.php?rest_route=%2Fwp%2Fv2%2Fcategories&post=63120"},{"taxonomy":"post_tag","embeddable":true,"href":"https:\/\/www.bitacoracdmx.com\/index.php?rest_route=%2Fwp%2Fv2%2Ftags&post=63120"}],"curies":[{"name":"wp","href":"https:\/\/api.w.org\/{rel}","templated":true}]}}